{"id":1257,"date":"2021-10-30T15:39:01","date_gmt":"2021-10-30T13:39:01","guid":{"rendered":"http:\/\/www.kananas.com\/aerospatialeapres\/?p=1257"},"modified":"2021-10-30T15:39:01","modified_gmt":"2021-10-30T13:39:01","slug":"mardi-30-novembre-balade-touristique-et-dejeuner-a-montmartre","status":"publish","type":"post","link":"https:\/\/www.kananas.com\/aerospatialeapres\/2021\/10\/30\/mardi-30-novembre-balade-touristique-et-dejeuner-a-montmartre\/","title":{"rendered":"Mardi 30 Novembre : Balade touristique et d\u00e9jeuner \u00e0 Montmartre"},"content":{"rendered":"<p>&nbsp;<\/p>\n<p style=\"text-align: justify\"><img loading=\"lazy\" decoding=\"async\" class=\" wp-image-1258 alignleft\" src=\"http:\/\/www.kananas.com\/aerospatialeapres\/wp-content\/uploads\/sites\/236\/2021\/10\/Montmartre-2-300x200.jpg\" alt=\"\" width=\"323\" height=\"215\" srcset=\"https:\/\/www.kananas.com\/aerospatialeapres\/wp-content\/uploads\/sites\/236\/2021\/10\/Montmartre-2-300x200.jpg 300w, https:\/\/www.kananas.com\/aerospatialeapres\/wp-content\/uploads\/sites\/236\/2021\/10\/Montmartre-2.jpg 560w\" sizes=\"auto, (max-width: 323px) 100vw, 323px\" \/>Montmartre; Mont de Mars et Mont des Martyrs dans l\u2019antiquit\u00e9. Rest\u00e9 tr\u00e8s longtemps un village hors de Paris, Montmartre \u00e9tait un paisible faubourg o\u00f9 les principales activit\u00e9s \u00e9taient l\u2019exploitation des carri\u00e8res de gypse et la culture de la vigne. Lieu d\u2019un \u00e9pisode d\u00e9clencheur de la Commune de Paris, il fut ensuite le refuge de nombreux peintres et artistes et actuellement un site incontournable du tourisme Parisien. Un Montmartre que nous d\u00e9couvrirons ensemble.<\/p>\n<p style=\"text-align: center\"><em><strong>Mardi\u00a0 30 novembre 2021<\/strong><\/em><\/p>\n<p style=\"text-align: center\"><em><b>Balade touristique au <\/b><span style=\"color: #000000\"><b>c\u0153ur<\/b><\/span><b> de Montmartre<\/b><\/em><\/p>\n<p>\u2022 <strong><em><span style=\"color: #ff0000\">Rendez vous: 10h00-10h15 pr\u00e9cises place Blanche devant le Moulin Rouge<\/span><\/em><\/strong><br \/>\n\u2022 10h30 : D\u00e9part du petit train de Montmartre.<br \/>\n\u2022 11h00-12h00 : Randonn\u00e9e ap\u00e9ritive.<br \/>\n\u2022 12h00 : Restaurant \u00ab\u00a0Chez Eug\u00e8ne\u00a0\u00bb Place du Tertre.<br \/>\n\u2022 14h30-15h00 : D\u00e9part randonn\u00e9e digestive : 16h30 : Fin de la randonn\u00e9e.<\/p>\n<p style=\"text-align: justify\">Au d\u00e9part de la Place Blanche devant le Moulin Rouge, nous vous invitons \u00e0 une promenade touristique dans Montmartre que nous rejoindrons avec le petit train de Montmartre, qui nous am\u00e8nera sans effort sur la Butte. Apr\u00e8s une courte randonn\u00e9e ap\u00e9ritive autour du Sacr\u00e9 C\u0153ur, nous d\u00e9jeunerons \u00ab\u00a0Chez Eug\u00e8ne\u00a0\u00bb sur la place du Tertre parmi les peintres. Ensuite, au cours d\u2019une randonn\u00e9e digestive enti\u00e8rement en descente, nous arpenterons les rues et squares \u00e0 la d\u00e9couverte des principaux lieux mythiques de la Butte.<br \/>\nSous la b\u00e9n\u00e9diction de L&rsquo;\u00e9glise Saint-Pierre de Montmartre d\u00e9part de la randonn\u00e9e. Nous atteindrons facilement la Maison Rose, le Lapin Agile et \u00ab Lolo \u00bb son \u00e2ne peintre, les vignes de Montmartre et son clos. Une fois pass\u00e9e la place Dalida, nous perdrons la t\u00eate avec St Denis et tenterons d\u2019\u00e9chapper \u00e0 la muraille avec le Passe-muraille. Quelques rues apr\u00e8s le moulin de la Galette, Picasso et ses \u00ab Demoiselles d\u2019Avignon \u00bb nous accueilleront au Bateau-lavoir et Am\u00e9lie Poulain au coin d\u2019une \u00e9picerie nous fera un petit clin d\u2019\u0153il. Apr\u00e8s la Place des Abbesses et son mur des \u00ab Je T\u2019aime \u00bb nous terminerons la visite au pied de la Butte en nous dirigeant vers l\u2019Elys\u00e9es-Montmartre au m\u00e9tro Anvers.<br \/>\nPour ceux ou celles qui auraient rat\u00e9s le petit train, rendez vous place du Tertre \u00e0 11h00. Autres acc\u00e8s par bus 40 au d\u00e9part place Pigalle (M\u00e9tros Pigalle ligne 2 ET 12) ou Funiculaire de Montmartre place St Pierre (M\u00e9tro Anvers ligne 2). Pour ceux ou celles qui iront uniquement au restaurant, rendez vous \u00ab Chez Eug\u00e9ne \u00bb \u00e0 12h00.<\/p>\n<p><em><strong>Prix par personne : <\/strong><\/em>La participation au restaurant est de <em><strong>20\u20ac<\/strong><\/em> par membre, <em><strong>54\u20ac<\/strong><\/em> par invit\u00e9<\/p>\n<p style=\"text-align: justify\"><em><strong>Pour vous inscrire : <\/strong><\/em>Envoyer avant le\u00a0<em><strong>22 novembre<\/strong><\/em> le bulletin d&rsquo;inscription que vous avez re\u00e7u accompagn\u00e9 de votre r\u00e8glement par ch\u00e8que \u00e0 l&rsquo;ordre d&rsquo;A\u00e9rospatiale A.P.R.E.S \u00e0 l&rsquo;adresse :\u00a0 \u00a0 \u00a0Hotel de Ville &#8211; Association AEROSPATIALE\u00a0 APRES\u00a0 \u00a0 2 rue Carnot\u00a0 92150 Suresnes<\/p>\n<p style=\"text-align: center\"><em><strong>Important Covid 19 : le passe sanitaire est obligatoire<\/strong><\/em><\/p>\n<p style=\"text-align: justify\"><em><strong><span style=\"color: #000000\">Rendez-vous :\u00a0<\/span><\/strong><span style=\"color: #000000\"><strong>mardi 30 novembre \u00e0 10h15 au plus tard <\/strong><\/span><span style=\"color: #000000\"><strong>Place Blanche devant Le Moulin Rouge\u00a0 <\/strong><\/span><\/em><span style=\"color: #000000\">&#8211; m\u00e9tro Place Blanche ligne 2 ou Bus 30<\/span><\/p>\n<p><em><strong>Contacts :\u00a0<\/strong><\/em><em>Jean Lentignac &#8211; Marie Claude Gonnella &#8211; Michel David<\/em><\/p>\n<p style=\"text-align: center\"><em><strong>\u2666 Le retour du bulletin nous est indispensable pour effectuer la r\u00e9servation \u2666<\/strong><\/em><\/p>\n","protected":false},"excerpt":{"rendered":"<p>&nbsp; Montmartre; Mont de Mars et Mont des Martyrs dans l\u2019antiquit\u00e9. Rest\u00e9 tr\u00e8s longtemps un village hors de Paris, Montmartre \u00e9tait un paisible faubourg o\u00f9 les principales activit\u00e9s \u00e9taient l\u2019exploitation des carri\u00e8res de gypse et la culture de la vigne. Lieu d\u2019un \u00e9pisode d\u00e9clencheur de la Commune de Paris, il fut ensuite le refuge de &hellip; <\/p>\n<p><a class=\"more-link btn\" href=\"https:\/\/www.kananas.com\/aerospatialeapres\/2021\/10\/30\/mardi-30-novembre-balade-touristique-et-dejeuner-a-montmartre\/\">Lire la suite<\/a><\/p>\n","protected":false},"author":243,"featured_media":0,"comment_status":"open","ping_status":"open","sticky":false,"template":"","format":"standard","meta":{"_crdt_document":"","footnotes":""},"categories":[5],"tags":[],"class_list":["post-1257","post","type-post","status-publish","format-standard","hentry","category-commission-loisirs-nature","item-wrap"],"_links":{"self":[{"href":"https:\/\/www.kananas.com\/aerospatialeapres\/wp-json\/wp\/v2\/posts\/1257","targetHints":{"allow":["GET"]}}],"collection":[{"href":"https:\/\/www.kananas.com\/aerospatialeapres\/wp-json\/wp\/v2\/posts"}],"about":[{"href":"https:\/\/www.kananas.com\/aerospatialeapres\/wp-json\/wp\/v2\/types\/post"}],"author":[{"embeddable":true,"href":"https:\/\/www.kananas.com\/aerospatialeapres\/wp-json\/wp\/v2\/users\/243"}],"replies":[{"embeddable":true,"href":"https:\/\/www.kananas.com\/aerospatialeapres\/wp-json\/wp\/v2\/comments?post=1257"}],"version-history":[{"count":2,"href":"https:\/\/www.kananas.com\/aerospatialeapres\/wp-json\/wp\/v2\/posts\/1257\/revisions"}],"predecessor-version":[{"id":1260,"href":"https:\/\/www.kananas.com\/aerospatialeapres\/wp-json\/wp\/v2\/posts\/1257\/revisions\/1260"}],"wp:attachment":[{"href":"https:\/\/www.kananas.com\/aerospatialeapres\/wp-json\/wp\/v2\/media?parent=1257"}],"wp:term":[{"taxonomy":"category","embeddable":true,"href":"https:\/\/www.kananas.com\/aerospatialeapres\/wp-json\/wp\/v2\/categories?post=1257"},{"taxonomy":"post_tag","embeddable":true,"href":"https:\/\/www.kananas.com\/aerospatialeapres\/wp-json\/wp\/v2\/tags?post=1257"}],"curies":[{"name":"wp","href":"https:\/\/api.w.org\/{rel}","templated":true}]}}