{"id":1261,"date":"2021-10-25T11:27:47","date_gmt":"2021-10-25T09:27:47","guid":{"rendered":"http:\/\/www.kananas.com\/aerospatialeapres\/?p=1261"},"modified":"2021-11-03T11:31:49","modified_gmt":"2021-11-03T10:31:49","slug":"vendredi-26-novembre-repas-des-anciens","status":"publish","type":"post","link":"https:\/\/www.kananas.com\/aerospatialeapres\/2021\/10\/25\/vendredi-26-novembre-repas-des-anciens\/","title":{"rendered":"Vendredi 26 novembre : Repas des Anciens"},"content":{"rendered":"<p style=\"text-align: justify\">Apr\u00e8s cette p\u00e9riode de restrictions il est temps de renouer avec les plaisirs gustatifs. C&rsquo;est avec grand plaisir que l&rsquo;Association AEROSPATIALE A.P.R.\u00c9.S. vous convie, avec votre conjoint, le<\/p>\n<p style=\"text-align: center\"><span style=\"font-size: 14pt;color: #0000ff\"><strong>Vendredi 26 Novembre 2021 \u00e0 partir de 11h30<\/strong><\/span><br \/>\n<em><strong><span style=\"font-size: 14pt\">\u00e0 l\u2019Auberge \u00ab Les Templiers \u00bb<\/span><\/strong><\/em><br \/>\nCommanderie de la Villedieu, Rond-Point de l&rsquo;Ordre des Chevaliers, 78990 Elancourt<\/p>\n<p style=\"text-align: center\"><em><strong>Venez nombreux partager ce moment de convivialit\u00e9 !<\/strong><\/em><\/p>\n<p style=\"text-align: center\"><em><strong>Dans le respect des Normes sanitaires en vigueur (Masque et Pass Sanitaire)<\/strong><\/em><\/p>\n<p style=\"text-align: justify\">Nous sommes conscients que le d\u00e9lai est court. C&rsquo;est pour cela que l&rsquo;organisation de l&rsquo;exposition des \u0152uvres artistiques des membres de l\u2019Association ne sera pas r\u00e9alisable cette ann\u00e9e.<br \/>\nDans le menu que nous avons choisi pour vous (au verso), vous avez le choix de votre entr\u00e9e ainsi que le choix de votre plat principal.<\/p>\n<p style=\"text-align: justify\">Si vous souhaitez partager ce moment chaleureux avec nous, il vous sera demand\u00e9 une participation de 10 \u20ac par personne (par ch\u00e8que de pr\u00e9f\u00e9rence), \u00e0 retourner \u00e0 l\u2019Association AEROSPATIALE A.P.R.\u00c9.S.<br \/>\n<em><strong>IMPERATIVEMENT avant le mardi 16 novembre 2021<\/strong><\/em><br \/>\nLe tout accompagn\u00e9 du votre bulletin de Participation que vous avez re\u00e7u d\u00fbment rempli avec le choix de votre entr\u00e9e et votre plat principal.<\/p>\n<p><em><strong>Point de rendez-vous: \u00e0 l&rsquo;Auberge : <\/strong><\/em>L\u2019Auberge restaurant \u00ab Les Templiers \u00bb dispose d&rsquo;un grand parking gratuit<\/p>\n<p>PENSEZ AU COVOITURAGE<\/p>\n<p>De PARIS en :<br \/>\n\u2022 voiture A13 &gt; A12 &gt; N10 sortie D58<br \/>\n\u2022 train Montparnasse Ligne N ou la D\u00e9fense ligne U descendre \u00e0 \u00ab La Verri\u00e8re \u00bb<br \/>\n\u2022 Sortie Pi\u00e9ton La Verriere. puis bus soit<br \/>\n\u2022 ligne 402 &gt; Trappes Gare, descendre \u00e0 \u00ab La Chapelle Villedieu \u00bb et 2 min \u00e0 pieds ou<br \/>\n\u2022 ligne 417 &gt; Trappes Gare, descendre \u00e0 \u00ab Les R\u00e9aux \u00bb et 5 min \u00e0 pieds<\/p>\n<p style=\"text-align: center\"><span style=\"font-size: 14pt\"><em><strong><img loading=\"lazy\" decoding=\"async\" class=\"wp-image-1263 alignnone\" src=\"http:\/\/www.kananas.com\/aerospatialeapres\/wp-content\/uploads\/sites\/236\/2021\/11\/restaurant-Les-Templiers-1-300x162.png\" alt=\"\" width=\"253\" height=\"136\" srcset=\"https:\/\/www.kananas.com\/aerospatialeapres\/wp-content\/uploads\/sites\/236\/2021\/11\/restaurant-Les-Templiers-1-300x162.png 300w, https:\/\/www.kananas.com\/aerospatialeapres\/wp-content\/uploads\/sites\/236\/2021\/11\/restaurant-Les-Templiers-1-1024x554.png 1024w, https:\/\/www.kananas.com\/aerospatialeapres\/wp-content\/uploads\/sites\/236\/2021\/11\/restaurant-Les-Templiers-1-768x416.png 768w, https:\/\/www.kananas.com\/aerospatialeapres\/wp-content\/uploads\/sites\/236\/2021\/11\/restaurant-Les-Templiers-1.png 1179w\" sizes=\"auto, (max-width: 253px) 100vw, 253px\" \/> \u00a0<span style=\"color: #ff0000\">MENU\u00a0<\/span> <img loading=\"lazy\" decoding=\"async\" class=\"alignnone wp-image-1262\" src=\"http:\/\/www.kananas.com\/aerospatialeapres\/wp-content\/uploads\/sites\/236\/2021\/11\/restaurant-Les-Templiers-2-300x140.png\" alt=\"\" width=\"266\" height=\"124\" srcset=\"https:\/\/www.kananas.com\/aerospatialeapres\/wp-content\/uploads\/sites\/236\/2021\/11\/restaurant-Les-Templiers-2-300x140.png 300w, https:\/\/www.kananas.com\/aerospatialeapres\/wp-content\/uploads\/sites\/236\/2021\/11\/restaurant-Les-Templiers-2-1024x479.png 1024w, https:\/\/www.kananas.com\/aerospatialeapres\/wp-content\/uploads\/sites\/236\/2021\/11\/restaurant-Les-Templiers-2-768x359.png 768w, https:\/\/www.kananas.com\/aerospatialeapres\/wp-content\/uploads\/sites\/236\/2021\/11\/restaurant-Les-Templiers-2.png 1233w\" sizes=\"auto, (max-width: 266px) 100vw, 266px\" \/><\/strong><\/em><\/span><\/p>\n<p style=\"text-align: center\">Kir Royal Maison ou Cocktail sans alcool, Amuses bouches du Chef<br \/>\n***\u00a4***<br \/>\nEntr\u00e9e : Foie Gras de Canard po\u00eal\u00e9 fa\u00e7on Pot au feu<br \/>\nou<br \/>\nCarpaccio de Bar \u00e0 l&rsquo;asiatique, Mirepoix l\u00e9gumes croquants<br \/>\n***\u00a4***<br \/>\nPlat : Filet de Volaille fermi\u00e8re farci Girolles et Pur\u00e9e Panais<br \/>\nou<br \/>\nNoix de Saint-Jacques r\u00f4ties, Poireaux Salsifis<br \/>\n***\u00a4***<br \/>\nPlateau de Fromages affin\u00e9s<br \/>\n***\u00a4***<br \/>\nDessert : Mousse Coco Passion, Glace et Tuile<br \/>\n***\u00a4***<br \/>\nVins Blanc : Sancerre \u00ab La Perri\u00e8re \u00bb ; Vin Rouge : Croze Hermitage \u00ab Chapoutier \u00bb<br \/>\n***\u00a4***<br \/>\nEau min\u00e9rale (plate &amp; gazeuse)<br \/>\n***\u00a4***<br \/>\nChampagne<br \/>\n***\u00a4***<br \/>\nCaf\u00e9 ou Th\u00e9<\/p>\n","protected":false},"excerpt":{"rendered":"<p>Apr\u00e8s cette p\u00e9riode de restrictions il est temps de renouer avec les plaisirs gustatifs. C&rsquo;est avec grand plaisir que l&rsquo;Association AEROSPATIALE A.P.R.\u00c9.S. vous convie, avec votre conjoint, le Vendredi 26 Novembre 2021 \u00e0 partir de 11h30 \u00e0 l\u2019Auberge \u00ab Les Templiers \u00bb Commanderie de la Villedieu, Rond-Point de l&rsquo;Ordre des Chevaliers, 78990 Elancourt Venez nombreux &hellip; <\/p>\n<p><a class=\"more-link btn\" href=\"https:\/\/www.kananas.com\/aerospatialeapres\/2021\/10\/25\/vendredi-26-novembre-repas-des-anciens\/\">Lire la suite<\/a><\/p>\n","protected":false},"author":243,"featured_media":0,"comment_status":"open","ping_status":"open","sticky":false,"template":"","format":"standard","meta":{"_crdt_document":"","footnotes":""},"categories":[6],"tags":[],"class_list":["post-1261","post","type-post","status-publish","format-standard","hentry","category-commission-sociale","item-wrap"],"_links":{"self":[{"href":"https:\/\/www.kananas.com\/aerospatialeapres\/wp-json\/wp\/v2\/posts\/1261","targetHints":{"allow":["GET"]}}],"collection":[{"href":"https:\/\/www.kananas.com\/aerospatialeapres\/wp-json\/wp\/v2\/posts"}],"about":[{"href":"https:\/\/www.kananas.com\/aerospatialeapres\/wp-json\/wp\/v2\/types\/post"}],"author":[{"embeddable":true,"href":"https:\/\/www.kananas.com\/aerospatialeapres\/wp-json\/wp\/v2\/users\/243"}],"replies":[{"embeddable":true,"href":"https:\/\/www.kananas.com\/aerospatialeapres\/wp-json\/wp\/v2\/comments?post=1261"}],"version-history":[{"count":2,"href":"https:\/\/www.kananas.com\/aerospatialeapres\/wp-json\/wp\/v2\/posts\/1261\/revisions"}],"predecessor-version":[{"id":1265,"href":"https:\/\/www.kananas.com\/aerospatialeapres\/wp-json\/wp\/v2\/posts\/1261\/revisions\/1265"}],"wp:attachment":[{"href":"https:\/\/www.kananas.com\/aerospatialeapres\/wp-json\/wp\/v2\/media?parent=1261"}],"wp:term":[{"taxonomy":"category","embeddable":true,"href":"https:\/\/www.kananas.com\/aerospatialeapres\/wp-json\/wp\/v2\/categories?post=1261"},{"taxonomy":"post_tag","embeddable":true,"href":"https:\/\/www.kananas.com\/aerospatialeapres\/wp-json\/wp\/v2\/tags?post=1261"}],"curies":[{"name":"wp","href":"https:\/\/api.w.org\/{rel}","templated":true}]}}