{"id":1596,"date":"2023-10-21T14:24:10","date_gmt":"2023-10-21T12:24:10","guid":{"rendered":"https:\/\/www.kananas.com\/aerospatialeapres\/?p=1596"},"modified":"2023-10-21T14:25:41","modified_gmt":"2023-10-21T12:25:41","slug":"20-janvier-journee-festive-starmania","status":"publish","type":"post","link":"https:\/\/www.kananas.com\/aerospatialeapres\/2023\/10\/21\/20-janvier-journee-festive-starmania\/","title":{"rendered":"Samedi 20 janvier : Journ\u00e9e Festive STARMANIA"},"content":{"rendered":"<p>&nbsp;<\/p>\n<p style=\"text-align: justify\"><img loading=\"lazy\" decoding=\"async\" class=\" wp-image-1597 alignleft\" src=\"https:\/\/www.kananas.com\/aerospatialeapres\/wp-content\/uploads\/sites\/236\/2023\/10\/starmania-tickets_143389_1295156_725x544-300x225.jpg\" alt=\"\" width=\"431\" height=\"323\" srcset=\"https:\/\/www.kananas.com\/aerospatialeapres\/wp-content\/uploads\/sites\/236\/2023\/10\/starmania-tickets_143389_1295156_725x544-300x225.jpg 300w, https:\/\/www.kananas.com\/aerospatialeapres\/wp-content\/uploads\/sites\/236\/2023\/10\/starmania-tickets_143389_1295156_725x544-400x300.jpg 400w, https:\/\/www.kananas.com\/aerospatialeapres\/wp-content\/uploads\/sites\/236\/2023\/10\/starmania-tickets_143389_1295156_725x544.jpg 725w\" sizes=\"auto, (max-width: 431px) 100vw, 431px\" \/>Votre Association vous propose une \u00absortie festive\u00bb d\u00e9but 2024. Apr\u00e8s le buffet-cocktail \u00e0 la Seine Musicale du restaurant Octave (pi\u00e8ces sal\u00e9es et sucr\u00e9s, eaux plate et gazeuse, vins blanc et rouge, Champagne, sans caf\u00e9), le spectacle STARMANIA se tiendra sur le m\u00eame site.<\/p>\n<p style=\"text-align: justify\"><em><strong>LE SPECTACLE<\/strong><\/em><br \/>\nEn quatre d\u00e9cennies, cette \u0153uvre futuriste, proph\u00e9tique et ind\u00e9modable a fait chanter toutes les g\u00e9n\u00e9rations avec ses tubes devenus des incontournables de la chanson fran\u00e7aise (Les uns contre les autres, SOS d\u2019un terrien en d\u00e9tresse, Quand on arrive en ville, Le Blues du Businessman, Le Monde est stone, Besoin d\u2019amour\u2026).<\/p>\n<p style=\"text-align: justify\">Thomas Jolly, prodige de la sc\u00e8ne contemporaine, signera la nouvelle mise en sc\u00e8ne de ce spectacle ph\u00e9nom\u00e8ne. Il sera rejoint dans cette aventure par le chor\u00e9graphe de renomm\u00e9e internationale Sidi Larbi Cherkaoui.<\/p>\n<p style=\"text-align: justify\"><em><strong><span style=\"color: #ff0000\">Rendez-vous le samedi 20 janvier 2024 \u00e0 12h30<\/span> \u00e0 La Seine Musicale \u00eele Seguin<\/strong><\/em> au 1 \u00eele Seguin \u00e0 Boulogne Billancourt (92100).<\/p>\n<p style=\"text-align: justify\">Il y a un parking Indigo au pied de l&rsquo;acc\u00e8s de la Seine Musicale. Dans ce parking souterrain il y a un ascenseur permettant d&rsquo;acc\u00e9der au parvis devant l&rsquo;entr\u00e9e de Seine Musicale.<\/p>\n<p>COMMENT VENIR EN TRANSPORTS EN COMMUN<\/p>\n<p style=\"text-align: justify\">METRO<br \/>\nLigne 9 : Station Pont de S\u00e8vres (terminus). Suivez ensuite la signalisation (vous traverserez le Forum Haut, puis emprunterez la Passerelle Constant-Lema\u00eetre qui vous am\u00e8ne au pied du Pont Renault, ce pont vous m\u00e8nera tout droit au Parvis de La Seine Musicale).<\/p>\n<p style=\"text-align: justify\">TRAMWAY<br \/>\nTramway 2 : Station Brimborion. Suivez ensuite la signalisation, puis empruntez la passerelle pi\u00e9tonne : le Parvis de La Seine Musicale se trouvera devant vous.<\/p>\n<p style=\"text-align: justify\">BUS<br \/>\nBUS Station Pont de S\u00e8vres. Lignes 169, 171, 179, 291, 426, 467<br \/>\nBUS Station Cours de l\u2019\u00cele Seguin. Lignes 42, 260, 389<\/p>\n<p><strong><span style=\"color: #ff0000\"><em>Date limite d\u2019inscription : 31 octobre 2023 imp\u00e9rativement<\/em><\/span><\/strong><\/p>\n<p><em><strong>Prix par personne :<\/strong><\/em> Adh\u00e9rent et Membre Bienfaiteur (et Conjoint) <strong>70,00 \u20ac<\/strong> &#8211; Prix Invit\u00e9 145,40 \u20ac<\/p>\n<p><em><strong>Nombre de places : limit\u00e9 \u00e0 50 personnes<\/strong> <\/em>(le cachet de la Poste d\u00e9terminera l\u2019ordre d\u2019inscription).<br \/>\nPour vous inscrire : Remplissez le bulletin d\u2019inscription que vous avez re\u00e7u et transmettez-le avec un ch\u00e8que global qui sera encaiss\u00e9 le 20 d\u00e9cembre 2023. Le bulletin est \u00e0 envoyer \u00e0 :<\/p>\n<p>H\u00f4tel de Ville<br \/>\nAEROSPATIALE A.P.R.\u00c9.S.<br \/>\n\u00ab Journ\u00e9e Festive \u00bb<br \/>\n2 rue Carnot<br \/>\n92150 SURESNES<\/p>\n<p><em><strong>Contact si n\u00e9cessaire :<\/strong> <\/em>G\u00e9rard J\u00c9GU ou Jean-Pierre AVENET<\/p>\n<p><em><span style=\"color: #ff0000\">\u2666 Important : le retour du bulletin nous est indispensable pour effectuer la r\u00e9servation<\/span> \u2666<\/em><\/p>\n","protected":false},"excerpt":{"rendered":"<p>&nbsp; Votre Association vous propose une \u00absortie festive\u00bb d\u00e9but 2024. Apr\u00e8s le buffet-cocktail \u00e0 la Seine Musicale du restaurant Octave (pi\u00e8ces sal\u00e9es et sucr\u00e9s, eaux plate et gazeuse, vins blanc et rouge, Champagne, sans caf\u00e9), le spectacle STARMANIA se tiendra sur le m\u00eame site. LE SPECTACLE En quatre d\u00e9cennies, cette \u0153uvre futuriste, proph\u00e9tique et ind\u00e9modable &hellip; <\/p>\n<p><a class=\"more-link btn\" href=\"https:\/\/www.kananas.com\/aerospatialeapres\/2023\/10\/21\/20-janvier-journee-festive-starmania\/\">Lire la suite<\/a><\/p>\n","protected":false},"author":243,"featured_media":0,"comment_status":"open","ping_status":"open","sticky":false,"template":"","format":"standard","meta":{"_crdt_document":"","footnotes":""},"categories":[7],"tags":[],"class_list":["post-1596","post","type-post","status-publish","format-standard","hentry","category-commission-voyages","item-wrap"],"_links":{"self":[{"href":"https:\/\/www.kananas.com\/aerospatialeapres\/wp-json\/wp\/v2\/posts\/1596","targetHints":{"allow":["GET"]}}],"collection":[{"href":"https:\/\/www.kananas.com\/aerospatialeapres\/wp-json\/wp\/v2\/posts"}],"about":[{"href":"https:\/\/www.kananas.com\/aerospatialeapres\/wp-json\/wp\/v2\/types\/post"}],"author":[{"embeddable":true,"href":"https:\/\/www.kananas.com\/aerospatialeapres\/wp-json\/wp\/v2\/users\/243"}],"replies":[{"embeddable":true,"href":"https:\/\/www.kananas.com\/aerospatialeapres\/wp-json\/wp\/v2\/comments?post=1596"}],"version-history":[{"count":5,"href":"https:\/\/www.kananas.com\/aerospatialeapres\/wp-json\/wp\/v2\/posts\/1596\/revisions"}],"predecessor-version":[{"id":1602,"href":"https:\/\/www.kananas.com\/aerospatialeapres\/wp-json\/wp\/v2\/posts\/1596\/revisions\/1602"}],"wp:attachment":[{"href":"https:\/\/www.kananas.com\/aerospatialeapres\/wp-json\/wp\/v2\/media?parent=1596"}],"wp:term":[{"taxonomy":"category","embeddable":true,"href":"https:\/\/www.kananas.com\/aerospatialeapres\/wp-json\/wp\/v2\/categories?post=1596"},{"taxonomy":"post_tag","embeddable":true,"href":"https:\/\/www.kananas.com\/aerospatialeapres\/wp-json\/wp\/v2\/tags?post=1596"}],"curies":[{"name":"wp","href":"https:\/\/api.w.org\/{rel}","templated":true}]}}