{"id":1614,"date":"2023-12-10T16:43:49","date_gmt":"2023-12-10T15:43:49","guid":{"rendered":"https:\/\/www.kananas.com\/aerospatialeapres\/?p=1614"},"modified":"2024-01-07T17:24:48","modified_gmt":"2024-01-07T16:24:48","slug":"jeudi-11-janvier-exposition-retour-dasie","status":"publish","type":"post","link":"https:\/\/www.kananas.com\/aerospatialeapres\/2023\/12\/10\/jeudi-11-janvier-exposition-retour-dasie\/","title":{"rendered":"Jeudi 11 janvier : Exposition \u00ab\u00a0Retour d&rsquo;Asie\u00a0\u00bb"},"content":{"rendered":"<p>&nbsp;<\/p>\n<p><img loading=\"lazy\" decoding=\"async\" class=\" wp-image-1615 alignleft\" style=\"font-size: 16px\" src=\"https:\/\/www.kananas.com\/aerospatialeapres\/wp-content\/uploads\/sites\/236\/2024\/01\/catalogue_-_retour_dasie_-_cernuschi_premieredecouverture-210x300.jpg\" alt=\"\" width=\"483\" height=\"691\" srcset=\"https:\/\/www.kananas.com\/aerospatialeapres\/wp-content\/uploads\/sites\/236\/2024\/01\/catalogue_-_retour_dasie_-_cernuschi_premieredecouverture-210x300.jpg 210w, https:\/\/www.kananas.com\/aerospatialeapres\/wp-content\/uploads\/sites\/236\/2024\/01\/catalogue_-_retour_dasie_-_cernuschi_premieredecouverture-717x1024.jpg 717w, https:\/\/www.kananas.com\/aerospatialeapres\/wp-content\/uploads\/sites\/236\/2024\/01\/catalogue_-_retour_dasie_-_cernuschi_premieredecouverture-768x1097.jpg 768w, https:\/\/www.kananas.com\/aerospatialeapres\/wp-content\/uploads\/sites\/236\/2024\/01\/catalogue_-_retour_dasie_-_cernuschi_premieredecouverture-1434x2048.jpg 1434w, https:\/\/www.kananas.com\/aerospatialeapres\/wp-content\/uploads\/sites\/236\/2024\/01\/catalogue_-_retour_dasie_-_cernuschi_premieredecouverture-scaled.jpg 1793w\" sizes=\"auto, (max-width: 483px) 100vw, 483px\" \/><\/p>\n<p style=\"text-align: justify\">L\u2019exposition Retour d\u2019Asie invite \u00e0 d\u00e9couvrir l\u2019itin\u00e9raire du voyageur et collectionneur, Henri Cernuschi. Il a rassembl\u00e9, au cours de son voyage en Asie, l&rsquo;une des plus importantes c europ\u00e9ennes d&rsquo;art asiatique constitu\u00e9e de pr\u00e8s de 5000 \u0153uvres d\u2019art : bronzes, c\u00e9ramiques, estampes, livres illustr\u00e9s, peintures, photographies et objets en bois laqu\u00e9 et sculpt\u00e9.<br \/>\nCes objets d\u2019art chinois et japonais exercent imm\u00e9diatement une fascination consid\u00e9rable sur les artistes et artisans de l\u2019\u00e9poque. Le r\u00e9pertoire des formes et des motifs, l\u2019innovation technique deviennent des mod\u00e8les pour toute une g\u00e9n\u00e9ration de cr\u00e9ateurs. Cette influence consid\u00e9rable se prolongera jusqu\u2019aux premi\u00e8res d\u00e9cennies du XXe si\u00e8cle, comme l\u2019atteste la production du sculpteur animalier Fran\u00e7ois Pompon (1855-1933).<br \/>\nParall\u00e8lement, Cernuschi cr\u00e9e pour sa collection son mus\u00e9e, pens\u00e9 comme un temple des arts asiatiques qui devient un des hauts lieux du japonisme parisien.<\/p>\n<p>&nbsp;<\/p>\n<p>&nbsp;<\/p>\n<p><em><strong>Date limite d&rsquo;inscription : <\/strong><\/em>le <em>5 janvier 2024<\/em> ; le nombre de participants est limit\u00e9 \u00e0 20.<\/p>\n<p><em><strong>Prix par personne :\u00a0 \u00a0<\/strong><\/em>Membre : 10 \u20ac\u00a0 \u00a0 \u00a0 \u00a0Invit\u00e9 : 20 \u20ac<\/p>\n<p><em><strong>Pour vous inscrire : <\/strong><\/em>Envoyez le bulletin d\u2019inscription que vous avez re\u00e7u, compl\u00e9t\u00e9 et accompagn\u00e9 de votre r\u00e8glement par ch\u00e8que \u00e0 l&rsquo;ordre de AEROSPATIALE A.P.R.\u00c9.S., \u00e0 l\u2019adresse<br \/>\nH\u00f4tel de Ville &#8211; Association AEROSPATIALE A.P.R.\u00c9.S.<br \/>\n2, rue Carnot 92150 SURESNES.<\/p>\n<p><em>Merci de confirmer votre inscription par mail \u00e0 l\u2019adresse <\/em><a href=\"mailto:aerospatiale.apres@outlook.fr\"><em>aerospatiale.apres@outlook.fr<\/em><\/a><\/p>\n<p><em><strong>Rendez-vous : <\/strong><\/em>le<span style=\"color: #ff0000\"><em><strong><span style=\"font-size: 14pt\"> jeudi 11 janvier \u00e0 15 h 50<\/span> <\/strong><\/em><\/span>au mus\u00e9e Cernuschi, 7 avenue V\u00e9lasquez 78008 Paris.<\/p>\n<p><em><strong>Transport :<\/strong><\/em> Stations Villiers (lignes 2 et 3), Monceau (ligne 2).<\/p>\n<p><em><strong>Contact :\u00a0 <\/strong><\/em>Annick Cavedon<\/p>\n<p style=\"text-align: center\">\u2756 Important : le retour du bulletin ci-joint nous est indispensable pour effectuer la r\u00e9servation \u2756<\/p>\n","protected":false},"excerpt":{"rendered":"<p>&nbsp; L\u2019exposition Retour d\u2019Asie invite \u00e0 d\u00e9couvrir l\u2019itin\u00e9raire du voyageur et collectionneur, Henri Cernuschi. Il a rassembl\u00e9, au cours de son voyage en Asie, l&rsquo;une des plus importantes c europ\u00e9ennes d&rsquo;art asiatique constitu\u00e9e de pr\u00e8s de 5000 \u0153uvres d\u2019art : bronzes, c\u00e9ramiques, estampes, livres illustr\u00e9s, peintures, photographies et objets en bois laqu\u00e9 et sculpt\u00e9. Ces &hellip; <\/p>\n<p><a class=\"more-link btn\" href=\"https:\/\/www.kananas.com\/aerospatialeapres\/2023\/12\/10\/jeudi-11-janvier-exposition-retour-dasie\/\">Lire la suite<\/a><\/p>\n","protected":false},"author":243,"featured_media":0,"comment_status":"open","ping_status":"open","sticky":false,"template":"","format":"standard","meta":{"_crdt_document":"","footnotes":""},"categories":[2],"tags":[],"class_list":["post-1614","post","type-post","status-publish","format-standard","hentry","category-commission-culturelle","item-wrap"],"_links":{"self":[{"href":"https:\/\/www.kananas.com\/aerospatialeapres\/wp-json\/wp\/v2\/posts\/1614","targetHints":{"allow":["GET"]}}],"collection":[{"href":"https:\/\/www.kananas.com\/aerospatialeapres\/wp-json\/wp\/v2\/posts"}],"about":[{"href":"https:\/\/www.kananas.com\/aerospatialeapres\/wp-json\/wp\/v2\/types\/post"}],"author":[{"embeddable":true,"href":"https:\/\/www.kananas.com\/aerospatialeapres\/wp-json\/wp\/v2\/users\/243"}],"replies":[{"embeddable":true,"href":"https:\/\/www.kananas.com\/aerospatialeapres\/wp-json\/wp\/v2\/comments?post=1614"}],"version-history":[{"count":5,"href":"https:\/\/www.kananas.com\/aerospatialeapres\/wp-json\/wp\/v2\/posts\/1614\/revisions"}],"predecessor-version":[{"id":1620,"href":"https:\/\/www.kananas.com\/aerospatialeapres\/wp-json\/wp\/v2\/posts\/1614\/revisions\/1620"}],"wp:attachment":[{"href":"https:\/\/www.kananas.com\/aerospatialeapres\/wp-json\/wp\/v2\/media?parent=1614"}],"wp:term":[{"taxonomy":"category","embeddable":true,"href":"https:\/\/www.kananas.com\/aerospatialeapres\/wp-json\/wp\/v2\/categories?post=1614"},{"taxonomy":"post_tag","embeddable":true,"href":"https:\/\/www.kananas.com\/aerospatialeapres\/wp-json\/wp\/v2\/tags?post=1614"}],"curies":[{"name":"wp","href":"https:\/\/api.w.org\/{rel}","templated":true}]}}