{"id":1709,"date":"2024-09-26T14:41:27","date_gmt":"2024-09-26T12:41:27","guid":{"rendered":"https:\/\/www.kananas.com\/aerospatialeapres\/?p=1709"},"modified":"2024-10-09T18:34:33","modified_gmt":"2024-10-09T16:34:33","slug":"mardi-15-octobre-visite-du-tribunal-de-grande-instance-et-de-lecoquartier-de-clichy","status":"publish","type":"post","link":"https:\/\/www.kananas.com\/aerospatialeapres\/2024\/09\/26\/mardi-15-octobre-visite-du-tribunal-de-grande-instance-et-de-lecoquartier-de-clichy\/","title":{"rendered":"Mardi 15 octobre : Visite du Tribunal de Grande Instance et de l\u2019\u00e9coquartier de Clichy"},"content":{"rendered":"<h1 style=\"text-align: center\"><em><strong>Mardi 15 octobre 2024 \u00e0 10h30<\/strong><\/em><\/h1>\n<p style=\"text-align: justify\"><img loading=\"lazy\" decoding=\"async\" class=\" wp-image-1712 alignleft\" src=\"https:\/\/www.kananas.com\/aerospatialeapres\/wp-content\/uploads\/sites\/236\/2024\/09\/image_processing20230309-8141-1e6gnz9-300x188.jpeg\" alt=\"\" width=\"527\" height=\"330\" srcset=\"https:\/\/www.kananas.com\/aerospatialeapres\/wp-content\/uploads\/sites\/236\/2024\/09\/image_processing20230309-8141-1e6gnz9-300x188.jpeg 300w, https:\/\/www.kananas.com\/aerospatialeapres\/wp-content\/uploads\/sites\/236\/2024\/09\/image_processing20230309-8141-1e6gnz9-1024x640.jpeg 1024w, https:\/\/www.kananas.com\/aerospatialeapres\/wp-content\/uploads\/sites\/236\/2024\/09\/image_processing20230309-8141-1e6gnz9-768x480.jpeg 768w, https:\/\/www.kananas.com\/aerospatialeapres\/wp-content\/uploads\/sites\/236\/2024\/09\/image_processing20230309-8141-1e6gnz9.jpeg 1200w\" sizes=\"auto, (max-width: 527px) 100vw, 527px\" \/>Notre visite du quartier des Batignolles en juin 2023 s\u2019\u00e9tait arr\u00eat\u00e9e \u00e0 la limite du parcMartin Luther King. Nous la poursuivons par la visite de l\u2019\u00e9coquartier de Clichy-Batignolles et du Tribunal de Grande Instance de Paris, construits sur d\u2019anciennes friches de la SNCF. Ce programme urbanistique audacieux int\u00e8gre \u00e0 la fois logements, bureaux, commerces, \u00e9coles et un grand \u00e9quipement public, le Tribunal de Paris.<br \/>\nEn parcourant le parc Martin Luther King, nous d\u00e9couvrirons la diversit\u00e9 architecturale des b\u00e2timents qui le structurent avec notamment la r\u00e9sidence Unic, la r\u00e9sidence Emergence, l\u2019immeuble Quintessence, le Tribunal de Paris, les immeubles de bureaux Java et Season.<br \/>\nLa visite se poursuivra par la visite du tribunal de Grande Instance construit par l&rsquo;architecte du Centre Georges Pompidou, Renzo Piano, qui dote la capitale d&rsquo;un \u00e9quipement qui pose la question des immeubles \u00e0 grande hauteur autour de Paris. Dur\u00e9e de la visite : 2 h<\/p>\n<p><strong>Date limite d&rsquo;inscription :<\/strong> Le <em><strong>mardi 8 octobre 2024<\/strong><\/em> ; le nombre de participants est limit\u00e9 \u00e0 20.<br \/>\nLes inscriptions seront prises dans l\u2019ordre de la date du cachet de la Poste.<\/p>\n<p><em><strong>Prix par personne :<\/strong><\/em>\u00a0 \u00a0Membre : 10 \u20ac\u00a0 \u00a0 \u00a0 \u00a0 \u00a0Invit\u00e9 : 20 \u20ac<\/p>\n<p><em><strong>Pour vous inscrire :<\/strong><\/em> Envoyez le bulletin d\u2019inscription que vous avez re\u00e7u, compl\u00e9t\u00e9 et accompagn\u00e9 de votre r\u00e8glement par ch\u00e8que \u00e0 l&rsquo;ordre de AEROSPATIALE A.P.R.\u00c9.S., \u00e0 l\u2019adresse<br \/>\nH\u00f4tel de Ville &#8211; Association AEROSPATIALE A.P.R.\u00c9.S.<br \/>\n2, rue Carnot 92150 SURESNES.<\/p>\n<p><em><strong>Rendez-vous :<\/strong><\/em> le <span style=\"color: #ff0000\"><em><strong>mardi 15 octobre 2024 \u00e0 10 h 20<\/strong><\/em><\/span> devant la gare Pont Cardinet au 145 rue Cardinet 75017 Paris<\/p>\n<p><em><strong>Transport :<\/strong><\/em> M\u00e9tro : ligne 14 (station Cardinet) ou 13 (station Brochant)\u00a0 \u00a0 \u00a0 \u00a0 \u00a0 \u00a0 \u00a0 \u00a0 \u00a0Fin de la balade : Porte de Clichy lignes 13 et 14<\/p>\n<p><em><strong>Contact :<\/strong><\/em> Annick Cavedon<\/p>\n<p style=\"text-align: center\"><strong>\u2666 Important : le retour du bulletin ci-joint nous est indispensable pour effectuer la r\u00e9servation <\/strong><br \/>\n<strong>Si vous ne pouvez pas l\u2019imprimer, merci d\u2019indiquer les informations sur papier libre \u2666<\/strong><\/p>\n","protected":false},"excerpt":{"rendered":"<p>Mardi 15 octobre 2024 \u00e0 10h30 Notre visite du quartier des Batignolles en juin 2023 s\u2019\u00e9tait arr\u00eat\u00e9e \u00e0 la limite du parcMartin Luther King. Nous la poursuivons par la visite de l\u2019\u00e9coquartier de Clichy-Batignolles et du Tribunal de Grande Instance de Paris, construits sur d\u2019anciennes friches de la SNCF. Ce programme urbanistique audacieux int\u00e8gre \u00e0 &hellip; <\/p>\n<p><a class=\"more-link btn\" href=\"https:\/\/www.kananas.com\/aerospatialeapres\/2024\/09\/26\/mardi-15-octobre-visite-du-tribunal-de-grande-instance-et-de-lecoquartier-de-clichy\/\">Lire la suite<\/a><\/p>\n","protected":false},"author":243,"featured_media":0,"comment_status":"open","ping_status":"open","sticky":false,"template":"","format":"standard","meta":{"_crdt_document":"","footnotes":""},"categories":[2],"tags":[],"class_list":["post-1709","post","type-post","status-publish","format-standard","hentry","category-commission-culturelle","item-wrap"],"_links":{"self":[{"href":"https:\/\/www.kananas.com\/aerospatialeapres\/wp-json\/wp\/v2\/posts\/1709","targetHints":{"allow":["GET"]}}],"collection":[{"href":"https:\/\/www.kananas.com\/aerospatialeapres\/wp-json\/wp\/v2\/posts"}],"about":[{"href":"https:\/\/www.kananas.com\/aerospatialeapres\/wp-json\/wp\/v2\/types\/post"}],"author":[{"embeddable":true,"href":"https:\/\/www.kananas.com\/aerospatialeapres\/wp-json\/wp\/v2\/users\/243"}],"replies":[{"embeddable":true,"href":"https:\/\/www.kananas.com\/aerospatialeapres\/wp-json\/wp\/v2\/comments?post=1709"}],"version-history":[{"count":6,"href":"https:\/\/www.kananas.com\/aerospatialeapres\/wp-json\/wp\/v2\/posts\/1709\/revisions"}],"predecessor-version":[{"id":1727,"href":"https:\/\/www.kananas.com\/aerospatialeapres\/wp-json\/wp\/v2\/posts\/1709\/revisions\/1727"}],"wp:attachment":[{"href":"https:\/\/www.kananas.com\/aerospatialeapres\/wp-json\/wp\/v2\/media?parent=1709"}],"wp:term":[{"taxonomy":"category","embeddable":true,"href":"https:\/\/www.kananas.com\/aerospatialeapres\/wp-json\/wp\/v2\/categories?post=1709"},{"taxonomy":"post_tag","embeddable":true,"href":"https:\/\/www.kananas.com\/aerospatialeapres\/wp-json\/wp\/v2\/tags?post=1709"}],"curies":[{"name":"wp","href":"https:\/\/api.w.org\/{rel}","templated":true}]}}