{"id":1745,"date":"2024-11-06T14:51:18","date_gmt":"2024-11-06T13:51:18","guid":{"rendered":"https:\/\/www.kananas.com\/aerospatialeapres\/?p=1745"},"modified":"2024-11-11T14:54:22","modified_gmt":"2024-11-11T13:54:22","slug":"vendredi-21-fevrier-journee-festive","status":"publish","type":"post","link":"https:\/\/www.kananas.com\/aerospatialeapres\/2024\/11\/06\/vendredi-21-fevrier-journee-festive\/","title":{"rendered":"vendredi 21 f\u00e9vrier : Journ\u00e9e Festive"},"content":{"rendered":"<h1 style=\"text-align: center\"><span style=\"font-size: 24pt\"><em><strong>Le vendredi 21 f\u00e9vrier 2025<\/strong><\/em><\/span><\/h1>\n<h1 style=\"text-align: center\"><span style=\"font-size: 24pt\"><strong><em>DEJEUNER et<\/em> Spectacle HOLIDAY ON ICE<\/strong><\/span><\/h1>\n<p style=\"text-align: justify\"><img loading=\"lazy\" decoding=\"async\" class=\"wp-image-1746 aligncenter\" src=\"https:\/\/www.kananas.com\/aerospatialeapres\/wp-content\/uploads\/sites\/236\/2024\/11\/107327065-300x200.jpg\" alt=\"\" width=\"470\" height=\"313\" srcset=\"https:\/\/www.kananas.com\/aerospatialeapres\/wp-content\/uploads\/sites\/236\/2024\/11\/107327065-300x200.jpg 300w, https:\/\/www.kananas.com\/aerospatialeapres\/wp-content\/uploads\/sites\/236\/2024\/11\/107327065-768x512.jpg 768w, https:\/\/www.kananas.com\/aerospatialeapres\/wp-content\/uploads\/sites\/236\/2024\/11\/107327065.jpg 1024w\" sizes=\"auto, (max-width: 470px) 100vw, 470px\" \/>\u00a0 \u00a0 \u00a0<img loading=\"lazy\" decoding=\"async\" class=\"size-medium wp-image-1747 aligncenter\" src=\"https:\/\/www.kananas.com\/aerospatialeapres\/wp-content\/uploads\/sites\/236\/2024\/11\/Holiday-on-Ice-No-Limits-287x300.jpg\" alt=\"\" width=\"287\" height=\"300\" srcset=\"https:\/\/www.kananas.com\/aerospatialeapres\/wp-content\/uploads\/sites\/236\/2024\/11\/Holiday-on-Ice-No-Limits-287x300.jpg 287w, https:\/\/www.kananas.com\/aerospatialeapres\/wp-content\/uploads\/sites\/236\/2024\/11\/Holiday-on-Ice-No-Limits.jpg 768w\" sizes=\"auto, (max-width: 287px) 100vw, 287px\" \/><\/p>\n<p style=\"text-align: justify\">Votre Amicale vous propose pour clore les 25 ans d\u2019existence d\u2019AEROSPATIALE A.P.R.\u00c9.S en 2024, une sortie festive subventionn\u00e9e en deux temps.<br \/>\nTout d&rsquo;abord, vous d\u00e9jeunerez au restaurant \u00ab\u00a0Au B\u0153uf Couronn\u00e9\u00a0\u00bb. Ce restaurant \u00ab\u00a0Belle Epoque\u00a0\u00bb est n\u00e9 sous Napol\u00e9on III en m\u00eame temps que le march\u00e9 \u00e0 viande de la Villette.<br \/>\nEnsuite, ce sera la f\u00e9erie d&rsquo;un spectacle sur glace avec la c\u00e9l\u00e8bre troupe \u00ab\u00a0Holiday on Ice\u00a0\u00bb. \u00ab NO LIMITS \u00bb est le th\u00e8me de ce spectacle. C&rsquo;est une immersion dans l&rsquo;univers du jeu comme le casse-t\u00eate, \u00e9checs, jeux de hasard, d&rsquo;adresse, de r\u00e9flexion ou de patience, jeux vid\u00e9o, etc&#8230; Aux c\u00f4t\u00e9s de Flynn et Sadi, les deux h\u00e9ros du nouveau spectacle, vous combattez des monstres, participez \u00e0 une course de char dans une ar\u00e8ne romaine, plongez dans l&rsquo;univers du Far-West sauvage des cow-boys&#8230;<\/p>\n<p><em><strong>Date limite d&rsquo;inscription :<\/strong><\/em> Avant le <span style=\"color: #ff0000\">vendredi 29 novembre 2024<\/span><\/p>\n<p><em><strong>Prix par personne :<\/strong><\/em> Adh\u00e9rent et Membre Bienfaiteur (et Conjoint) 75 \u20ac\u00a0 \u00a0 \u00a0 Invit\u00e9 154 \u20ac<\/p>\n<p><em><strong>Pour vous inscrire :<\/strong><\/em> Remplissez le bulletin d\u2019inscription que vous avez re\u00e7u (recto\/verso) et transmettez le avec un ch\u00e8que global (Encaiss\u00e9 \u00e0 partir du 07 janvier 2025) de 75 \u20ac ou 154 \u20ac par personne \u00e0 :<\/p>\n<p>H\u00f4tel de Ville<br \/>\nAssociation AEROSPATIALE A.P.R.\u00c9.S.<br \/>\n\u00ab Holiday on Ice \u00bb<br \/>\n2 rue Carnot 92150 SURESNES<\/p>\n<p><em><strong>Point de rendez-vous et acc\u00e8s :<\/strong><\/em><\/p>\n<p>\u2666 Devant le <em><strong>restaurant \u00ab\u00a0Au B\u0153uf Couronn\u00e9\u00a0\u00bb<\/strong><\/em> 188 avenue Jean Jaur\u00e8s 75019 Paris<\/p>\n<p>\u2666 Horaire : <span style=\"color: #ff0000\"><em><strong>11 h 45<\/strong><\/em><\/span><\/p>\n<p>\u2666 Acc\u00e8s : M\u00e9tro Porte de Pantin, ligne n\u00b0 5<br \/>\nsortir en milieu (escalator) ou en fin de quai (escalier)<br \/>\nBus 60, 75, 151, PC<br \/>\nParking payant \u00e0 100 m<\/p>\n<p><em><strong>Votre journ\u00e9e :<\/strong><\/em><\/p>\n<p>\u2666 D\u00e9but du d\u00e9jeuner \u00e0 12 h 00.<\/p>\n<p style=\"text-align: center\"><em><strong>Menu<\/strong><\/em><\/p>\n<p style=\"text-align: center\">&#8211; Kir royal au champagne<\/p>\n<p style=\"text-align: center\">&#8211; Tartare de Thon \u00e0 la coriandre, concombre et citron vert<br \/>\nOu<br \/>\n&#8211; Ravioles de la M\u00e8re Maury \u00e0 la cr\u00e8me de ciboulette<\/p>\n<p style=\"text-align: center\">&#8211; C\u0153ur d\u2019Aloyau Fort des halles, frites maison<br \/>\nOu<br \/>\n&#8211; Noix de St Jacques Sauce beurre blanc, pur\u00e9e<\/p>\n<p style=\"text-align: center\">&#8211; Baba gourmand arros\u00e9 de Rhum Saint James<br \/>\nOu<br \/>\n&#8211; Sabl\u00e9 Breton, pomme r\u00f4tie , cr\u00e8me vanille<\/p>\n<p style=\"text-align: center\">Chablis \u00ab l\u2019Eglanti\u00e8re \u00bb Durup ou Bourgogne Pinot noir Domaine Aegerte<br \/>\nEau min\u00e9rale<br \/>\nCaf\u00e9<\/p>\n<p>\u2666 Nous rejoindrons ensuite le <em><strong>ZENITH Villette<\/strong><\/em> (environ 10 \u00e0 20 minutes de marche \u00e0 pieds) o\u00f9 nous sommes attendus \u00e0 <em><strong>14 h 30<\/strong><\/em>.<br \/>\n\u2666 Nous assisterons \u00e0 partir de <span style=\"color: #ff0000\"><em><strong>15 h 00 au spectacle HOLIDAY ON ICE<\/strong><\/em><\/span>.<br \/>\n\u2666 Fin du spectacle et de la sortie festive vers 17 h<\/p>\n<p><em><strong>Contacts :<\/strong><\/em> G\u00e9rard J\u00c9GU &#8211; Raymond VINOT<\/p>\n<p style=\"text-align: center\"><strong><em>\u2666<\/em> Important : le retour du bulletin nous est indispensable pour effectuer la r\u00e9servation \u2666<\/strong><\/p>\n<p>&nbsp;<\/p>\n","protected":false},"excerpt":{"rendered":"<p>Le vendredi 21 f\u00e9vrier 2025 DEJEUNER et Spectacle HOLIDAY ON ICE \u00a0 \u00a0 \u00a0 Votre Amicale vous propose pour clore les 25 ans d\u2019existence d\u2019AEROSPATIALE A.P.R.\u00c9.S en 2024, une sortie festive subventionn\u00e9e en deux temps. Tout d&rsquo;abord, vous d\u00e9jeunerez au restaurant \u00ab\u00a0Au B\u0153uf Couronn\u00e9\u00a0\u00bb. Ce restaurant \u00ab\u00a0Belle Epoque\u00a0\u00bb est n\u00e9 sous Napol\u00e9on III en m\u00eame &hellip; <\/p>\n<p><a class=\"more-link btn\" href=\"https:\/\/www.kananas.com\/aerospatialeapres\/2024\/11\/06\/vendredi-21-fevrier-journee-festive\/\">Lire la suite<\/a><\/p>\n","protected":false},"author":243,"featured_media":0,"comment_status":"open","ping_status":"open","sticky":false,"template":"","format":"standard","meta":{"_crdt_document":"","footnotes":""},"categories":[7],"tags":[],"class_list":["post-1745","post","type-post","status-publish","format-standard","hentry","category-commission-voyages","item-wrap"],"_links":{"self":[{"href":"https:\/\/www.kananas.com\/aerospatialeapres\/wp-json\/wp\/v2\/posts\/1745","targetHints":{"allow":["GET"]}}],"collection":[{"href":"https:\/\/www.kananas.com\/aerospatialeapres\/wp-json\/wp\/v2\/posts"}],"about":[{"href":"https:\/\/www.kananas.com\/aerospatialeapres\/wp-json\/wp\/v2\/types\/post"}],"author":[{"embeddable":true,"href":"https:\/\/www.kananas.com\/aerospatialeapres\/wp-json\/wp\/v2\/users\/243"}],"replies":[{"embeddable":true,"href":"https:\/\/www.kananas.com\/aerospatialeapres\/wp-json\/wp\/v2\/comments?post=1745"}],"version-history":[{"count":5,"href":"https:\/\/www.kananas.com\/aerospatialeapres\/wp-json\/wp\/v2\/posts\/1745\/revisions"}],"predecessor-version":[{"id":1752,"href":"https:\/\/www.kananas.com\/aerospatialeapres\/wp-json\/wp\/v2\/posts\/1745\/revisions\/1752"}],"wp:attachment":[{"href":"https:\/\/www.kananas.com\/aerospatialeapres\/wp-json\/wp\/v2\/media?parent=1745"}],"wp:term":[{"taxonomy":"category","embeddable":true,"href":"https:\/\/www.kananas.com\/aerospatialeapres\/wp-json\/wp\/v2\/categories?post=1745"},{"taxonomy":"post_tag","embeddable":true,"href":"https:\/\/www.kananas.com\/aerospatialeapres\/wp-json\/wp\/v2\/tags?post=1745"}],"curies":[{"name":"wp","href":"https:\/\/api.w.org\/{rel}","templated":true}]}}