{"id":1754,"date":"2025-01-07T18:11:36","date_gmt":"2025-01-07T17:11:36","guid":{"rendered":"https:\/\/www.kananas.com\/aerospatialeapres\/?p=1754"},"modified":"2025-01-08T14:02:05","modified_gmt":"2025-01-08T13:02:05","slug":"22-29-mai-2025-voyage-en-crete","status":"publish","type":"post","link":"https:\/\/www.kananas.com\/aerospatialeapres\/2025\/01\/07\/22-29-mai-2025-voyage-en-crete\/","title":{"rendered":"22 &#8211; 29 mai 2025 : Voyage en Cr\u00e8te"},"content":{"rendered":"<p style=\"text-align: center\"><span style=\"font-size: 24pt\"><em><strong>D\u00c9COUVERTE DE LA CR\u00c8TE<\/strong><\/em><\/span><\/p>\n<p style=\"text-align: center\"><span style=\"font-size: 14pt\"><strong>Du 22 mai au 29 mai 2025<\/strong><\/span><\/p>\n<p style=\"text-align: justify\"><img loading=\"lazy\" decoding=\"async\" class=\" wp-image-1760 alignleft\" src=\"https:\/\/www.kananas.com\/aerospatialeapres\/wp-content\/uploads\/sites\/236\/2024\/11\/Le-village-de-Mochlos-en-Crete-Grece--300x182.jpg\" alt=\"\" width=\"579\" height=\"351\" srcset=\"https:\/\/www.kananas.com\/aerospatialeapres\/wp-content\/uploads\/sites\/236\/2024\/11\/Le-village-de-Mochlos-en-Crete-Grece--300x182.jpg 300w, https:\/\/www.kananas.com\/aerospatialeapres\/wp-content\/uploads\/sites\/236\/2024\/11\/Le-village-de-Mochlos-en-Crete-Grece--1024x621.jpg 1024w, https:\/\/www.kananas.com\/aerospatialeapres\/wp-content\/uploads\/sites\/236\/2024\/11\/Le-village-de-Mochlos-en-Crete-Grece--768x465.jpg 768w, https:\/\/www.kananas.com\/aerospatialeapres\/wp-content\/uploads\/sites\/236\/2024\/11\/Le-village-de-Mochlos-en-Crete-Grece--1536x931.jpg 1536w, https:\/\/www.kananas.com\/aerospatialeapres\/wp-content\/uploads\/sites\/236\/2024\/11\/Le-village-de-Mochlos-en-Crete-Grece-.jpg 1980w\" sizes=\"auto, (max-width: 579px) 100vw, 579px\" \/>Entre l\u2019Europe et l\u2019Orient, \u00e0 deux pas de l\u2019Afrique, la Cr\u00e8te est la plus grande des \u00eeles de Gr\u00e8ce. A la voir sur une carte, elle a un peu une allure bizarre. \u00ab Elle ressemble un peu \u00e0 une bo\u00eete \u00e0 violon, grossi\u00e8rement d\u00e9coup\u00e9e \u00e0 la scie par un enfant arri\u00e9r\u00e9 \u00bb disait l&rsquo;\u00e9crivain Lawrence Durell. Franchement il n&rsquo;a pas tort. C&rsquo;est sur cette \u00ab \u00eele des Dieux \u00bb qu&rsquo;a grandi Zeus, et qu&rsquo;il est ensuite venu batifoler avec sa captive, la d\u00e9esse Europe. Sauf que tout \u00e7a, c&rsquo;est des histoires. Il y a bien des vestiges tr\u00e8s anciens notamment \u00e0 Knossos ou \u00e0 Malia, mais la Cr\u00e8te est aussi un \u00e9patant cocktail d&rsquo;autres richesses culturelles et de merveilles de la nature. C\u2019est une \u00eele rebelle o\u00f9 l\u2019on vit paisiblement, divis\u00e9e en 4 r\u00e9gions domin\u00e9es par 3 imposantes cha\u00eenes montagneuses, le tout entour\u00e9 par la M\u00e9diterran\u00e9e\u2026 Au fond, l\u2019\u00eele est un peu \u00e0 l\u2019image des cr\u00e9tois qui sont fiers, indomptables et baign\u00e9s depuis toujours dans la culture du \u00ab philotimo \u00bb. Ce mot, qui n\u2019a d\u2019\u00e9quivalent dans aucune autre langue, d\u00e9signe une philosophie fond\u00e9e sur le respect et l\u2019amour inconditionnel que chacun doit porter \u00e0 sa famille et ses amis. Un joli concept qui prend vie dans un tout aussi joli tableau !<\/p>\n<p style=\"text-align: center\"><span style=\"font-size: 18pt\"><strong>PROGRAMME<\/strong><\/span><\/p>\n<p><img loading=\"lazy\" decoding=\"async\" class=\" wp-image-1757 aligncenter\" src=\"https:\/\/www.kananas.com\/aerospatialeapres\/wp-content\/uploads\/sites\/236\/2024\/11\/crete-1-300x177.png\" alt=\"\" width=\"652\" height=\"385\" srcset=\"https:\/\/www.kananas.com\/aerospatialeapres\/wp-content\/uploads\/sites\/236\/2024\/11\/crete-1-300x177.png 300w, https:\/\/www.kananas.com\/aerospatialeapres\/wp-content\/uploads\/sites\/236\/2024\/11\/crete-1-1024x603.png 1024w, https:\/\/www.kananas.com\/aerospatialeapres\/wp-content\/uploads\/sites\/236\/2024\/11\/crete-1-768x452.png 768w, https:\/\/www.kananas.com\/aerospatialeapres\/wp-content\/uploads\/sites\/236\/2024\/11\/crete-1.png 1167w\" sizes=\"auto, (max-width: 652px) 100vw, 652px\" \/><\/p>\n<p style=\"text-align: justify\"><span style=\"color: #ff0000\"><strong><span style=\"font-size: 12pt\">JOUR 1\u00a0 \u00a0 PARIS\u00a0 &#8211; <\/span><\/strong><\/span><span style=\"font-size: 12pt\"><span style=\"color: #ff0000\"><strong>HERAKLION &#8211; ELOUNDA<\/strong>\u00a0\u00a0<\/span>\u00a0\u00a0\u00a0\u00a0\u00a0\u00a0\u00a0<\/span><\/p>\n<p style=\"text-align: justify\">Convocation des participants \u00e0 l&rsquo;a\u00e9roport de <strong>Paris Orly.<\/strong><\/p>\n<p style=\"text-align: justify\">Assistance aux formalit\u00e9s d\u2019enregistrement.<\/p>\n<p style=\"text-align: justify\"><strong>Envol \u00e0 destination d\u2019H\u00e9raklion sur vol r\u00e9gulier direct TRANSAVIA.<\/strong><\/p>\n<p style=\"text-align: justify\">Arriv\u00e9e \u00e0 l\u2019a\u00e9roport et accueil par votre guide accompagnateur francophone.<\/p>\n<p style=\"text-align: justify\">Transfert vers Elounda<\/p>\n<p style=\"text-align: justify\">Installation \u00e0 l\u2019h\u00f4tel pour 3 nuits cons\u00e9cutives et <strong>pr\u00e9sentation de votre s\u00e9jour autour d\u2019un verre de bienvenue<\/strong><\/p>\n<p style=\"text-align: justify\"><em>D\u00eener <\/em>et nuit au <strong>ROYAL MARMIN BOUTIQUE HOTEL 5*<\/strong> ou de m\u00eame cat\u00e9gorie.<\/p>\n<p style=\"text-align: justify\"><strong>\u00a0<\/strong><\/p>\n<p style=\"text-align: justify\"><span style=\"color: #ff0000\"><strong><span style=\"color: #ff0000\">JOUR 2<\/span>\u00a0 \u00a0 \u00a0<\/strong><\/span><strong><span style=\"color: #ff0000\">HERAKLION \u2013 ELOUNDA<\/span>\u00a0\u00a0\u00a0\u00a0\u00a0\u00a0\u00a0\u00a0\u00a0\u00a0\u00a0\u00a0\u00a0\u00a0\u00a0\u00a0\u00a0\u00a0\u00a0\u00a0\u00a0\u00a0\u00a0\u00a0\u00a0\u00a0\u00a0\u00a0\u00a0\u00a0\u00a0\u00a0\u00a0\u00a0\u00a0\u00a0\u00a0\u00a0\u00a0\u00a0\u00a0\u00a0\u00a0\u00a0\u00a0\u00a0\u00a0\u00a0\u00a0\u00a0\u00a0\u00a0\u00a0\u00a0\u00a0\u00a0\u00a0\u00a0\u00a0\u00a0\u00a0\u00a0\u00a0\u00a0\u00a0\u00a0\u00a0\u00a0\u00a0\u00a0\u00a0\u00a0\u00a0\u00a0\u00a0\u00a0\u00a0\u00a0\u00a0 <\/strong><\/p>\n<p style=\"text-align: justify\"><strong>\u00a0<\/strong>Petit d\u00e9jeuner \u00e0 l\u2019h\u00f4tel.<\/p>\n<p style=\"text-align: justify\"><strong>D\u00e9part en autocar vers le charmant petit-port de Sitia \u00e0 l\u2019extr\u00eame est de l\u2019ile.\u00a0 <\/strong><\/p>\n<p style=\"text-align: justify\"><strong>Continuation vers la palmeraie de Vai, <\/strong>bord\u00e9e d\u2019une magnifique plage de sable fin.<\/p>\n<p style=\"text-align: justify\">Arr\u00eat pour une baignade pour ceux qui le souhaitent.<\/p>\n<p style=\"text-align: justify\"><span style=\"color: #0000ff\"><em>D\u00e9jeuner de sp\u00e9cialit\u00e9s locales en cours d\u2019excursion \u00e0 la Taverne NEKTARIOS \u00e0 VAI.\u00a0 Agr\u00e9able taverne sur la plage de Vai\u00a0: Briam (L\u00e9gumes au four), Xigalo (cr\u00e8me de lait aigre), Filet d\u2019espadon pommes de terre au four, Portokalopita (g\u00e2teau \u00e0 l\u2019orange).<\/em><\/span><\/p>\n<p style=\"text-align: justify\"><strong>Puis visite du monast\u00e8re de Toplou, <\/strong>fi\u00e8rement dress\u00e9 dans un site rocailleux et sauvage. Le monast\u00e8re d\u2019Akrotiriani ou Toplou est un des monast\u00e8res les plus imposants et les plus historiques de Cr\u00e8te. Il s\u2019agit d\u2019un v\u00e9ritable fort mais aussi d\u2019un mus\u00e9e vivant de l\u2019histoire monastique de Cr\u00e8te. Pour des raisons d\u2019\u00e9conomie d\u2019espace mais aussi de s\u00e9curit\u00e9, les cellules sont construites sur trois \u00e9tages. La petite \u00e9glise \u00e0 deux nefs \u00e0 l\u2019ambiance solennelle est consacr\u00e9e \u00e0 la Vierge et \u00e0 Saint-Jean Th\u00e9ologien. Quelques peintures murales sont conserv\u00e9es et le retable comporte des ic\u00f4nes remarquables qui datent du 18e si\u00e8cle. L\u2019essor du monast\u00e8re commen\u00e7a au 15e si\u00e8cle, ainsi que t\u00e9moignent les ic\u00f4nes de cette p\u00e9riode<strong>.<\/strong><\/p>\n<p style=\"text-align: justify\">Retour \u00e0 l\u2019h\u00f4tel.<\/p>\n<p style=\"text-align: justify\"><strong>\u00a0<\/strong><em>D\u00eener<\/em> et nuit \u00e0 l\u2019h\u00f4tel.<\/p>\n<p>&nbsp;<\/p>\n<p style=\"text-align: justify\"><span style=\"color: #ff0000\"><strong>JOUR 3\u00a0 \u00a0 <\/strong><strong>ELOUNDA<\/strong><strong> &#8211; KRITSA \u2013 ELOUNDA &#8211; SPINALONGA &#8211; <\/strong><strong>ELOUNDA<\/strong><\/span><\/p>\n<p style=\"text-align: justify\"><strong>\u00a0<\/strong>Petit d\u00e9jeuner \u00e0 l\u2019h\u00f4tel.<\/p>\n<p style=\"text-align: justify\"><strong>\u00a0<\/strong><strong>D\u00e9part en autocar vers le pittoresque village de Kritsa, r\u00e9put\u00e9 pour ses broderies. <\/strong><\/p>\n<p style=\"text-align: justify\"><strong>\u00a0<\/strong><strong>Visite de la chapelle byzantine de la Panagia K\u00e9ra<\/strong>. Au niveau architectural, elle se pr\u00e9sente sous le type de la chapelle \u00e0 trois nefs, vo\u00fbt\u00e9e en berceau et \u00e0 cou+pole. Elle fut construite en deux phases successives. La premi\u00e8re \u00e9glise du 13\u00e8me si\u00e8cle compte une nef surmont\u00e9e d\u2019une coupole et est d\u00e9di\u00e9e \u00e0 la dormition de la Vierge. Il s\u2019agit de la nef centrale de l\u2019\u00e9glise actuelle. Les fresques les plus anciennes de l\u2019\u00e9glise datant probablement du milieu du 13\u00e8me si\u00e8cle se trouvent dans la conque de l\u2019autel.<\/p>\n<p style=\"text-align: justify\"><strong>L\u2019\u00e9glise est enti\u00e8rement d\u00e9cor\u00e9e de fresques qui datent de la m\u00eame p\u00e9riode que les rajouts architecturaux et les r\u00e9fections de l\u2019\u00e9glise<\/strong>. C\u2019est une des rares \u00e9glises o\u00f9 l\u2019on peut voir des sc\u00e8nes tir\u00e9es des \u00c9vangiles Apocryphes de Jacques (nef sud de Sainte Anne), aussi bien que des repr\u00e9sentations tr\u00e8s naturalistes, l\u2019expression intense des sentiments, \u00e9l\u00e9ments rarement rencontr\u00e9s dans l\u2019art byzantin. Le degr\u00e9 \u00e9lev\u00e9 de l\u2019esth\u00e9tique des figures peintes de la nef de Saint Antoine nous sugg\u00e8re un artiste important, probablement originaire de Constantinople. Cette \u00e9glise compte parmi les plus importantes et les mieux pr\u00e9serv\u00e9es de Cr\u00e8te.<\/p>\n<p style=\"text-align: justify\">Continuation vers <strong>Elounda<\/strong> et <strong>travers\u00e9e en ca\u00efque<\/strong> <strong>vers<\/strong> <strong>Spinalonga<\/strong><\/p>\n<p style=\"text-align: justify\"><strong>Visite de cet ilot rocailleux<\/strong> d\u2019\u00e0 peu pr\u00e8s 400 m de long sur 200 m de large, o\u00f9 les v\u00e9nitiens construisirent une forteresse remani\u00e9e en 1520, puis c\u00e9d\u00e9e aux turcs en 1715. Il subsiste au milieu d\u2019impressionnants remparts divers b\u00e2timents d\u00e9labr\u00e9s et des chapelles du 16\u00e8me si\u00e8cle. De 1904 \u00e0 1958, l\u2019ile abrita une l\u00e9proserie.<\/p>\n<p style=\"text-align: justify\"><em>\u00a0<\/em><span style=\"color: #0000ff\"><em>D\u00e9jeuner de sp\u00e9cialit\u00e9s locales en cours d\u2019excursion \u00e0 la Taverne NICOLAS \u00e0 Plaka \u2013 petite taverne typique de poisson frais avec vue sur l\u2019ile de Spinalonga\u00a0: Crevettes saganaki, moules vapeur, poulpe, loup de mer accompagne d\u2019herbes cr\u00e9toises en salade, sauce citron, fruits au sirop Gliko tou koutaliou en accompagnement du raki glace.<\/em><\/span><\/p>\n<p style=\"text-align: justify\"><em>\u00a0<\/em>Retour \u00e0 l&rsquo;h\u00f4tel<\/p>\n<p style=\"text-align: justify\"><strong>\u00a0<\/strong><em>D\u00eener <\/em>et nuit \u00e0 l\u2019h\u00f4tel.<\/p>\n<p>&nbsp;<\/p>\n<p style=\"text-align: justify\"><span style=\"color: #ff0000\"><strong>JOUR 4\u00a0 \u00a0 \u00a0 ELOUNDA &#8211; KNOSSOS &#8211; HERAKLION &#8211; RETHYMNON<\/strong><\/span><\/p>\n<p style=\"text-align: justify\">Petit-d\u00e9jeuner \u00e0 l\u2019h\u00f4tel.<\/p>\n<p style=\"text-align: justify\"><strong>Visite du<\/strong> <strong>site de Knossos, <\/strong>somptueux vestige de l\u2019\u00e9poque minoenne. Selon Hom\u00e8re, Cnossos \u00e9tait la capitale de la Cr\u00e8te. C\u2019est le plus grand des palais minoens. <strong>Visite du palais et des maisons qui datent du 14\u00e8me si\u00e8cle avant J.C. <\/strong><\/p>\n<p style=\"text-align: justify\"><em>\u00a0<\/em>Continuation vers H\u00e9raklion, capitale de l\u2019ile.<\/p>\n<p style=\"text-align: justify\"><span style=\"color: #0000ff\"><em>D\u00e9jeuner de sp\u00e9cialit\u00e9s locales en cours d&rsquo;excursion au restaurant \u00ab PLANI \u00bb &#8211;<\/em> <em>\u00e0 H\u00e9raklion.<\/em><\/span><\/p>\n<p style=\"text-align: justify\"><span style=\"color: #0000ff\"><em>Beau restaurant raffin\u00e9 dans le centre d\u2019H\u00e9raklion avec petit jardin tr\u00e8s agr\u00e9able pour un d\u00e9jeuner au frais\u00a0: Salade de betteraves au yaourt cr\u00e9tois, petites biscottes a la tomate et au fromage de feta, Salade verte au manouri et tomates cerises, Rouleau de poulet aux haricots frais, Panacotta.<\/em><\/span><\/p>\n<p style=\"text-align: justify\"><strong>Visite du mus\u00e9e arch\u00e9ologique d\u2019H\u00e9raklion<\/strong> : les collections expos\u00e9es sont les r\u00e9sultats de fouilles anciennes (depuis 1883) mais \u00e9galement plus r\u00e9centes avec des pi\u00e8ces in\u00e9dites provenant des sites de Poros, Gouves, Galatas&#8230; Les objets repr\u00e9sentatifs sont pr\u00e9sent\u00e9s dans l&rsquo;ordre chronologique afin de mieux appr\u00e9hender le d\u00e9veloppement social et culturel en Cr\u00e8te, du n\u00e9olithique \u00e0 l&rsquo;\u00e9poque romaine. Toutefois pour certaines collections comme les fresques minoennes, la pr\u00e9sentation th\u00e9matique jug\u00e9e plus appropri\u00e9e a \u00e9t\u00e9 privil\u00e9gi\u00e9e.<\/p>\n<p style=\"text-align: justify\"><em>\u00a0<\/em>Installation \u00e0 <strong>l\u2019h\u00f4tel AMIRA LUXURY RESORT AND SPA 5*<\/strong> (ou de m\u00eame cat\u00e9gorie) \u00e0 R\u00e9thymnon.<\/p>\n<p style=\"text-align: justify\"><strong>\u00a0<\/strong><em>D\u00eener<\/em> et nuit \u00e0 l\u2019h\u00f4tel<\/p>\n<p>&nbsp;<\/p>\n<p style=\"text-align: justify\"><span style=\"color: #ff0000\"><strong>JOUR 5\u00a0 \u00a0 RETHYMNON \u2013 MONASTERE D\u2019ARCADI &#8211; RETHYMNON<\/strong><\/span><\/p>\n<p style=\"text-align: justify\">Petit d\u00e9jeuner \u00e0 l\u2019h\u00f4tel.<\/p>\n<p style=\"text-align: justify\">D\u00e9part en autocar vers <strong>la vieille ville de<\/strong> <strong>R\u00e9thymnon<\/strong> <strong>et son pittoresque petit port v\u00e9nitien.<\/strong><\/p>\n<p style=\"text-align: justify\"><strong>Visite \u00e0 pied \u00e0 travers les ruelles de la vieille ville\u00a0: <\/strong>partout autour de vous des vestiges des occupations v\u00e9nitiennes et turques avec divers d\u00e9tails architecturaux : balcons ferm\u00e9s turcs, portails orn\u00e9s de sculptures, contribuant au grand charme de la ville. Visite de citadelle v\u00e9nitienne dominant la ville avec de splendides vues sur la ville, la c\u00f4te et la mer.<\/p>\n<p style=\"text-align: justify\"><strong>D\u00e9part vers le monast\u00e8re d\u2019Arkadi, <\/strong>\u00e0 travers la belle nature cr\u00e9toise compos\u00e9e d\u2019olivaies et de profondes gorges verdoyantes. Symbole de la r\u00e9sistance cr\u00e9toise, avec son \u00e9glise de style baroque, le monast\u00e8re offre \u00e0 l\u2019int\u00e9rieur de sa cour une ambiance \u00e0 la fois paisible et charg\u00e9e d\u2019une \u00e9motion intense. Le petit mus\u00e9e raconte l\u2019histoire tragique de ce site magnifique.<\/p>\n<p style=\"text-align: justify\"><span style=\"color: #0000ff\"><em>D\u00e9jeuner de sp\u00e9cialit\u00e9s locales \u00e0 la Taverne ARAVANES \u2013<\/em> <em>(Taverne traditionnelle, servant des sp\u00e9cialit\u00e9s \u00a0\u00a0\u00a0\u00a0cr\u00e9toises offrant de belles vues sur la nature environnante).<\/em><\/span><\/p>\n<p style=\"text-align: justify\"><strong>Le\u00e7on de cuisine cr\u00e9toise et fabrication du tzatziki et des petits feuillet\u00e9s au fromage doux.<\/strong><\/p>\n<p style=\"text-align: justify\"><strong>Puis menu : Tzatzikli, Salade Cretoise, Porc au four avec ses petits l\u00e9gumes, Fruits de saison, petits feuillet\u00e9s au fromage.<\/strong><\/p>\n<p style=\"text-align: justify\">Le bus vous m\u00e8nera ensuite \u00e0 une petite distance de R\u00e9thymnon, pour <strong>visiter la N\u00e9cropole minoenne<\/strong> <strong>d\u2019Armeni<\/strong> : ce site arch\u00e9ologique d&rsquo;exception est compos\u00e9 de 280 tombes creus\u00e9es dans la pierre datant de <a href=\"http:\/\/www.memo.fr\/articleRoute.asp?ID=ANT_CRE_001\">l&rsquo;\u00e9poque minoenne<\/a> post palatiale (1&rsquo;400 av. J.-C.), de toutes tailles et dont certaines peuvent \u00eatre visit\u00e9es\u2026<\/p>\n<p style=\"text-align: justify\"><em>\u00a0<\/em>Retour \u00e0 l&rsquo;h\u00f4tel puis <strong>SOIREE FOLKLORIQUE CRETOISE.<\/strong><\/p>\n<p style=\"text-align: justify\"><strong>\u00a0<\/strong><em>D\u00eener<\/em> et nuit \u00e0 l\u2019h\u00f4tel<strong>. <\/strong><\/p>\n<p style=\"text-align: justify\"><strong>\u00a0<\/strong><\/p>\n<p style=\"text-align: justify\"><span style=\"color: #ff0000\"><strong>JOUR 6\u00a0 \u00a0 \u00a0RETHYMNON &#8211; PHAESTOS &#8211; GORTYS &#8211; MATALA &#8211; RETHYMNON<\/strong><\/span><\/p>\n<p style=\"text-align: justify\">Petit d\u00e9jeuner \u00e0 l\u2019h\u00f4tel.<\/p>\n<p style=\"text-align: justify\">D\u00e9part en autocar vers le sud de l\u2019ile et visite <strong>de Phaistos, second<\/strong> <strong>palais minoen de Cr\u00e8te<\/strong> juste apr\u00e8s celui de Knossos. Construit sur la colline de Kastri dans une r\u00e9gion o\u00f9 un village s&rsquo;\u00e9tait \u00e9tabli pr\u00e8s de la rivi\u00e8re Geropotamos d\u00e8s le n\u00e9olithique, le palais minoen domine la plaine de la Messara. Les premi\u00e8res fondations sont dat\u00e9es de 1900 \u2013 1700 avant notre \u00e8re mais l&rsquo;essentiel des vestiges visibles actuellement sont de la p\u00e9riode n\u00e9opalatiale (1700 \u00e0 1450 avant notre \u00e8re).<\/p>\n<p style=\"text-align: justify\">Nous poursuivrons par <strong>la visite du site de<\/strong> <strong>Gortys,<\/strong> ville morte dont les ruines dispers\u00e9es sous de magnifiques oliviers donnent une id\u00e9e de ce que put \u00eatre \u00e0 l\u2019\u00e9poque romaine une capitale provinciale.<\/p>\n<p style=\"text-align: justify\"><strong>Visite de la basilique de St Titus<\/strong>, premi\u00e8re \u00e9glise chr\u00e9tienne de l\u2019ile et de l\u2019od\u00e9on o\u00f9 se trouvent les pierres sur lesquelles furent grav\u00e9es les codes de la loi de Gortys, \u00e0 l\u2019origine du code p\u00e9nal civil.<\/p>\n<p style=\"text-align: justify\"><span style=\"color: #0000ff\"><em>D\u00e9jeuner de sp\u00e9cialit\u00e9s locales en cours d\u2019excursion \u00e0 la taverne PETRA VOTSALO en bord de mer sur la plage de Matala, la plage des Hippies\u00a0: Aubergine souffle, poivron farci, champignons au rakomelo, salade verte aux petits oignons et \u00e0 l\u2019aneth , Moussaka, G\u00e2teau aux noix.<\/em><\/span><\/p>\n<p style=\"text-align: justify\"><strong>Continuation jusqu\u2019au petit port de p\u00eache aux falaises <\/strong>creus\u00e9es d\u2019une multitude de petites grottes bord\u00e9es d\u2019une longue plage de sable. Baignade pour les personnes qui le d\u00e9sirent.<\/p>\n<p style=\"text-align: justify\">Retour \u00e0 l&rsquo;h\u00f4tel.<\/p>\n<p style=\"text-align: justify\"><em>D\u00eener<\/em> et nuit \u00e0 l\u2019h\u00f4tel<\/p>\n<p>&nbsp;<\/p>\n<p style=\"text-align: justify\"><span style=\"color: #ff0000\"><strong>JOUR 7\u00a0 \u00a0 \u00a0RETHYMNON &#8211; CHANIA\u00a0 -ACROTIRI &#8211; RETHYMNON<\/strong><\/span><\/p>\n<p style=\"text-align: justify\">Petit d\u00e9jeuner \u00e0 l\u2019h\u00f4tel.<\/p>\n<p style=\"text-align: justify\"><strong>\u00a0<\/strong>D\u00e9part en autocar pour <strong>La Can\u00e9e.<\/strong><\/p>\n<p style=\"text-align: justify\"><strong>\u00a0<\/strong><strong>Visite de la ville o\u00f9 l\u2019on retrouve le mieux l\u2019atmosph\u00e8re de la cit\u00e9 v\u00e9nitienne<\/strong> des 16\u00e8me et 17\u00e8me si\u00e8cle avec ses vieilles maisons, ses remparts et ses arsenaux qui s\u2019ordonnent autour du vieux port. L\u2019occupation turque y a laiss\u00e9 un cachet oriental.<\/p>\n<p style=\"text-align: justify\"><strong>Visite du march\u00e9 couvert<\/strong>\u00a0: le grand march\u00e9 couvert de la Can\u00e9e a ouvert en 1913 dans le cadre des c\u00e9l\u00e9brations d&rsquo;unification avec la Gr\u00e8ce continentale. Son mod\u00e8le a \u00e9t\u00e9 inspir\u00e9 du march\u00e9 de Marseille et il s\u2019agit d\u2019un magnifique b\u00e2timent recouvrant environ 76 boutiques et caf\u00e9s. D\u00e9clar\u00e9 patrimoine prot\u00e9g\u00e9 depuis 1980, il abrite aujourd\u2019hui la richesse des incomparables produits cr\u00e9tois : viandes, poissons, fromages locaux plantes aromatiques et objets traditionnels.<\/p>\n<p style=\"text-align: justify\"><strong>\u00a0<\/strong><strong>Visite du port v\u00e9nitien\u00a0:<\/strong> \u00e0 l&rsquo;entr\u00e9e du port, vous trouverez le fort Firkas, qui signifie caserne en turc, construit en 1629 pour prot\u00e9ger l&rsquo;entr\u00e9e du port. C&rsquo;est l\u00e0 que le drapeau grec a \u00e9t\u00e9 hiss\u00e9 en 1913 apr\u00e8s l&rsquo;unification de la Cr\u00e8te avec la Gr\u00e8ce.<\/p>\n<p style=\"text-align: justify\"><em>\u00a0<\/em><span style=\"color: #0000ff\"><em>D\u00e9jeuner de sp\u00e9cialit\u00e9s locales en cours d\u2019excursion au restaurant ZEPPOS.<\/em><\/span><\/p>\n<p style=\"text-align: justify\"><span style=\"color: #0000ff\"><em>Ce restaurant situ\u00e9 sur le tr\u00e8s pittoresque port v\u00e9nitien de la Can\u00e9e offre d\u2019excellentes sp\u00e9cialit\u00e9s cr\u00e9toises\u00a0: Fromage po\u00eal\u00e9 fa\u00e7on saganaki, petits calamars en friture, Poisson a la Spetsiota, Salade cr\u00e9toise, Cr\u00e8me glac\u00e9e<\/em><\/span><\/p>\n<p style=\"text-align: justify\"><em>\u00a0<\/em><strong>D\u00e9part pour la presqu\u2019ile d\u2019Acrotiri <\/strong>afin de visiter le monast\u00e8re d\u2019Agia Triada qui conserve une \u00e9glise Renaissance dat\u00e9e de 1632. <strong>Vous pourrez profiter d\u2019une d\u00e9gustation de vins cr\u00e9tois au monast\u00e8re.<\/strong><\/p>\n<p style=\"text-align: justify\"><strong>Le monast\u00e8re d\u2019Agia Triada (Sainte Trinit\u00e9) est probablement le complexe monastique<\/strong> le plus impressionnant datant de la fin de l\u2019occupation v\u00e9nitienne en Cr\u00e8te, tant du fait de son volume que de son style architectural. Il combine des \u00e9l\u00e9ments de la pratique monastique orthodoxe aux formes architecturales occidentales, exprimant ainsi l\u2019esprit de convergence entre les deux dogmes, en Cr\u00e8te.<br \/>\nLe complexe est de type fortifi\u00e9, forme un grand quadrilat\u00e8re. Le catholicon imposant se trouve au centre, flanqu\u00e9 de deux petites chapelles, comme c\u2019est l\u2019habitude dans les monast\u00e8res orthodoxes. La stricte sym\u00e9trie et l\u2019usage de formes issues de l\u2019Antiquit\u00e9 classique sont les principaux \u00e9l\u00e9ments qui le caract\u00e9risent.<\/p>\n<p style=\"text-align: justify\"><em>\u00a0<\/em>Retour \u00e0 l\u2019h\u00f4tel.<\/p>\n<p style=\"text-align: justify\"><em>D\u00eener<\/em> et nuit \u00e0 l\u2019h\u00f4tel.<\/p>\n<p>&nbsp;<\/p>\n<p style=\"text-align: justify\"><span style=\"color: #ff0000\"><strong>JOUR 8\u00a0 \u00a0 \u00a0 \u00a0RETHYMNON &#8211; HERAKLION\u00a0 <\/strong><strong>&#8211;<\/strong><strong> PARIS <\/strong><\/span><\/p>\n<p style=\"text-align: justify\">Petit d\u00e9jeuner \u00e0 l\u2019h\u00f4tel.<\/p>\n<p style=\"text-align: justify\"><strong>\u00a0<\/strong>Transfert \u00e0 l&rsquo;a\u00e9roport de <strong>H\u00e9raklion.<\/strong><\/p>\n<p style=\"text-align: justify\">Assistance aux formalit\u00e9s d\u2019enregistrement.<\/p>\n<p style=\"text-align: justify\">Envol \u00e0 destination de<strong> Paris <\/strong>sur vol r\u00e9gulier direct<strong> TRANSAVIA.<\/strong><\/p>\n<p style=\"text-align: justify\">Arriv\u00e9e \u00e0 <strong>Paris Orly.<\/strong><\/p>\n<p style=\"text-align: justify\"><em><u>N.B<\/u><\/em> <em>: L&rsquo;ordre des visites pourra \u00eatre modifi\u00e9 selon les imp\u00e9ratifs locaux<\/em><\/p>\n<p>&nbsp;<\/p>\n<p style=\"text-align: center\"><span style=\"font-size: 14pt\"><strong>MODALIT\u00c9S<\/strong><\/span><\/p>\n<p style=\"text-align: justify\">\n<p>Prix par personne <strong>Adh\u00e9rent <\/strong>en chambre double\u00a0: <strong>1<\/strong><strong>\u00a0950 \u20ac\u00a0 <\/strong>base 15\/20 participants.<\/p>\n<p>Prix par personne <strong>Membre Bienfaiteur et<\/strong> <strong>Invit\u00e9<\/strong> en chambre double\u00a0: <strong>2<\/strong><strong>\u00a0740 \u20ac<\/strong>\u00a0 base 15\/20 participants.<\/p>\n<p>&nbsp;<\/p>\n<p>Suppl\u00e9ment chambre individuelle\u00a0<strong>: Adh\u00e9rent<\/strong>\u00a0:350\u00a0\u20ac\u00a0\u00a0\u00a0\u00a0\u00a0\u00a0\u00a0\u00a0\u00a0\u00a0 <strong>Membre Bienfaiteur et Invit\u00e9<\/strong>\u00a0: 650\u00a0\u20ac<\/p>\n<p>&nbsp;<\/p>\n<p><u>Ce prix comprend<\/u>\u00a0:<\/p>\n<p>&nbsp;<\/p>\n<ul>\n<li>Le transport a\u00e9rien sur vols r\u00e9guliers directs TRANSAVIA \u2013 PARIS \/ H\u00c9RAKLION \/ PARIS.<\/li>\n<li>Les taxes d\u2019a\u00e9roport 35 \u20ac par personne \u00e0 ce jour.<\/li>\n<li>La franchise bagage (15 kg en soute).<\/li>\n<li>Le transport terrestre en autocar priv\u00e9,<\/li>\n<li>Le trajet en \u00ab\u00a0ca\u00efque\u00a0\u00bb vers l\u2019ile de Spinalonga.<\/li>\n<li>L\u2019h\u00e9bergement en chambre double en h\u00f4tels de cat\u00e9gorie 5*.<\/li>\n<li>La pension compl\u00e8te du d\u00eener du jour 1 au petit d\u00e9jeuner du jour 8 dont 6 d\u00e9jeuners en taverne et restaurants s\u00e9lectionn\u00e9s, avec repas bas\u00e9s sur une cuisine traditionnelle Cr\u00e9toises (Repas\u00a0: entr\u00e9e, salade, plat, dessert).<\/li>\n<li>Les boissons aux repas (1\/4 de vin et 1\/2 d\u2019eau<\/li>\n<li>Les visites et excursions mentionn\u00e9es au programme (frais d\u2019entr\u00e9es inclus sur sites et mus\u00e9es).<\/li>\n<li>L\u2019assurance assistance garantie (rapatriement, annulation bagages, interruption de s\u00e9jour et documents de voyage.<\/li>\n<li>Les taxes de s\u00e9jours et locales.<\/li>\n<li>Les services d\u2019un guide-accompagnateur francophone du jour 1 au jour 8. Les visites et entr\u00e9es aux sites. Les taxes et services (pourboires h\u00f4tels et restaurants).<\/li>\n<\/ul>\n<p><em>\u00a0<\/em><\/p>\n<p><em>\u00a0<\/em><em>Pour vous inscrire<\/em>, adressez par courrier <span style=\"color: #ff0000\"><strong><u>imp\u00e9rativement avant le mercredi 22 janvier 2025 <\/u><\/strong><\/span>\u00e0\u00a0:<\/p>\n<p>&nbsp;<\/p>\n<p>&nbsp;<\/p>\n<p style=\"text-align: center\">H\u00f4tel de Ville<\/p>\n<p style=\"text-align: center\">Association AEROSPATIALE A.P.R.\u00c9.S.<\/p>\n<p style=\"text-align: center\">\u2013 Cr\u00eate \u2013<\/p>\n<p style=\"text-align: center\">\u00a0 \u00a0 \u00a0 \u00a0 \u00a0 2 rue Carnot \u2013 92150 Suresnes<\/p>\n<p style=\"text-align: center\">\n<p><em>Le bulletin d&rsquo;inscription que vous avez re\u00e7u <strong>et les ch\u00e8ques n\u00b0 1, 2, 3et 4 <\/strong>(\u00e0 l&rsquo;ordre d\u2019AEROSPATIALE\u00a0 A.P.R.<\/em><em>\u00c9.<\/em><em>S.)<\/em><\/p>\n<p><em>\u00a0<\/em><\/p>\n<p><em>\u00a0<\/em><\/p>\n<p>La date du cachet de la poste d\u00e9terminera l&rsquo;ordre des inscriptions. Ce voyage est ouvert \u00e0 vos invit\u00e9s, mais les adh\u00e9rents, puis les membres bienfaiteurs de l\u2019association AEROSPATIALE A.P.R.\u00c9.S restent prioritaires pour l&rsquo;ordre d&rsquo;inscription, dans la limite des places disponibles.<\/p>\n<p>&nbsp;<\/p>\n<p>Le nombre de participants est limit\u00e9 \u00e0 20 et ce voyage ne pourra \u00eatre organis\u00e9 \u00e0 moins de 15 personnes.<\/p>\n<p>&nbsp;<\/p>\n<p><strong><em><u>Formalit\u00e9s<\/u><\/em><\/strong><strong><em>\u00a0:<\/em><\/strong> <strong><em>en cours de validit\u00e9, carte nationale d\u2019identit\u00e9 ou passeport<\/em><\/strong><\/p>\n<p><strong>\u00a0<\/strong><strong> \u00a0 <\/strong><\/p>\n<p>&nbsp;<\/p>\n","protected":false},"excerpt":{"rendered":"<p>D\u00c9COUVERTE DE LA CR\u00c8TE Du 22 mai au 29 mai 2025 Entre l\u2019Europe et l\u2019Orient, \u00e0 deux pas de l\u2019Afrique, la Cr\u00e8te est la plus grande des \u00eeles de Gr\u00e8ce. A la voir sur une carte, elle a un peu une allure bizarre. \u00ab Elle ressemble un peu \u00e0 une bo\u00eete \u00e0 violon, grossi\u00e8rement d\u00e9coup\u00e9e &hellip; <\/p>\n<p><a class=\"more-link btn\" href=\"https:\/\/www.kananas.com\/aerospatialeapres\/2025\/01\/07\/22-29-mai-2025-voyage-en-crete\/\">Lire la suite<\/a><\/p>\n","protected":false},"author":243,"featured_media":0,"comment_status":"open","ping_status":"open","sticky":false,"template":"","format":"standard","meta":{"_crdt_document":"","footnotes":""},"categories":[7],"tags":[],"class_list":["post-1754","post","type-post","status-publish","format-standard","hentry","category-commission-voyages","item-wrap"],"_links":{"self":[{"href":"https:\/\/www.kananas.com\/aerospatialeapres\/wp-json\/wp\/v2\/posts\/1754","targetHints":{"allow":["GET"]}}],"collection":[{"href":"https:\/\/www.kananas.com\/aerospatialeapres\/wp-json\/wp\/v2\/posts"}],"about":[{"href":"https:\/\/www.kananas.com\/aerospatialeapres\/wp-json\/wp\/v2\/types\/post"}],"author":[{"embeddable":true,"href":"https:\/\/www.kananas.com\/aerospatialeapres\/wp-json\/wp\/v2\/users\/243"}],"replies":[{"embeddable":true,"href":"https:\/\/www.kananas.com\/aerospatialeapres\/wp-json\/wp\/v2\/comments?post=1754"}],"version-history":[{"count":17,"href":"https:\/\/www.kananas.com\/aerospatialeapres\/wp-json\/wp\/v2\/posts\/1754\/revisions"}],"predecessor-version":[{"id":1790,"href":"https:\/\/www.kananas.com\/aerospatialeapres\/wp-json\/wp\/v2\/posts\/1754\/revisions\/1790"}],"wp:attachment":[{"href":"https:\/\/www.kananas.com\/aerospatialeapres\/wp-json\/wp\/v2\/media?parent=1754"}],"wp:term":[{"taxonomy":"category","embeddable":true,"href":"https:\/\/www.kananas.com\/aerospatialeapres\/wp-json\/wp\/v2\/categories?post=1754"},{"taxonomy":"post_tag","embeddable":true,"href":"https:\/\/www.kananas.com\/aerospatialeapres\/wp-json\/wp\/v2\/tags?post=1754"}],"curies":[{"name":"wp","href":"https:\/\/api.w.org\/{rel}","templated":true}]}}