{"id":1782,"date":"2024-12-04T14:24:22","date_gmt":"2024-12-04T13:24:22","guid":{"rendered":"https:\/\/www.kananas.com\/aerospatialeapres\/?p=1782"},"modified":"2025-01-08T15:28:57","modified_gmt":"2025-01-08T14:28:57","slug":"vendredi-13-janvier-visite-de-lexposition-surrealisme-lexposition-du-centenaire","status":"publish","type":"post","link":"https:\/\/www.kananas.com\/aerospatialeapres\/2024\/12\/04\/vendredi-13-janvier-visite-de-lexposition-surrealisme-lexposition-du-centenaire\/","title":{"rendered":"Vendredi 10 janvier : Visite de l&rsquo;exposition \u00ab\u00a0Surr\u00e9alisme. L\u2019exposition du centenaire\u00a0\u00bb"},"content":{"rendered":"<p style=\"text-align: center\"><span style=\"font-size: 24pt\"><strong>\u00ab\u00a0Surr\u00e9alisme. L\u2019exposition du centenaire\u00a0\u00bb au Centre Pompidou<\/strong><\/span><\/p>\n<p style=\"text-align: center\"><span style=\"font-size: 24pt\"><strong>Le vendredi 10 janvier 2025 \u00e0 14\u00a0h\u00a015<\/strong><\/span><\/p>\n<p>&nbsp;<\/p>\n<p style=\"text-align: justify\"><img loading=\"lazy\" decoding=\"async\" class=\"wp-image-1786 alignleft\" src=\"https:\/\/www.kananas.com\/aerospatialeapres\/wp-content\/uploads\/sites\/236\/2024\/12\/00-1024x576-1-300x169.jpg\" alt=\"\" width=\"527\" height=\"297\" srcset=\"https:\/\/www.kananas.com\/aerospatialeapres\/wp-content\/uploads\/sites\/236\/2024\/12\/00-1024x576-1-300x169.jpg 300w, https:\/\/www.kananas.com\/aerospatialeapres\/wp-content\/uploads\/sites\/236\/2024\/12\/00-1024x576-1-768x432.jpg 768w, https:\/\/www.kananas.com\/aerospatialeapres\/wp-content\/uploads\/sites\/236\/2024\/12\/00-1024x576-1.jpg 1024w\" sizes=\"auto, (max-width: 527px) 100vw, 527px\" \/>Le mouvement Surr\u00e9aliste f\u00eate cette ann\u00e9e ses 100 ans ! Le Centre Pompidou organise \u00e0 cette occasion une exposition consacr\u00e9e \u00e0 ce courant initi\u00e9 et th\u00e9oris\u00e9 par Andr\u00e9 Breton dans son Manifeste de 1924. Au-del\u00e0 des grands noms du mouvement, Magritte, Man Ray, Dali, Ernst, Miro, les femmes seront \u00e9galement mises \u00e0 l\u2019honneur. L\u2019occasion de red\u00e9couvrir Dora Maar, L\u00e9onor Fini ou L\u00e9onora Carrington. Le riche parcours th\u00e9matique offre une travers\u00e9e magistrale du surr\u00e9alisme dans l\u2019art mais aussi dans la litt\u00e9rature et le cin\u00e9ma.<\/p>\n<p>&nbsp;<\/p>\n<p>&nbsp;<\/p>\n<p>&nbsp;<\/p>\n<p>&nbsp;<\/p>\n<p style=\"text-align: justify\"><em><strong>Date limite d&rsquo;inscription :<\/strong><\/em> Le <strong>jeudi 20 d\u00e9cembre<\/strong> 2024 ; le nombre de participants est limit\u00e9 \u00e0 20.<br \/>\nLes inscriptions seront prises dans l\u2019ordre de la date du cachet de la Poste.<\/p>\n<p style=\"text-align: justify\"><em><strong>Prix par personne :<\/strong><\/em>\u00a0 \u00a0 \u00a0<strong>Membre : 10 \u20ac\u00a0 \u00a0 \u00a0 \u00a0 \u00a0 \u00a0Invit\u00e9 : 20 \u20ac<\/strong><\/p>\n<p style=\"text-align: justify\"><em><strong>Pour vous inscrire :<\/strong><\/em> Envoyez le bulletin d\u2019inscription que vous avez re\u00e7u compl\u00e9t\u00e9 et accompagn\u00e9 de votre r\u00e8glement par ch\u00e8que \u00e0 l&rsquo;ordre de AEROSPATIALE A.P.R.\u00c9.S., \u00e0 l\u2019adresse<br \/>\nH\u00f4tel de Ville &#8211; Association AEROSPATIALE A.P.R.\u00c9.S.<br \/>\n2, rue Carnot 92150 SURESNES.<\/p>\n<p style=\"text-align: justify\"><em><strong>Rendez-vous :<\/strong><\/em> Le <span style=\"color: #ff0000\"><strong>vendredi 10 janvier 2025 \u00e0 14 h 00<\/strong><\/span> devant l\u2019entr\u00e9e Groupes du Centre Pompidou place Georges Pompidou 75004 Paris.<\/p>\n<p style=\"text-align: justify\"><em><strong>Transport :<\/strong><\/em> M\u00e9tro : Rambuteau (11), H\u00f4tel de Ville (1, 11), Ch\u00e2telet (1, 4, 7, 11, 14) ; RER Ch\u00e2telet les Halles (lignes A, B et D) ; Bus : 29, 38, 47, 75.<\/p>\n<p style=\"text-align: justify\"><em><strong>Contact :<\/strong><\/em> Annick Cavedon<\/p>\n<p style=\"text-align: center\"><em>\u2666 Important : le retour du bulletin ci-joint nous est indispensable pour effectuer la r\u00e9servation<\/em><br \/>\n<em>Si vous ne pouvez pas l\u2019imprimer, merci d\u2019indiquer les informations sur papier libre \u2666<\/em><\/p>\n","protected":false},"excerpt":{"rendered":"<p>\u00ab\u00a0Surr\u00e9alisme. L\u2019exposition du centenaire\u00a0\u00bb au Centre Pompidou Le vendredi 10 janvier 2025 \u00e0 14\u00a0h\u00a015 &nbsp; Le mouvement Surr\u00e9aliste f\u00eate cette ann\u00e9e ses 100 ans ! Le Centre Pompidou organise \u00e0 cette occasion une exposition consacr\u00e9e \u00e0 ce courant initi\u00e9 et th\u00e9oris\u00e9 par Andr\u00e9 Breton dans son Manifeste de 1924. Au-del\u00e0 des grands noms du mouvement, &hellip; <\/p>\n<p><a class=\"more-link btn\" href=\"https:\/\/www.kananas.com\/aerospatialeapres\/2024\/12\/04\/vendredi-13-janvier-visite-de-lexposition-surrealisme-lexposition-du-centenaire\/\">Lire la suite<\/a><\/p>\n","protected":false},"author":243,"featured_media":0,"comment_status":"open","ping_status":"open","sticky":false,"template":"","format":"standard","meta":{"_crdt_document":"","footnotes":""},"categories":[2],"tags":[],"class_list":["post-1782","post","type-post","status-publish","format-standard","hentry","category-commission-culturelle","item-wrap"],"_links":{"self":[{"href":"https:\/\/www.kananas.com\/aerospatialeapres\/wp-json\/wp\/v2\/posts\/1782","targetHints":{"allow":["GET"]}}],"collection":[{"href":"https:\/\/www.kananas.com\/aerospatialeapres\/wp-json\/wp\/v2\/posts"}],"about":[{"href":"https:\/\/www.kananas.com\/aerospatialeapres\/wp-json\/wp\/v2\/types\/post"}],"author":[{"embeddable":true,"href":"https:\/\/www.kananas.com\/aerospatialeapres\/wp-json\/wp\/v2\/users\/243"}],"replies":[{"embeddable":true,"href":"https:\/\/www.kananas.com\/aerospatialeapres\/wp-json\/wp\/v2\/comments?post=1782"}],"version-history":[{"count":5,"href":"https:\/\/www.kananas.com\/aerospatialeapres\/wp-json\/wp\/v2\/posts\/1782\/revisions"}],"predecessor-version":[{"id":1815,"href":"https:\/\/www.kananas.com\/aerospatialeapres\/wp-json\/wp\/v2\/posts\/1782\/revisions\/1815"}],"wp:attachment":[{"href":"https:\/\/www.kananas.com\/aerospatialeapres\/wp-json\/wp\/v2\/media?parent=1782"}],"wp:term":[{"taxonomy":"category","embeddable":true,"href":"https:\/\/www.kananas.com\/aerospatialeapres\/wp-json\/wp\/v2\/categories?post=1782"},{"taxonomy":"post_tag","embeddable":true,"href":"https:\/\/www.kananas.com\/aerospatialeapres\/wp-json\/wp\/v2\/tags?post=1782"}],"curies":[{"name":"wp","href":"https:\/\/api.w.org\/{rel}","templated":true}]}}