{"id":1860,"date":"2025-07-10T17:50:32","date_gmt":"2025-07-10T15:50:32","guid":{"rendered":"https:\/\/www.kananas.com\/aerospatialeapres\/?p=1860"},"modified":"2025-09-04T18:03:13","modified_gmt":"2025-09-04T16:03:13","slug":"jeudi-4-septembre-visite-de-la-vigne-et-du-chai-les-coteaux-de-louveciennes","status":"publish","type":"post","link":"https:\/\/www.kananas.com\/aerospatialeapres\/2025\/07\/10\/jeudi-4-septembre-visite-de-la-vigne-et-du-chai-les-coteaux-de-louveciennes\/","title":{"rendered":"jeudi 4 septembre : Visite de la vigne et du chai \u00ab Les Coteaux de Louveciennes \u00bb,"},"content":{"rendered":"<p>&nbsp;<\/p>\n<p>&nbsp;<\/p>\n<p style=\"text-align: justify\"><img loading=\"lazy\" decoding=\"async\" class=\" wp-image-1861 alignleft\" src=\"https:\/\/www.kananas.com\/aerospatialeapres\/wp-content\/uploads\/sites\/236\/2025\/09\/Vigne-Louveciennes-300x225.png\" alt=\"\" width=\"441\" height=\"331\" srcset=\"https:\/\/www.kananas.com\/aerospatialeapres\/wp-content\/uploads\/sites\/236\/2025\/09\/Vigne-Louveciennes-300x225.png 300w, https:\/\/www.kananas.com\/aerospatialeapres\/wp-content\/uploads\/sites\/236\/2025\/09\/Vigne-Louveciennes-50x38.png 50w, https:\/\/www.kananas.com\/aerospatialeapres\/wp-content\/uploads\/sites\/236\/2025\/09\/Vigne-Louveciennes.png 680w\" sizes=\"auto, (max-width: 441px) 100vw, 441px\" \/>Les vignes des Coteaux de Louveciennes poussent au pied de l\u2019aqueduc, reste de la Machine de Marly qui, \u00e0 l\u2019\u00e9poque de Louis XIV, transportait l\u2019eau pomp\u00e9e dans la Seine \u00e0 Port Marly jusqu\u2019aux fontaines et jets d\u2019eau des ch\u00e2teaux de Marly et de Versailles.<br \/>\nC\u2019est en 2006 qu\u2019un habitant de Louveciennes a d\u00e9cid\u00e9 de cr\u00e9er l\u2019association des Coteaux de Louveciennes, dans le but de reb\u00e2tir une vigne sur la commune de Louveciennes.<br \/>\nAujourd\u2019hui cette vigne compte 800 pieds, uniquement des c\u00e9pages blancs : 85% de Pinot Auxerrois et 15% de Chardonnay.<br \/>\nElle produit 3 vins : un tiers de vin blanc sec, un tiers de vin orange (vin de mac\u00e9ration \u00e9labor\u00e9 comme du vin rouge mais avec des raisins blancs) et un tiers de cr\u00e9mant suivant la m\u00e9thode champenoise.<br \/>\nLa visite comment\u00e9e de la vigne et du chai de l\u2019association \u00ab les Coteaux de Louveciennes \u00bb comprend la d\u00e9gustation des vins de l\u2019association.<br \/>\nElle sera suivie d\u2019un d\u00e9jeuner (menu unique) au restaurant Les Chandelles de Louveciennes (10 mn \u00e0 pied).<\/p>\n<p><em><strong>Date limite d&rsquo;inscription : <\/strong><\/em>le <em><strong>5 ao\u00fbt 2025<\/strong><\/em> ; le nombre de participants est limit\u00e9 \u00e0 20.<br \/>\nLes inscriptions seront prises dans l\u2019ordre de la date du cachet de la Poste.<\/p>\n<p><em><strong>Prix par personne :<\/strong><\/em><br \/>\nVisite et d\u00e9jeuner :\u00a0 \u00a0Membre : <em><strong><span style=\"color: #ff0000\">35 \u20ac\u00a0<\/span><\/strong><\/em> \u00a0 \u00a0Membre bienfaiteur ou Invit\u00e9 : <span style=\"color: #ff0000\"><em><strong>72 \u20ac<\/strong><\/em><\/span><\/p>\n<p><em><strong>Pour vous inscrire :<\/strong><\/em><br \/>\nEnvoyez le bulletin d\u2019inscription que vous avez re\u00e7u, compl\u00e9t\u00e9 et accompagn\u00e9 de votre r\u00e8glement par ch\u00e8que \u00e0 l&rsquo;ordre de AEROSPATIALE A.P.R.\u00c9.S., \u00e0 l\u2019adresse d&rsquo;Am\u00e9lia PAO ALVO<\/p>\n<p><em><strong>Rendez-vous :<\/strong> <\/em>\u00a0\u00e0 <em><strong><span style=\"color: #ff0000\">10 h 15<\/span><\/strong><\/em> au pied de l&rsquo;aqueduc de Louveciennes,<br \/>\n1 all\u00e9e de la Tour du Jongleur 78430 Louveciennes<\/p>\n<p><em><strong>Transport :<\/strong><\/em><br \/>\nBus 6216 : Gare de Louveciennes \u2013 Louveciennes Les Demeures ; Arr\u00eat : Aqueduc<br \/>\nVoiture : Places de parking dans cette all\u00e9e qui longe le stade municipal du Coeur-Volant.<\/p>\n<p><em><strong>Contact :<\/strong><\/em>\u00a0 \u00a0Annick Cavedon<\/p>\n<p><em><strong>\u2756 Important : le retour du bulletin ci-joint nous est indispensable pour effectuer la r\u00e9servation \u2756<\/strong><\/em><\/p>\n","protected":false},"excerpt":{"rendered":"<p>&nbsp; &nbsp; Les vignes des Coteaux de Louveciennes poussent au pied de l\u2019aqueduc, reste de la Machine de Marly qui, \u00e0 l\u2019\u00e9poque de Louis XIV, transportait l\u2019eau pomp\u00e9e dans la Seine \u00e0 Port Marly jusqu\u2019aux fontaines et jets d\u2019eau des ch\u00e2teaux de Marly et de Versailles. C\u2019est en 2006 qu\u2019un habitant de Louveciennes a d\u00e9cid\u00e9 &hellip; <\/p>\n<p><a class=\"more-link btn\" href=\"https:\/\/www.kananas.com\/aerospatialeapres\/2025\/07\/10\/jeudi-4-septembre-visite-de-la-vigne-et-du-chai-les-coteaux-de-louveciennes\/\">Lire la suite<\/a><\/p>\n","protected":false},"author":243,"featured_media":0,"comment_status":"open","ping_status":"open","sticky":false,"template":"","format":"standard","meta":{"_crdt_document":"","footnotes":""},"categories":[5],"tags":[],"class_list":["post-1860","post","type-post","status-publish","format-standard","hentry","category-commission-loisirs-nature","item-wrap"],"_links":{"self":[{"href":"https:\/\/www.kananas.com\/aerospatialeapres\/wp-json\/wp\/v2\/posts\/1860","targetHints":{"allow":["GET"]}}],"collection":[{"href":"https:\/\/www.kananas.com\/aerospatialeapres\/wp-json\/wp\/v2\/posts"}],"about":[{"href":"https:\/\/www.kananas.com\/aerospatialeapres\/wp-json\/wp\/v2\/types\/post"}],"author":[{"embeddable":true,"href":"https:\/\/www.kananas.com\/aerospatialeapres\/wp-json\/wp\/v2\/users\/243"}],"replies":[{"embeddable":true,"href":"https:\/\/www.kananas.com\/aerospatialeapres\/wp-json\/wp\/v2\/comments?post=1860"}],"version-history":[{"count":1,"href":"https:\/\/www.kananas.com\/aerospatialeapres\/wp-json\/wp\/v2\/posts\/1860\/revisions"}],"predecessor-version":[{"id":1862,"href":"https:\/\/www.kananas.com\/aerospatialeapres\/wp-json\/wp\/v2\/posts\/1860\/revisions\/1862"}],"wp:attachment":[{"href":"https:\/\/www.kananas.com\/aerospatialeapres\/wp-json\/wp\/v2\/media?parent=1860"}],"wp:term":[{"taxonomy":"category","embeddable":true,"href":"https:\/\/www.kananas.com\/aerospatialeapres\/wp-json\/wp\/v2\/categories?post=1860"},{"taxonomy":"post_tag","embeddable":true,"href":"https:\/\/www.kananas.com\/aerospatialeapres\/wp-json\/wp\/v2\/tags?post=1860"}],"curies":[{"name":"wp","href":"https:\/\/api.w.org\/{rel}","templated":true}]}}