{"id":1863,"date":"2025-07-10T18:07:29","date_gmt":"2025-07-10T16:07:29","guid":{"rendered":"https:\/\/www.kananas.com\/aerospatialeapres\/?p=1863"},"modified":"2025-09-04T18:22:48","modified_gmt":"2025-09-04T16:22:48","slug":"jeudi-18-septembre-exposition-niki-de-saint-phalle-jean-tinguely-pontus-hulten","status":"publish","type":"post","link":"https:\/\/www.kananas.com\/aerospatialeapres\/2025\/07\/10\/jeudi-18-septembre-exposition-niki-de-saint-phalle-jean-tinguely-pontus-hulten\/","title":{"rendered":"jeudi 18 septembre : Exposition \u00ab Niki de Saint Phalle, Jean Tinguely, Pontus Hulten \u00bb"},"content":{"rendered":"<h2 style=\"text-align: center\">Le jeudi 18 septembre 2025 \u00e0 13 h 15<\/h2>\n<h2 style=\"text-align: center\">au Grand Palais<\/h2>\n<p>&nbsp;<\/p>\n<p style=\"text-align: justify\"><img loading=\"lazy\" decoding=\"async\" class=\" wp-image-1864 alignleft\" src=\"https:\/\/www.kananas.com\/aerospatialeapres\/wp-content\/uploads\/sites\/236\/2025\/09\/Niki-de-Saint-Phalle-300x200.png\" alt=\"\" width=\"512\" height=\"341\" srcset=\"https:\/\/www.kananas.com\/aerospatialeapres\/wp-content\/uploads\/sites\/236\/2025\/09\/Niki-de-Saint-Phalle-300x200.png 300w, https:\/\/www.kananas.com\/aerospatialeapres\/wp-content\/uploads\/sites\/236\/2025\/09\/Niki-de-Saint-Phalle-768x511.png 768w, https:\/\/www.kananas.com\/aerospatialeapres\/wp-content\/uploads\/sites\/236\/2025\/09\/Niki-de-Saint-Phalle-50x33.png 50w, https:\/\/www.kananas.com\/aerospatialeapres\/wp-content\/uploads\/sites\/236\/2025\/09\/Niki-de-Saint-Phalle-750x500.png 750w, https:\/\/www.kananas.com\/aerospatialeapres\/wp-content\/uploads\/sites\/236\/2025\/09\/Niki-de-Saint-Phalle.png 1000w\" sizes=\"auto, (max-width: 512px) 100vw, 512px\" \/>Couple mythique, Niki de Saint Phalle et Jean Tinguely sont unis par un lien artistique ind\u00e9fectible et une vision commune de la cr\u00e9ation comme acte de r\u00e9bellion contre les normes \u00e9tablies.<br \/>\nL\u2019exposition retrace l\u2019itin\u00e9raire prolifique de ces deux artistes \u00e0 travers la figure de Pontus Hulten, premier directeur du Mus\u00e9e national d\u2019art moderne au Centre Pompidou, qui partage leur conception d\u2019un art disruptif, pluridisciplinaire et participatif. Tout au long de sa carri\u00e8re, il fournit un soutien inconditionnel \u00e0 Saint Phalle et Tinguely : acquisitions d\u2019oeuvres, r\u00e9trospectives d\u00e9di\u00e9es, cartes blanches et appui \u00e0 des projets hors normes comme la gigantesque Nana de l&rsquo;exposition Hon \u2013 en Katedral (1966)<br \/>\nL\u2019exposition \u00ab Niki de Saint Phalle, Jean Tinguely, Pontus Hulten \u00bb invite \u00e0 d\u00e9couvrir ou \u00e0 red\u00e9couvrir les oeuvres embl\u00e9matiques de ces deux artistes majeurs, port\u00e9s par un homme de mus\u00e9e d\u2019exception, au fil d\u2019un parcours historique et ludique o\u00f9 s\u2019entrelacent art, amour, amiti\u00e9 et engagement.<\/p>\n<p style=\"text-align: justify\">\u00ab<a href=\"https:\/\/www.grandpalais.fr\/fr\/programme\/niki-de-saint-phalle-jean-tinguely-pontus-hulten\"> https:\/\/www.grandpalais.fr\/fr\/programme\/niki-de-saint-phalle-jean-tinguely-pontus-hulten<\/a> \u00bb<\/p>\n<p><em><strong>Date limite d&rsquo;inscription :<\/strong><\/em> Le <span style=\"color: #ff0000\"><strong>30 ao\u00fbt 2025<\/strong><\/span> ; le nombre de participants est limit\u00e9 \u00e0 20.<\/p>\n<p><em><strong>Prix par personne :<\/strong><\/em>\u00a0 \u00a0 \u00a0 \u00a0 \u00a0 \u00a0 \u00a0 \u00a0Adh\u00e9rent : <strong>15 \u20ac<\/strong>\u00a0 \u00a0 \u00a0 \u00a0 \u00a0 \u00a0 Membre bienfaiteur ou invit\u00e9 : <strong>30 \u20ac<\/strong><\/p>\n<p><em><strong>Pour vous inscrire :<\/strong><\/em> Envoyez le bulletin d\u2019inscription que vous avez re\u00e7u, compl\u00e9t\u00e9 et accompagn\u00e9 de votre<br \/>\nr\u00e8glement par ch\u00e8que \u00e0 l&rsquo;ordre de AEROSPATIALE A.P.R.\u00c9.S., \u00e0 l\u2019adresse<br \/>\nH\u00f4tel de Ville &#8211; Association AEROSPATIALE A.P.R.\u00c9.S.<br \/>\n2, rue Carnot 92150 SURESNES.<\/p>\n<p><em><strong>Rendez-vous :<\/strong><\/em> Le <span style=\"color: #ff0000\"><em><strong>jeudi 18 septembre 2025 \u00e0 12h 45<\/strong><\/em><\/span> devant l\u2019entr\u00e9e principale du Grand Palais<br \/>\nSquare Jean Perrin &#8211; 17 Avenue du G\u00e9n\u00e9ral Eisenhower 75008 Paris<\/p>\n<p><em><strong>Transport :<\/strong><\/em> M\u00e9tro : Franklin D. Roosevelt (1 et 9) et Champs \u00c9lys\u00e9es Clemenceau<br \/>\n(1 et 13); RER Invalides (ligne C) ; Bus : 28, 42, 52, 63, 72, 73, 80, 83 et 93<\/p>\n<p><em><strong>Contact\u00a0 :<\/strong><\/em> Annick Cavedon<\/p>\n<p style=\"text-align: center\"><em><strong>\u2756 Important : le retour du bulletin ci-joint nous est indispensable pour effectuer la r\u00e9servation<\/strong><\/em><br \/>\n<em><strong>Si vous ne pouvez pas l\u2019imprimer, merci d\u2019indiquer les informations sur papier libre \u2756<\/strong><\/em><\/p>\n","protected":false},"excerpt":{"rendered":"<p>Le jeudi 18 septembre 2025 \u00e0 13 h 15 au Grand Palais &nbsp; Couple mythique, Niki de Saint Phalle et Jean Tinguely sont unis par un lien artistique ind\u00e9fectible et une vision commune de la cr\u00e9ation comme acte de r\u00e9bellion contre les normes \u00e9tablies. L\u2019exposition retrace l\u2019itin\u00e9raire prolifique de ces deux artistes \u00e0 travers la &hellip; <\/p>\n<p><a class=\"more-link btn\" href=\"https:\/\/www.kananas.com\/aerospatialeapres\/2025\/07\/10\/jeudi-18-septembre-exposition-niki-de-saint-phalle-jean-tinguely-pontus-hulten\/\">Lire la suite<\/a><\/p>\n","protected":false},"author":243,"featured_media":0,"comment_status":"open","ping_status":"open","sticky":false,"template":"","format":"standard","meta":{"_crdt_document":"","footnotes":""},"categories":[2],"tags":[],"class_list":["post-1863","post","type-post","status-publish","format-standard","hentry","category-commission-culturelle","item-wrap"],"_links":{"self":[{"href":"https:\/\/www.kananas.com\/aerospatialeapres\/wp-json\/wp\/v2\/posts\/1863","targetHints":{"allow":["GET"]}}],"collection":[{"href":"https:\/\/www.kananas.com\/aerospatialeapres\/wp-json\/wp\/v2\/posts"}],"about":[{"href":"https:\/\/www.kananas.com\/aerospatialeapres\/wp-json\/wp\/v2\/types\/post"}],"author":[{"embeddable":true,"href":"https:\/\/www.kananas.com\/aerospatialeapres\/wp-json\/wp\/v2\/users\/243"}],"replies":[{"embeddable":true,"href":"https:\/\/www.kananas.com\/aerospatialeapres\/wp-json\/wp\/v2\/comments?post=1863"}],"version-history":[{"count":4,"href":"https:\/\/www.kananas.com\/aerospatialeapres\/wp-json\/wp\/v2\/posts\/1863\/revisions"}],"predecessor-version":[{"id":1868,"href":"https:\/\/www.kananas.com\/aerospatialeapres\/wp-json\/wp\/v2\/posts\/1863\/revisions\/1868"}],"wp:attachment":[{"href":"https:\/\/www.kananas.com\/aerospatialeapres\/wp-json\/wp\/v2\/media?parent=1863"}],"wp:term":[{"taxonomy":"category","embeddable":true,"href":"https:\/\/www.kananas.com\/aerospatialeapres\/wp-json\/wp\/v2\/categories?post=1863"},{"taxonomy":"post_tag","embeddable":true,"href":"https:\/\/www.kananas.com\/aerospatialeapres\/wp-json\/wp\/v2\/tags?post=1863"}],"curies":[{"name":"wp","href":"https:\/\/api.w.org\/{rel}","templated":true}]}}