{"id":1869,"date":"2025-09-10T14:16:55","date_gmt":"2025-09-10T12:16:55","guid":{"rendered":"https:\/\/www.kananas.com\/aerospatialeapres\/?p=1869"},"modified":"2025-09-10T14:16:55","modified_gmt":"2025-09-10T12:16:55","slug":"jeudi-16-octobre-exposition-john-singer-sargent-eblouir-paris","status":"publish","type":"post","link":"https:\/\/www.kananas.com\/aerospatialeapres\/2025\/09\/10\/jeudi-16-octobre-exposition-john-singer-sargent-eblouir-paris\/","title":{"rendered":"Jeudi 16 octobre : Exposition \u00ab John Singer Sargent. \u00c9blouir Paris \u00bb"},"content":{"rendered":"<h3 style=\"text-align: center\">Visite au mus\u00e9e d&rsquo;Orsay de l&rsquo;exposition<\/h3>\n<h3 style=\"text-align: center\">\u00ab John Singer Sargent. \u00c9blouir Paris \u00bb<\/h3>\n<h3 style=\"text-align: center\">le jeudi 16 octobre 2025 \u00e0 14h45<\/h3>\n<p>&nbsp;<\/p>\n<p style=\"text-align: justify\"><img loading=\"lazy\" decoding=\"async\" class=\" wp-image-1870 alignleft\" src=\"https:\/\/www.kananas.com\/aerospatialeapres\/wp-content\/uploads\/sites\/236\/2025\/09\/Sargent-300x168.jpg\" alt=\"\" width=\"420\" height=\"235\" srcset=\"https:\/\/www.kananas.com\/aerospatialeapres\/wp-content\/uploads\/sites\/236\/2025\/09\/Sargent-300x168.jpg 300w, https:\/\/www.kananas.com\/aerospatialeapres\/wp-content\/uploads\/sites\/236\/2025\/09\/Sargent-50x28.jpg 50w, https:\/\/www.kananas.com\/aerospatialeapres\/wp-content\/uploads\/sites\/236\/2025\/09\/Sargent.jpg 749w\" sizes=\"auto, (max-width: 420px) 100vw, 420px\" \/>John Singer Sargent (1856 \u2013, 1925), l\u2019artiste am\u00e9ricain le plus c\u00e9l\u00e8bre de sa g\u00e9n\u00e9ration, est adul\u00e9 aux \u00c9tats-Unis mais m\u00e9connu en France. L\u2019exposition \u00ab John Singer Sargent. \u00c9blouir Paris \u00bb retrace l&rsquo;ascension fulgurante du jeune artiste, arriv\u00e9 \u00e0 Paris en 1874 \u00e0 l&rsquo;\u00e2ge de 18 ans pour \u00e9tudier. Elle pr\u00e9sente 90 \u0153uvres qui couvrent son parcours jusqu&rsquo;au milieu des ann\u00e9es 1880, p\u00e9riode o\u00f9 il s&rsquo;installe \u00e0 Londres apr\u00e8s le scandale suscit\u00e9 par son portrait de Madame Gautreau (Madame X) au Salon.<\/p>\n<table style=\"width: 100%;height: 592px\" width=\"702\">\n<tbody>\n<tr style=\"height: 60px\">\n<td style=\"height: 60px\" width=\"208\"><strong><u>Date limite d&rsquo;inscription<\/u><\/strong>\u00a0:<\/td>\n<td style=\"height: 60px\" width=\"494\">Le <span style=\"color: #ff0000\"><em><strong>30 septembre 2025<\/strong><\/em><\/span>\u00a0; le nombre de participants est limit\u00e9 \u00e0 20.<\/td>\n<\/tr>\n<tr style=\"height: 60px\">\n<td style=\"height: 60px\" width=\"208\"><strong><u>Prix par personne<\/u><\/strong><strong>\u00a0:<\/strong><\/td>\n<td style=\"height: 60px\" width=\"494\">Adh\u00e9rent\u00a0: <strong>15\u00a0\u20ac<\/strong>\u00a0\u00a0\u00a0\u00a0\u00a0\u00a0\u00a0\u00a0\u00a0\u00a0\u00a0\u00a0 Membre bienfaiteur ou invit\u00e9\u00a0: <strong>30\u00a0\u20ac<\/strong><\/td>\n<\/tr>\n<tr style=\"height: 196px\">\n<td style=\"height: 196px\" width=\"208\"><strong><u>Pour vous inscrire<\/u><\/strong>\u00a0:<\/td>\n<td style=\"height: 196px\" width=\"494\">Envoyez le bulletin d\u2019inscription ci-dessous compl\u00e9t\u00e9 et accompagn\u00e9 de votre r\u00e8glement par ch\u00e8que \u00e0 l&rsquo;ordre de AEROSPATIALE A.P.R.\u00c9.S., \u00e0 l\u2019adresse<\/p>\n<p>H\u00f4tel de Ville &#8211; Association AEROSPATIALE A.P.R.\u00c9.S.<\/p>\n<p>2, rue Carnot\u00a0 \u00a092150 SURESNES.<\/td>\n<\/tr>\n<tr style=\"height: 216px\">\n<td style=\"height: 216px\" width=\"208\"><strong><u>Rendez-vous<\/u><\/strong>\u00a0:<\/td>\n<td style=\"height: 216px\" width=\"494\">Le <span style=\"color: #ff0000\"><em><strong>jeudi 16 octobre 2025 \u00e0 14\u00a0h 30<\/strong><\/em><\/span> devant l\u2019entr\u00e9e groupe (B) du mus\u00e9e d\u2019Orsay<\/p>\n<p>Esplanade Giscard d\u2019Estaing 75007 Paris<\/p>\n<p><u>Transport<\/u> : M\u00e9tro\u00a0: 12 (Solf\u00e9rino)\u00a0; RER C (Mus\u00e9e d\u2019Orsay)\u00a0;<\/p>\n<p>Bus\u00a0: 63, 68, 69, 73, 83, 84, 87, 94<\/td>\n<\/tr>\n<tr style=\"height: 60px\">\n<td style=\"height: 60px\" width=\"208\"><strong><u>Contact <\/u><\/strong>:<\/td>\n<td style=\"height: 60px\" width=\"494\">Annick Cavedon<\/td>\n<\/tr>\n<\/tbody>\n<\/table>\n<p style=\"text-align: center\"><strong>\u2666 \u00a0<u>Important<\/u>\u00a0: le retour du bulletin ci-joint nous est indispensable pour effectuer la r\u00e9servation<\/strong><\/p>\n<p style=\"text-align: center\"><strong>Si vous ne pouvez pas l\u2019imprimer, merci d\u2019indiquer les informations sur papier libre\u00a0 \u2666<\/strong><\/p>\n","protected":false},"excerpt":{"rendered":"<p>Visite au mus\u00e9e d&rsquo;Orsay de l&rsquo;exposition \u00ab John Singer Sargent. \u00c9blouir Paris \u00bb le jeudi 16 octobre 2025 \u00e0 14h45 &nbsp; John Singer Sargent (1856 \u2013, 1925), l\u2019artiste am\u00e9ricain le plus c\u00e9l\u00e8bre de sa g\u00e9n\u00e9ration, est adul\u00e9 aux \u00c9tats-Unis mais m\u00e9connu en France. L\u2019exposition \u00ab John Singer Sargent. \u00c9blouir Paris \u00bb retrace l&rsquo;ascension fulgurante du &hellip; <\/p>\n<p><a class=\"more-link btn\" href=\"https:\/\/www.kananas.com\/aerospatialeapres\/2025\/09\/10\/jeudi-16-octobre-exposition-john-singer-sargent-eblouir-paris\/\">Lire la suite<\/a><\/p>\n","protected":false},"author":243,"featured_media":0,"comment_status":"open","ping_status":"open","sticky":false,"template":"","format":"standard","meta":{"_crdt_document":"","footnotes":""},"categories":[2],"tags":[],"class_list":["post-1869","post","type-post","status-publish","format-standard","hentry","category-commission-culturelle","item-wrap"],"_links":{"self":[{"href":"https:\/\/www.kananas.com\/aerospatialeapres\/wp-json\/wp\/v2\/posts\/1869","targetHints":{"allow":["GET"]}}],"collection":[{"href":"https:\/\/www.kananas.com\/aerospatialeapres\/wp-json\/wp\/v2\/posts"}],"about":[{"href":"https:\/\/www.kananas.com\/aerospatialeapres\/wp-json\/wp\/v2\/types\/post"}],"author":[{"embeddable":true,"href":"https:\/\/www.kananas.com\/aerospatialeapres\/wp-json\/wp\/v2\/users\/243"}],"replies":[{"embeddable":true,"href":"https:\/\/www.kananas.com\/aerospatialeapres\/wp-json\/wp\/v2\/comments?post=1869"}],"version-history":[{"count":2,"href":"https:\/\/www.kananas.com\/aerospatialeapres\/wp-json\/wp\/v2\/posts\/1869\/revisions"}],"predecessor-version":[{"id":1872,"href":"https:\/\/www.kananas.com\/aerospatialeapres\/wp-json\/wp\/v2\/posts\/1869\/revisions\/1872"}],"wp:attachment":[{"href":"https:\/\/www.kananas.com\/aerospatialeapres\/wp-json\/wp\/v2\/media?parent=1869"}],"wp:term":[{"taxonomy":"category","embeddable":true,"href":"https:\/\/www.kananas.com\/aerospatialeapres\/wp-json\/wp\/v2\/categories?post=1869"},{"taxonomy":"post_tag","embeddable":true,"href":"https:\/\/www.kananas.com\/aerospatialeapres\/wp-json\/wp\/v2\/tags?post=1869"}],"curies":[{"name":"wp","href":"https:\/\/api.w.org\/{rel}","templated":true}]}}