{"id":1879,"date":"2025-10-15T11:38:45","date_gmt":"2025-10-15T09:38:45","guid":{"rendered":"https:\/\/www.kananas.com\/aerospatialeapres\/?p=1879"},"modified":"2025-10-15T11:38:47","modified_gmt":"2025-10-15T09:38:47","slug":"vendredi-14-novembre-visite-du-musee-de-le-legion-dhonneur","status":"publish","type":"post","link":"https:\/\/www.kananas.com\/aerospatialeapres\/2025\/10\/15\/vendredi-14-novembre-visite-du-musee-de-le-legion-dhonneur\/","title":{"rendered":"Vendredi 14 novembre : Visite du mus\u00e9e de le L\u00e9gion d&rsquo;Honneur"},"content":{"rendered":"\n\n\n<h3 style=\"text-align: center\"><em><strong>Mus\u00e9e de la L\u00e9gion d\u2019honneur et des ordres de chevalerie<\/strong><\/em><br \/><em><strong>Le vendredi 14 novembre 2025 \u00e0 13 h 30<\/strong><\/em><\/h3>\n\n\n\n<p>\u00a0<\/p>\n<p><img loading=\"lazy\" decoding=\"async\" class=\"alignnone size-medium wp-image-1881 aligncenter\" src=\"https:\/\/www.kananas.com\/aerospatialeapres\/wp-content\/uploads\/sites\/236\/2025\/10\/Legion-dhonneur-1-300x200.jpg\" alt=\"\" width=\"300\" height=\"200\" srcset=\"https:\/\/www.kananas.com\/aerospatialeapres\/wp-content\/uploads\/sites\/236\/2025\/10\/Legion-dhonneur-1-300x200.jpg 300w, https:\/\/www.kananas.com\/aerospatialeapres\/wp-content\/uploads\/sites\/236\/2025\/10\/Legion-dhonneur-1-1024x683.jpg 1024w, https:\/\/www.kananas.com\/aerospatialeapres\/wp-content\/uploads\/sites\/236\/2025\/10\/Legion-dhonneur-1-768x512.jpg 768w, https:\/\/www.kananas.com\/aerospatialeapres\/wp-content\/uploads\/sites\/236\/2025\/10\/Legion-dhonneur-1-1536x1024.jpg 1536w, https:\/\/www.kananas.com\/aerospatialeapres\/wp-content\/uploads\/sites\/236\/2025\/10\/Legion-dhonneur-1-50x33.jpg 50w, https:\/\/www.kananas.com\/aerospatialeapres\/wp-content\/uploads\/sites\/236\/2025\/10\/Legion-dhonneur-1-750x500.jpg 750w, https:\/\/www.kananas.com\/aerospatialeapres\/wp-content\/uploads\/sites\/236\/2025\/10\/Legion-dhonneur-1.jpg 1600w\" sizes=\"auto, (max-width: 300px) 100vw, 300px\" \/><\/p>\n<p style=\"text-align: justify\">Le mus\u00e9e de la L\u00e9gion d\u2019honneur et <span style=\"font-family: arial, helvetica, sans-serif\">des<\/span> ordres de chevalerie propose un voyage insolite \u00e0 travers les \u00e9poques et les cultures gr\u00e2ce \u00e0 5 000 objets d\u2019art et d\u00e9corations de France et du monde entier.<br \/>Insignes, tableaux, costumes, armes, objets d\u2019art font la richesse et la diversit\u00e9 des collections du mus\u00e9e. \u00c0 appr\u00e9cier autant pour l\u2019histoire qu\u2019ils racontent que pour leur beaut\u00e9.<br \/>Consacr\u00e9 aux ordres de chevalerie, aux d\u00e9corations et aux m\u00e9dailles (dont l\u2019\u00e9tude est appel\u00e9e phal\u00e9ristique), le mus\u00e9e embrasse l\u2019ensemble des r\u00e9compenses fran\u00e7aises et \u00e9trang\u00e8res du Moyen Age \u00e0 nos jours.<br \/>Ouvert au lendemain de la Premi\u00e8re Guerre mondiale, le mus\u00e9e de la L\u00e9gion d\u2019honneur et des ordres de chevalerie se veut alors un sanctuaire \u00e0 la gloire des Fran\u00e7ais et des \u00e9trangers \u00e9prouv\u00e9s par le conflit. Agrandi et r\u00e9am\u00e9nag\u00e9 au fil du temps, il est devenu une r\u00e9f\u00e9rence mondiale en mati\u00e8re de d\u00e9corations<\/p>\n\n\n\n<p><em><strong>Date limite d&rsquo;inscription :<\/strong><\/em> Le <em><strong>mardi 28 octobre<\/strong><\/em> 2025 ;\u00a0 \u00a0 le nombre de participants est limit\u00e9 \u00e0 20.<br \/>Les inscriptions seront prises dans l\u2019ordre de la date du cachet de la Poste.<\/p>\n<p><em><strong>Prix par personne :<\/strong>\u00a0 \u00a0<\/em>Adh\u00e9rent : <strong>10 \u20ac<\/strong>\u00a0 \u00a0 \u00a0 \u00a0 \u00a0 \u00a0 \u00a0 \u00a0 \u00a0 Membre bienfaiteur ou invit\u00e9 : <strong>20 \u20ac<\/strong><\/p>\n<p><em><strong>Pour vous inscrire :<\/strong><\/em> Envoyez le bulletin d\u2019inscription ci-dessous compl\u00e9t\u00e9 et accompagn\u00e9 de votre r\u00e8glement par ch\u00e8que \u00e0 l&rsquo;ordre de AEROSPATIALE A.P.R.\u00c9.S., \u00e0 l\u2019adresse<br \/>H\u00f4tel de Ville &#8211; Association AEROSPATIALE A.P.R.\u00c9.S.<br \/>2, rue Carnot 92150 SURESNES.<\/p>\n<p><em><strong>Rendez-vous :<\/strong><\/em> Le <span style=\"color: #ff0000\"><em><strong>vendredi 14 novembre 2025 \u00e0 13 h 15<\/strong><\/em><\/span> devant l\u2019entr\u00e9e du mus\u00e9e, 2 rue de la L\u00e9gion d\u2019Honneur 75007 Paris.<\/p>\n<p><em><strong>Transport :<\/strong> <\/em>M\u00e9tro : ligne 12 (station Solf\u00e9rino) ; RER ligne C (station Mus\u00e9e d\u2019Orsay) ; bus : 63, 68, 69, 73, 83, 84, 87, 94.<\/p>\n<p><em><strong>Contact<\/strong><\/em> : Annick Cavedon\u00a0<\/p>\n<p style=\"text-align: center\"><em><strong>\u2666 Important : le retour du bulletin ci-joint nous est indispensable pour effectuer la r\u00e9servation<\/strong><\/em><br \/><em><strong>Si vous ne pouvez pas l\u2019imprimer, merci d\u2019indiquer les informations sur papier libre \u2666<\/strong><\/em><\/p>\n","protected":false},"excerpt":{"rendered":"<p>Mus\u00e9e de la L\u00e9gion d\u2019honneur et des ordres de chevalerieLe vendredi 14 novembre 2025 \u00e0 13 h 30 \u00a0 Le mus\u00e9e de la L\u00e9gion d\u2019honneur et des ordres de chevalerie propose un voyage insolite \u00e0 travers les \u00e9poques et les cultures gr\u00e2ce \u00e0 5 000 objets d\u2019art et d\u00e9corations de France et du monde entier.Insignes, &hellip; <\/p>\n<p><a class=\"more-link btn\" href=\"https:\/\/www.kananas.com\/aerospatialeapres\/2025\/10\/15\/vendredi-14-novembre-visite-du-musee-de-le-legion-dhonneur\/\">Lire la suite<\/a><\/p>\n","protected":false},"author":243,"featured_media":0,"comment_status":"open","ping_status":"open","sticky":false,"template":"","format":"standard","meta":{"_crdt_document":"","footnotes":""},"categories":[2],"tags":[],"class_list":["post-1879","post","type-post","status-publish","format-standard","hentry","category-commission-culturelle","item-wrap"],"_links":{"self":[{"href":"https:\/\/www.kananas.com\/aerospatialeapres\/wp-json\/wp\/v2\/posts\/1879","targetHints":{"allow":["GET"]}}],"collection":[{"href":"https:\/\/www.kananas.com\/aerospatialeapres\/wp-json\/wp\/v2\/posts"}],"about":[{"href":"https:\/\/www.kananas.com\/aerospatialeapres\/wp-json\/wp\/v2\/types\/post"}],"author":[{"embeddable":true,"href":"https:\/\/www.kananas.com\/aerospatialeapres\/wp-json\/wp\/v2\/users\/243"}],"replies":[{"embeddable":true,"href":"https:\/\/www.kananas.com\/aerospatialeapres\/wp-json\/wp\/v2\/comments?post=1879"}],"version-history":[{"count":3,"href":"https:\/\/www.kananas.com\/aerospatialeapres\/wp-json\/wp\/v2\/posts\/1879\/revisions"}],"predecessor-version":[{"id":1884,"href":"https:\/\/www.kananas.com\/aerospatialeapres\/wp-json\/wp\/v2\/posts\/1879\/revisions\/1884"}],"wp:attachment":[{"href":"https:\/\/www.kananas.com\/aerospatialeapres\/wp-json\/wp\/v2\/media?parent=1879"}],"wp:term":[{"taxonomy":"category","embeddable":true,"href":"https:\/\/www.kananas.com\/aerospatialeapres\/wp-json\/wp\/v2\/categories?post=1879"},{"taxonomy":"post_tag","embeddable":true,"href":"https:\/\/www.kananas.com\/aerospatialeapres\/wp-json\/wp\/v2\/tags?post=1879"}],"curies":[{"name":"wp","href":"https:\/\/api.w.org\/{rel}","templated":true}]}}