{"id":1885,"date":"2025-10-15T11:55:44","date_gmt":"2025-10-15T09:55:44","guid":{"rendered":"https:\/\/www.kananas.com\/aerospatialeapres\/?p=1885"},"modified":"2025-10-15T11:57:16","modified_gmt":"2025-10-15T09:57:16","slug":"27-novembre-visite-de-notre-dame-de-paris","status":"publish","type":"post","link":"https:\/\/www.kananas.com\/aerospatialeapres\/2025\/10\/15\/27-novembre-visite-de-notre-dame-de-paris\/","title":{"rendered":"Jeudi 27 novembre : Visite de Notre Dame de Paris"},"content":{"rendered":"\n<h3 style=\"text-align: center\">Visite de la cath\u00e9drale Notre-Dame de Paris<br \/>Le jeudi 27 novembre 2025 \u00e0 14 h 15<\/h3>\n\n\n\n\n\n<p><img loading=\"lazy\" decoding=\"async\" class=\"alignnone  wp-image-1886 alignleft\" src=\"https:\/\/www.kananas.com\/aerospatialeapres\/wp-content\/uploads\/sites\/236\/2025\/10\/Notre-Dame_facade-occidentale_vue-sud-ouest-300x255.jpg\" alt=\"\" width=\"433\" height=\"368\" srcset=\"https:\/\/www.kananas.com\/aerospatialeapres\/wp-content\/uploads\/sites\/236\/2025\/10\/Notre-Dame_facade-occidentale_vue-sud-ouest-300x255.jpg 300w, https:\/\/www.kananas.com\/aerospatialeapres\/wp-content\/uploads\/sites\/236\/2025\/10\/Notre-Dame_facade-occidentale_vue-sud-ouest-768x654.jpg 768w, https:\/\/www.kananas.com\/aerospatialeapres\/wp-content\/uploads\/sites\/236\/2025\/10\/Notre-Dame_facade-occidentale_vue-sud-ouest-50x43.jpg 50w, https:\/\/www.kananas.com\/aerospatialeapres\/wp-content\/uploads\/sites\/236\/2025\/10\/Notre-Dame_facade-occidentale_vue-sud-ouest-750x639.jpg 750w, https:\/\/www.kananas.com\/aerospatialeapres\/wp-content\/uploads\/sites\/236\/2025\/10\/Notre-Dame_facade-occidentale_vue-sud-ouest.jpg 930w\" sizes=\"auto, (max-width: 433px) 100vw, 433px\" \/><\/p>\n<p>\u00a0<\/p>\n<p style=\"text-align: justify\">Le terrible incendie du 15 avril 2019 a d\u00e9truit la toiture de la cath\u00e9drale et sa charpente du XIIIe si\u00e8cle, la fl\u00e8che de Viollet-le-Duc, et plusieurs vo\u00fbtes formant le plafond.<br \/>En cinq ans, la cath\u00e9drale est restaur\u00e9e gr\u00e2ce \u00e0 la comp\u00e9tence des architectes, ing\u00e9nieurs, conservateurs, arch\u00e9ologues, chercheurs, cordistes, compagnons et restaurateurs.<br \/>Le 8 d\u00e9cembre 2024, la cath\u00e9drale rouvre ses portes en pr\u00e9sence de personnalit\u00e9s du monde entier. Depuis, la file des visiteurs est ininterrompue.<\/p>\n<p>\u00a0<\/p>\n<p><em><strong>Date limite d&rsquo;inscription :<\/strong><\/em> Le <em><strong>30 octobre<\/strong><\/em> 2025 ; le nombre de participants est limit\u00e9 \u00e0 20.<\/p>\n<p><em><strong>Prix par personne :<\/strong><\/em> Adh\u00e9rent : <strong>10 \u20ac<\/strong>\u00a0 \u00a0 \u00a0 \u00a0Membre bienfaiteur ou invit\u00e9 : <strong>20 \u20ac<\/strong><\/p>\n<p><em><strong>Pour vous inscrire :<\/strong><\/em> Envoyez le bulletin d\u2019inscription que vous avez re\u00e7u, compl\u00e9t\u00e9 et accompagn\u00e9 de votre r\u00e8glement par ch\u00e8que \u00e0 l&rsquo;ordre de AEROSPATIALE A.P.R.\u00c9.S., \u00e0 l\u2019adresse<br \/>H\u00f4tel de Ville &#8211; Association AEROSPATIALE A.P.R.\u00c9.S.<br \/>2, rue Carnot 92150 SURESNES. <\/p>\n<p><em><strong>Rendez-vous :<\/strong><\/em> Le <span style=\"color: #ff0000\"><em><strong>jeudi 27 novembre 2025 \u00e0 13 h 45<\/strong><\/em><\/span> au pied de la statue de Charlemagne sur le parvis de la cath\u00e9drale &#8211; 6 Parvis Notre-Dame Pl. Jean-Paul II 75004 Paris<\/p>\n<p><em><strong>Transport : M\u00e9tro :<\/strong><\/em> ligne 4 (Cit\u00e9 ou St Michel) ; RER : B et C (St Michel \u2013 Notre-Dame) ; Bus : 47 (Cit\u00e9 ou St Michel)<\/p>\n<p><em><strong>Contact<\/strong><\/em> : Annick Cavedon\u00a0<\/p>\n<p style=\"text-align: center\"><em><strong>\u2666 Important : le retour du bulletin ci-joint nous est indispensable pour effectuer la r\u00e9servation<\/strong><\/em><br \/><em><strong>Si vous ne pouvez pas l\u2019imprimer, merci d\u2019indiquer les informations sur papier libre \u2666<\/strong><\/em><\/p>\n<p>\u00a0<\/p>\n\n\n","protected":false},"excerpt":{"rendered":"<p>Visite de la cath\u00e9drale Notre-Dame de ParisLe jeudi 27 novembre 2025 \u00e0 14 h 15 \u00a0 Le terrible incendie du 15 avril 2019 a d\u00e9truit la toiture de la cath\u00e9drale et sa charpente du XIIIe si\u00e8cle, la fl\u00e8che de Viollet-le-Duc, et plusieurs vo\u00fbtes formant le plafond.En cinq ans, la cath\u00e9drale est restaur\u00e9e gr\u00e2ce \u00e0 la &hellip; <\/p>\n<p><a class=\"more-link btn\" href=\"https:\/\/www.kananas.com\/aerospatialeapres\/2025\/10\/15\/27-novembre-visite-de-notre-dame-de-paris\/\">Lire la suite<\/a><\/p>\n","protected":false},"author":243,"featured_media":0,"comment_status":"open","ping_status":"open","sticky":false,"template":"","format":"standard","meta":{"_crdt_document":"","footnotes":""},"categories":[2],"tags":[],"class_list":["post-1885","post","type-post","status-publish","format-standard","hentry","category-commission-culturelle","item-wrap"],"_links":{"self":[{"href":"https:\/\/www.kananas.com\/aerospatialeapres\/wp-json\/wp\/v2\/posts\/1885","targetHints":{"allow":["GET"]}}],"collection":[{"href":"https:\/\/www.kananas.com\/aerospatialeapres\/wp-json\/wp\/v2\/posts"}],"about":[{"href":"https:\/\/www.kananas.com\/aerospatialeapres\/wp-json\/wp\/v2\/types\/post"}],"author":[{"embeddable":true,"href":"https:\/\/www.kananas.com\/aerospatialeapres\/wp-json\/wp\/v2\/users\/243"}],"replies":[{"embeddable":true,"href":"https:\/\/www.kananas.com\/aerospatialeapres\/wp-json\/wp\/v2\/comments?post=1885"}],"version-history":[{"count":2,"href":"https:\/\/www.kananas.com\/aerospatialeapres\/wp-json\/wp\/v2\/posts\/1885\/revisions"}],"predecessor-version":[{"id":1888,"href":"https:\/\/www.kananas.com\/aerospatialeapres\/wp-json\/wp\/v2\/posts\/1885\/revisions\/1888"}],"wp:attachment":[{"href":"https:\/\/www.kananas.com\/aerospatialeapres\/wp-json\/wp\/v2\/media?parent=1885"}],"wp:term":[{"taxonomy":"category","embeddable":true,"href":"https:\/\/www.kananas.com\/aerospatialeapres\/wp-json\/wp\/v2\/categories?post=1885"},{"taxonomy":"post_tag","embeddable":true,"href":"https:\/\/www.kananas.com\/aerospatialeapres\/wp-json\/wp\/v2\/tags?post=1885"}],"curies":[{"name":"wp","href":"https:\/\/api.w.org\/{rel}","templated":true}]}}