{"id":1934,"date":"2026-03-10T17:12:00","date_gmt":"2026-03-10T16:12:00","guid":{"rendered":"https:\/\/www.kananas.com\/aerospatialeapres\/?p=1934"},"modified":"2026-03-13T17:42:12","modified_gmt":"2026-03-13T16:42:12","slug":"mardi-14-avril-exposition-matisse-1941-1954-au-grand-palais","status":"publish","type":"post","link":"https:\/\/www.kananas.com\/aerospatialeapres\/2026\/03\/10\/mardi-14-avril-exposition-matisse-1941-1954-au-grand-palais\/","title":{"rendered":"Mardi 14 avril : Exposition \u00ab Matisse 1941 \u2013 1954 \u00bb au Grand-Palais"},"content":{"rendered":"\n<div class=\"wp-block-media-text is-stacked-on-mobile is-vertically-aligned-top\" style=\"grid-template-columns:40% auto\"><figure class=\"wp-block-media-text__media\"><img loading=\"lazy\" decoding=\"async\" width=\"910\" height=\"1024\" src=\"https:\/\/www.kananas.com\/aerospatialeapres\/wp-content\/uploads\/sites\/236\/2026\/03\/henri-matisse-nu-bleu-ii-petit-format-cadre-bois-910x1024.jpg\" alt=\"\" class=\"wp-image-1936 size-full\" srcset=\"https:\/\/www.kananas.com\/aerospatialeapres\/wp-content\/uploads\/sites\/236\/2026\/03\/henri-matisse-nu-bleu-ii-petit-format-cadre-bois-910x1024.jpg 910w, https:\/\/www.kananas.com\/aerospatialeapres\/wp-content\/uploads\/sites\/236\/2026\/03\/henri-matisse-nu-bleu-ii-petit-format-cadre-bois-267x300.jpg 267w, https:\/\/www.kananas.com\/aerospatialeapres\/wp-content\/uploads\/sites\/236\/2026\/03\/henri-matisse-nu-bleu-ii-petit-format-cadre-bois-768x864.jpg 768w, https:\/\/www.kananas.com\/aerospatialeapres\/wp-content\/uploads\/sites\/236\/2026\/03\/henri-matisse-nu-bleu-ii-petit-format-cadre-bois-50x56.jpg 50w, https:\/\/www.kananas.com\/aerospatialeapres\/wp-content\/uploads\/sites\/236\/2026\/03\/henri-matisse-nu-bleu-ii-petit-format-cadre-bois-749x843.jpg 749w, https:\/\/www.kananas.com\/aerospatialeapres\/wp-content\/uploads\/sites\/236\/2026\/03\/henri-matisse-nu-bleu-ii-petit-format-cadre-bois-1.jpg 1000w\" sizes=\"auto, (max-width: 910px) 100vw, 910px\" \/><\/figure><div class=\"wp-block-media-text__content\">\n<p class=\"wp-block-paragraph\">Dans la lumi\u00e8re \u00e9clatante de ses derni\u00e8res ann\u00e9es, Matisse invente un nouveau langage : celui des formes d\u00e9coup\u00e9es et de la couleur pure.<br>L\u2019exposition Matisse. 1941\u20131954 \u00e9claire les derni\u00e8res ann\u00e9es de la carri\u00e8re d\u2019Henri Matisse, entre 1941 et 1954, \u00e0 travers plus de 300 \u0153uvres, peintures, dessins, gouaches d\u00e9coup\u00e9es, livres illustr\u00e9s, textiles et vitraux, issues de la collection du Centre Pompidou et de pr\u00eats internationaux majeurs. Elle r\u00e9v\u00e8le la dimension pluridisciplinaire de sa pratique pendant cette p\u00e9riode tout en r\u00e9unissant un ensemble exceptionnel de gouaches d\u00e9coup\u00e9es. Elle montre combien la peinture reste au c\u0153ur de sa d\u00e9marche et se d\u00e9ploie au contraire avec toujours plus d\u2019espace, d\u2019intensit\u00e9 et de couleur.<br>Imagin\u00e9e comme une travers\u00e9e de l\u2019univers du peintre, l\u2019exposition restitue l\u2019atmosph\u00e8re vibrante de son atelier, en constante m\u00e9tamorphose. Une invitation \u00e0 d\u00e9couvrir ce \u00ab\u00a0jardin\u00a0\u00bb florissant de Matisse, salle apr\u00e8s salle.<\/p>\n\n\n\n<p><\/p>\n<\/div><\/div>\n\n\n\n<p class=\"wp-block-paragraph\"><strong><em>Date limite d&rsquo;inscription :<\/em><\/strong> Le <strong>27 mars 2026<\/strong> Le nombre de participants est limit\u00e9 \u00e0 20.<br><\/p>\n\n\n\n<p class=\"wp-block-paragraph\"><strong><em>Prix par personne :<\/em><\/strong> Adh\u00e9rent : 15 \u20ac Membre bienfaiteur ou invit\u00e9 : 32 \u20ac<br><\/p>\n\n\n\n<p class=\"wp-block-paragraph\"><strong><em>Pour vous inscrire :<\/em><\/strong> Envoyez le bulletin d\u2019inscription que vous avez re\u00e7u, compl\u00e9t\u00e9 et accompagn\u00e9 de votre r\u00e8glement par ch\u00e8que \u00e0 l&rsquo;ordre de AEROSPATIALE A.P.R.\u00c9.S., \u00e0 l\u2019adresse<br>H\u00f4tel de Ville &#8211; Association AEROSPATIALE A.P.R.\u00c9.S.<br>2, rue Carnot 92150 SURESNES.<br><\/p>\n\n\n\n<p class=\"wp-block-paragraph\"><strong><em>Rendez-vous : Le mardi 14 avril \u00e0 14 h 40 devant l\u2019entr\u00e9e du Grand Palais,<\/em><\/strong><br>17 avenue du G\u00e9n\u00e9ral Eisenhower 75008 Paris Square Jean Perrin.<br><\/p>\n\n\n\n<p class=\"wp-block-paragraph\"><strong><em>Transports :<\/em><\/strong> M\u00e9tro : Franklin D. Roosevelt (lignes 1 et 9), Champs \u00c9lys\u00e9es Clemenceau (lignes 1 et 13) ; RER C (Invalides) ; Bus : lignes 28, 42, 52, 63, 72, 73, 80, 83 et 93<br><\/p>\n\n\n\n<p class=\"wp-block-paragraph\"><strong><em>Contact : <\/em><\/strong>Annick Cavedon <br><\/p>\n\n\n<p><mark class=\"has-inline-color has-vivid-red-color\"><kbd>*<\/kbd> Important : le retour du bulletin ci-joint nous est indispensable pour effectuer la r\u00e9servation<br>Si vous ne pouvez pas l\u2019imprimer, merci d\u2019indiquer les informations sur papier libre <kbd>*<\/kbd><\/mark><\/p>\n\n\n<p><\/p>\n\n\n","protected":false},"excerpt":{"rendered":"<p>Date limite d&rsquo;inscription : Le 27 mars 2026 Le nombre de participants est limit\u00e9 \u00e0 20. Prix par personne : Adh\u00e9rent : 15 \u20ac Membre bienfaiteur ou invit\u00e9 : 32 \u20ac Pour vous inscrire : Envoyez le bulletin d\u2019inscription que vous avez re\u00e7u, compl\u00e9t\u00e9 et accompagn\u00e9 de votre r\u00e8glement par ch\u00e8que \u00e0 l&rsquo;ordre de AEROSPATIALE &hellip; <\/p>\n<p><a class=\"more-link btn\" href=\"https:\/\/www.kananas.com\/aerospatialeapres\/2026\/03\/10\/mardi-14-avril-exposition-matisse-1941-1954-au-grand-palais\/\">Lire la suite<\/a><\/p>\n","protected":false},"author":243,"featured_media":0,"comment_status":"open","ping_status":"open","sticky":false,"template":"","format":"standard","meta":{"_crdt_document":"","footnotes":""},"categories":[2],"tags":[],"class_list":["post-1934","post","type-post","status-publish","format-standard","hentry","category-commission-culturelle","item-wrap"],"_links":{"self":[{"href":"https:\/\/www.kananas.com\/aerospatialeapres\/wp-json\/wp\/v2\/posts\/1934","targetHints":{"allow":["GET"]}}],"collection":[{"href":"https:\/\/www.kananas.com\/aerospatialeapres\/wp-json\/wp\/v2\/posts"}],"about":[{"href":"https:\/\/www.kananas.com\/aerospatialeapres\/wp-json\/wp\/v2\/types\/post"}],"author":[{"embeddable":true,"href":"https:\/\/www.kananas.com\/aerospatialeapres\/wp-json\/wp\/v2\/users\/243"}],"replies":[{"embeddable":true,"href":"https:\/\/www.kananas.com\/aerospatialeapres\/wp-json\/wp\/v2\/comments?post=1934"}],"version-history":[{"count":1,"href":"https:\/\/www.kananas.com\/aerospatialeapres\/wp-json\/wp\/v2\/posts\/1934\/revisions"}],"predecessor-version":[{"id":1938,"href":"https:\/\/www.kananas.com\/aerospatialeapres\/wp-json\/wp\/v2\/posts\/1934\/revisions\/1938"}],"wp:attachment":[{"href":"https:\/\/www.kananas.com\/aerospatialeapres\/wp-json\/wp\/v2\/media?parent=1934"}],"wp:term":[{"taxonomy":"category","embeddable":true,"href":"https:\/\/www.kananas.com\/aerospatialeapres\/wp-json\/wp\/v2\/categories?post=1934"},{"taxonomy":"post_tag","embeddable":true,"href":"https:\/\/www.kananas.com\/aerospatialeapres\/wp-json\/wp\/v2\/tags?post=1934"}],"curies":[{"name":"wp","href":"https:\/\/api.w.org\/{rel}","templated":true}]}}