{"id":240,"date":"2014-04-14T10:46:32","date_gmt":"2014-04-14T09:46:32","guid":{"rendered":"http:\/\/www.gestasso.com\/association\/aerospatialeapres\/?p=240"},"modified":"2022-10-29T11:42:16","modified_gmt":"2022-10-29T09:42:16","slug":"mutuelle-familiale-les-garanties-3-et-5-coeurs-du-contrat-de-lamicale","status":"publish","type":"post","link":"https:\/\/www.kananas.com\/aerospatialeapres\/2014\/04\/14\/mutuelle-familiale-les-garanties-3-et-5-coeurs-du-contrat-de-lamicale\/","title":{"rendered":"Mutuelle Familiale : les garanties 3 et 5 coeurs du contrat de l&rsquo;Amicale"},"content":{"rendered":"<p>Les garanties contenues dans les contrats sant\u00e9 (compl\u00e9mentaire) Mutuelle Familiale propos\u00e9s par l&rsquo;Amicale.<\/p>\n<p>L&rsquo;Amicale a conclu un contrat sp\u00e9cifique avec la Mutuelle Familiale avec 2 options d\u00e9nomm\u00e9es 3 et 5 c\u0153urs \u00e0 un co\u00fbt avantageux pour les membres de l&rsquo;Amicale.<\/p>\n<p><a href=\"http:\/\/www.kananas.com\/aerospatialeapres\/wp-content\/uploads\/sites\/236\/2014\/04\/garanties-3-et-5-coeur-2014.pdf\">garanties 3 et 5 c\u0153urs 2014<\/a><\/p>\n<p>Les tarifs 2014 pour ce contrat figurent dans l&rsquo;article du 21 mars 2014<\/p>\n","protected":false},"excerpt":{"rendered":"<p>Les garanties contenues dans les contrats sant\u00e9 (compl\u00e9mentaire) Mutuelle Familiale propos\u00e9s par l&rsquo;Amicale. L&rsquo;Amicale a conclu un contrat sp\u00e9cifique avec la Mutuelle Familiale avec 2 options d\u00e9nomm\u00e9es 3 et 5 c\u0153urs \u00e0 un co\u00fbt avantageux pour les membres de l&rsquo;Amicale. garanties 3 et 5 c\u0153urs 2014 Les tarifs 2014 pour ce contrat figurent dans l&rsquo;article &hellip; <\/p>\n<p><a class=\"more-link btn\" href=\"https:\/\/www.kananas.com\/aerospatialeapres\/2014\/04\/14\/mutuelle-familiale-les-garanties-3-et-5-coeurs-du-contrat-de-lamicale\/\">Lire la suite<\/a><\/p>\n","protected":false},"author":243,"featured_media":0,"comment_status":"open","ping_status":"open","sticky":false,"template":"","format":"standard","meta":{"_crdt_document":"","footnotes":""},"categories":[6,9],"tags":[],"class_list":["post-240","post","type-post","status-publish","format-standard","hentry","category-commission-sociale","category-mutuelle-familiale","item-wrap"],"_links":{"self":[{"href":"https:\/\/www.kananas.com\/aerospatialeapres\/wp-json\/wp\/v2\/posts\/240","targetHints":{"allow":["GET"]}}],"collection":[{"href":"https:\/\/www.kananas.com\/aerospatialeapres\/wp-json\/wp\/v2\/posts"}],"about":[{"href":"https:\/\/www.kananas.com\/aerospatialeapres\/wp-json\/wp\/v2\/types\/post"}],"author":[{"embeddable":true,"href":"https:\/\/www.kananas.com\/aerospatialeapres\/wp-json\/wp\/v2\/users\/243"}],"replies":[{"embeddable":true,"href":"https:\/\/www.kananas.com\/aerospatialeapres\/wp-json\/wp\/v2\/comments?post=240"}],"version-history":[{"count":1,"href":"https:\/\/www.kananas.com\/aerospatialeapres\/wp-json\/wp\/v2\/posts\/240\/revisions"}],"predecessor-version":[{"id":1453,"href":"https:\/\/www.kananas.com\/aerospatialeapres\/wp-json\/wp\/v2\/posts\/240\/revisions\/1453"}],"wp:attachment":[{"href":"https:\/\/www.kananas.com\/aerospatialeapres\/wp-json\/wp\/v2\/media?parent=240"}],"wp:term":[{"taxonomy":"category","embeddable":true,"href":"https:\/\/www.kananas.com\/aerospatialeapres\/wp-json\/wp\/v2\/categories?post=240"},{"taxonomy":"post_tag","embeddable":true,"href":"https:\/\/www.kananas.com\/aerospatialeapres\/wp-json\/wp\/v2\/tags?post=240"}],"curies":[{"name":"wp","href":"https:\/\/api.w.org\/{rel}","templated":true}]}}