{"id":303,"date":"2015-01-10T09:29:45","date_gmt":"2015-01-10T08:29:45","guid":{"rendered":"http:\/\/www.gestasso.com\/association\/aerospatialeapres\/?p=303"},"modified":"2015-01-10T09:29:45","modified_gmt":"2015-01-10T08:29:45","slug":"mardi-10-fevrier-de-la-place-gambetta-a-la-porte-doree","status":"publish","type":"post","link":"https:\/\/www.kananas.com\/aerospatialeapres\/2015\/01\/10\/mardi-10-fevrier-de-la-place-gambetta-a-la-porte-doree\/","title":{"rendered":"Mardi 10 f\u00e9vrier : De la Place Gambetta \u00e0 la Porte Dor\u00e9e"},"content":{"rendered":"<p>Pour notre prochaine sortie, nous vous proposons une balade dans l\u2019est parisien, d\u00e9j\u00e0 faite d\u00e9but 2009 : de la Place Gambette \u00e0 la Porte Dor\u00e9e.<\/p>\n<p>De la Mairie du 20\u00e8me \u00e0 la Porte Dor\u00e9e, nous pourrons d\u00e9couvrir le village de Charonne, nous longerons les voies de chemin de fer de la petite ceinture pour arriver dans le 12\u00e8me arrondissement, apr\u00e8s avoir travers\u00e9 le Cour de Vincennes, pour terminer ce p\u00e9riple \u00e0 la Porte Dor\u00e9e o\u00f9 se trouve le Mus\u00e9e d&rsquo;Art d&rsquo;Afrique et d&rsquo;Oc\u00e9anie (ancien Mus\u00e9e Colonial) et le d\u00e9but du Bois de Vincennes.<\/p>\n<p><em><strong>Point de rendez- vous : \u00a0<\/strong><\/em> <strong>14h00<\/strong> devant la Mairie du 20\u00e8me arrondissement<\/p>\n<p>M\u00e9tro lignes : 3 et 3 bis<\/p>\n<p>Bus : 26, 60, 61, 69, 101, 355<\/p>\n<p>Vous comptez venir \u00e0 cette balade, merci de pr\u00e9venir l\u2019Animateur par t\u00e9l\u00e9phone.<\/p>\n<p>Le jour de la sortie, si vous \u00eates en retard pr\u00e9venir, si possible, l\u2019Animateur sur son t\u00e9l\u00e9phone mobile.<\/p>\n<p>&#8211; Animateur : Michel DAVID<br \/>\n&#8211; Organisateur de la balade : Jacques ROCHERON<\/p>\n","protected":false},"excerpt":{"rendered":"<p>Pour notre prochaine sortie, nous vous proposons une balade dans l\u2019est parisien, d\u00e9j\u00e0 faite d\u00e9but 2009 : de la Place Gambette \u00e0 la Porte Dor\u00e9e. De la Mairie du 20\u00e8me \u00e0 la Porte Dor\u00e9e, nous pourrons d\u00e9couvrir le village de Charonne, nous longerons les voies de chemin de fer de la petite ceinture pour arriver &hellip; <\/p>\n<p><a class=\"more-link btn\" href=\"https:\/\/www.kananas.com\/aerospatialeapres\/2015\/01\/10\/mardi-10-fevrier-de-la-place-gambetta-a-la-porte-doree\/\">Lire la suite<\/a><\/p>\n","protected":false},"author":243,"featured_media":0,"comment_status":"open","ping_status":"open","sticky":false,"template":"","format":"standard","meta":{"_crdt_document":"","footnotes":""},"categories":[5,1],"tags":[],"class_list":["post-303","post","type-post","status-publish","format-standard","hentry","category-commission-loisirs-nature","category-non-classe","item-wrap"],"_links":{"self":[{"href":"https:\/\/www.kananas.com\/aerospatialeapres\/wp-json\/wp\/v2\/posts\/303","targetHints":{"allow":["GET"]}}],"collection":[{"href":"https:\/\/www.kananas.com\/aerospatialeapres\/wp-json\/wp\/v2\/posts"}],"about":[{"href":"https:\/\/www.kananas.com\/aerospatialeapres\/wp-json\/wp\/v2\/types\/post"}],"author":[{"embeddable":true,"href":"https:\/\/www.kananas.com\/aerospatialeapres\/wp-json\/wp\/v2\/users\/243"}],"replies":[{"embeddable":true,"href":"https:\/\/www.kananas.com\/aerospatialeapres\/wp-json\/wp\/v2\/comments?post=303"}],"version-history":[{"count":0,"href":"https:\/\/www.kananas.com\/aerospatialeapres\/wp-json\/wp\/v2\/posts\/303\/revisions"}],"wp:attachment":[{"href":"https:\/\/www.kananas.com\/aerospatialeapres\/wp-json\/wp\/v2\/media?parent=303"}],"wp:term":[{"taxonomy":"category","embeddable":true,"href":"https:\/\/www.kananas.com\/aerospatialeapres\/wp-json\/wp\/v2\/categories?post=303"},{"taxonomy":"post_tag","embeddable":true,"href":"https:\/\/www.kananas.com\/aerospatialeapres\/wp-json\/wp\/v2\/tags?post=303"}],"curies":[{"name":"wp","href":"https:\/\/api.w.org\/{rel}","templated":true}]}}