{"id":305,"date":"2015-01-10T09:37:10","date_gmt":"2015-01-10T08:37:10","guid":{"rendered":"http:\/\/www.gestasso.com\/association\/aerospatialeapres\/?p=305"},"modified":"2015-01-10T09:37:10","modified_gmt":"2015-01-10T08:37:10","slug":"jeudi-19-fevrier-la-cite-du-cinema-a-st-denis","status":"publish","type":"post","link":"https:\/\/www.kananas.com\/aerospatialeapres\/2015\/01\/10\/jeudi-19-fevrier-la-cite-du-cinema-a-st-denis\/","title":{"rendered":"jeudi 19 f\u00e9vrier : La Cit\u00e9 du Cin\u00e9ma \u00e0 St Denis"},"content":{"rendered":"<p style=\"text-align: justify\">Pour le deuxi\u00e8me mois de cette nouvelle ann\u00e9e, cap sur Hollywood sur Seine, o\u00f9 nous vous proposons d\u2019entrer, accompagn\u00e9 d\u2019un Guide-Conf\u00e9rencier, dans la grande famille du cin\u00e9ma en visitant la belle et ambitieuse Cit\u00e9 du Cin\u00e9ma, imagin\u00e9e par le cin\u00e9aste Luc Besson. Ce lieu unique en Europe est enti\u00e8rement d\u00e9di\u00e9 au cin\u00e9ma : inaugur\u00e9 en septembre 2012, ses 62 000 m2 r\u00e9unissent tous les intervenants d\u2019un film, de l\u2019\u00e9criture du sc\u00e9nario \u00e0 la post-production et \u00e0 la distribution, en passant par la cr\u00e9ation de d\u00e9cors et les plateaux de tournage. Sans oublier les prestigieuses \u00e9coles de la Cit\u00e9 et Louis-Lumi\u00e8re. Le site, une ancienne centrale \u00e9lectrique EDF qui alimentait le m\u00e9tro parisien, a \u00e9t\u00e9 enti\u00e8rement r\u00e9habilit\u00e9 tout en conservant l\u2019ambiance du style Art D\u00e9co des ann\u00e9es 1930.<\/p>\n<p style=\"text-align: justify\">Dur\u00e9e pr\u00e9vue : environ 1h30<\/p>\n<p style=\"text-align: justify\"><em><strong>Point de rendez-vous :<\/strong><\/em>\u00a0 \u00c0 la Cit\u00e9 du Cin\u00e9ma\u00a0 20 rue Amp\u00e8re \u00e0 Saint-Denis dans le 93 \u00a0 \u00e0 <strong>13 h 45<\/strong><\/p>\n<p style=\"text-align: justify\"><em><strong>Acc\u00e8s au point de rendez-vous<\/strong><\/em><br \/>\nM\u00e9tro : Ligne 13 \u2013 Station Carrefour Pleyel \u2013 10 mn \u00e0 pied de la Cit\u00e9 du Cin\u00e9ma<br \/>\n(\u00c0 la station la Fourche prendre la direction Saint-Denis Universit\u00e9)<\/p>\n<p style=\"text-align: justify\"><strong>MODALIT\u00c9S<\/strong><br \/>\n<em><strong>Date limite d\u2019inscription :<\/strong><\/em> Avant le lundi 02 f\u00e9vrier 2015<br \/>\n<em><strong>Co\u00fbt :<\/strong><\/em> 13,00 \u20ac par personne<br \/>\n<em><strong>Nombre de personnes :<\/strong><\/em> Limit\u00e9 \u00e0 30 personnes<br \/>\n<em><strong>Pour vous inscrire :<\/strong><\/em> Remplissez le bulletin d\u2019inscription que vous avez re\u00e7u, et transmettez-le avec le ch\u00e8que<br \/>\ncorrespondant \u00e0 : AEROSPATIALE A.P.R.\u00c9.S.\u00a0\u00a0\u00a0 12 rue Pasteur\u00a0\u00a0\u00a0\u00a0\u00a0\u00a0 92152 Suresnes Cedex<\/p>\n<p style=\"text-align: justify\"><em><strong>Organisateur :<\/strong><\/em> Michel ARCHAMBAULT<\/p>\n","protected":false},"excerpt":{"rendered":"<p>Pour le deuxi\u00e8me mois de cette nouvelle ann\u00e9e, cap sur Hollywood sur Seine, o\u00f9 nous vous proposons d\u2019entrer, accompagn\u00e9 d\u2019un Guide-Conf\u00e9rencier, dans la grande famille du cin\u00e9ma en visitant la belle et ambitieuse Cit\u00e9 du Cin\u00e9ma, imagin\u00e9e par le cin\u00e9aste Luc Besson. Ce lieu unique en Europe est enti\u00e8rement d\u00e9di\u00e9 au cin\u00e9ma : inaugur\u00e9 en &hellip; <\/p>\n<p><a class=\"more-link btn\" href=\"https:\/\/www.kananas.com\/aerospatialeapres\/2015\/01\/10\/jeudi-19-fevrier-la-cite-du-cinema-a-st-denis\/\">Lire la suite<\/a><\/p>\n","protected":false},"author":243,"featured_media":0,"comment_status":"open","ping_status":"open","sticky":false,"template":"","format":"standard","meta":{"_crdt_document":"","footnotes":""},"categories":[2,1],"tags":[],"class_list":["post-305","post","type-post","status-publish","format-standard","hentry","category-commission-culturelle","category-non-classe","item-wrap"],"_links":{"self":[{"href":"https:\/\/www.kananas.com\/aerospatialeapres\/wp-json\/wp\/v2\/posts\/305","targetHints":{"allow":["GET"]}}],"collection":[{"href":"https:\/\/www.kananas.com\/aerospatialeapres\/wp-json\/wp\/v2\/posts"}],"about":[{"href":"https:\/\/www.kananas.com\/aerospatialeapres\/wp-json\/wp\/v2\/types\/post"}],"author":[{"embeddable":true,"href":"https:\/\/www.kananas.com\/aerospatialeapres\/wp-json\/wp\/v2\/users\/243"}],"replies":[{"embeddable":true,"href":"https:\/\/www.kananas.com\/aerospatialeapres\/wp-json\/wp\/v2\/comments?post=305"}],"version-history":[{"count":0,"href":"https:\/\/www.kananas.com\/aerospatialeapres\/wp-json\/wp\/v2\/posts\/305\/revisions"}],"wp:attachment":[{"href":"https:\/\/www.kananas.com\/aerospatialeapres\/wp-json\/wp\/v2\/media?parent=305"}],"wp:term":[{"taxonomy":"category","embeddable":true,"href":"https:\/\/www.kananas.com\/aerospatialeapres\/wp-json\/wp\/v2\/categories?post=305"},{"taxonomy":"post_tag","embeddable":true,"href":"https:\/\/www.kananas.com\/aerospatialeapres\/wp-json\/wp\/v2\/tags?post=305"}],"curies":[{"name":"wp","href":"https:\/\/api.w.org\/{rel}","templated":true}]}}