{"id":307,"date":"2014-12-02T12:00:56","date_gmt":"2014-12-02T11:00:56","guid":{"rendered":"http:\/\/www.gestasso.com\/association\/aerospatialeapres\/?p=307"},"modified":"2014-12-02T12:00:56","modified_gmt":"2014-12-02T11:00:56","slug":"mardi-20-janvier-2015-asemblee-generale-annuelle","status":"publish","type":"post","link":"https:\/\/www.kananas.com\/aerospatialeapres\/2014\/12\/02\/mardi-20-janvier-2015-asemblee-generale-annuelle\/","title":{"rendered":"Mardi 20 janvier 2015 : Asembl\u00e9e G\u00e9n\u00e9rale Annuelle"},"content":{"rendered":"<p>Cher(e)s ami(e)s,<\/p>\n<p style=\"text-align: justify\">Comme chaque ann\u00e9e, nous vous convions \u00e0 participer \u00e0 l\u2019Assembl\u00e9e G\u00e9n\u00e9rale Annuelle de notre Association AEROSPATIALE A.P.R.\u00c9.S., votre Amicale des Personnels Retrait\u00e9s de l\u2019\u00c9tablissement de Suresnes, qui se tiendra dans les locaux de l\u2019\u00c9tablissement AIRBUS GROUP Suresnes, au rez-de-chauss\u00e9e du 30 rue Pasteur \u00e0 Suresnes, et qui aura lieu, le :<\/p>\n<h3 style=\"text-align: center\"><span style=\"color: #0000ff\"><em><strong>Mardi 20 janvier 2015 de 14 H 00 \u00e0 17 H 00<\/strong><\/em><\/span><\/h3>\n<p style=\"text-align: center\">Salle de R\u00e9union \u00ab Thomas REITER \u00bb<br \/>\n(\u00c0 partir de l\u2019accueil un fl\u00e9chage sera en place)<\/p>\n<p>L\u2019ordre du jour en sera le suivant :<\/p>\n<p>1 \u2013 Allocution de bienvenue du Pr\u00e9sident<\/p>\n<p>2 \u2013 Rapport d\u2019activit\u00e9s 2014 pr\u00e9sent\u00e9 par le Secr\u00e9taire<\/p>\n<p>3 \u2013 Rapport financier pr\u00e9sent\u00e9 par les Tr\u00e9soriers<\/p>\n<p>4 \u2013 Rapport des V\u00e9rificateurs aux comptes<\/p>\n<p>5 \u2013 Cotisation 2015<\/p>\n<p>6 \u2013 Activit\u00e9 Patrimoine<\/p>\n<p>Les points 2 \u00e0 6 de l\u2019Ordre du Jour, feront l\u2019objet d\u2019un d\u00e9bat point par point accompagn\u00e9 d\u2019un vote donnant quitus au Bureau.<\/p>\n<p>7 \u2013 Point sur l\u2019avancement du \u00ab BLOG \u00bb AEROSPATIALE A.P.R.\u00c9.S.<\/p>\n<p>8 \u2013 Rapport des Commissions pr\u00e9sent\u00e9 par les Animateurs et d\u00e9bats<\/p>\n<p>8-1 Culturelle<\/p>\n<p>8-2 Information &#8211; Communication<\/p>\n<p>8-3 Informatique<\/p>\n<p>8-4 Loisirs &#8211; Nature<\/p>\n<p>8-5 Sociale &#8211; Solidarit\u00e9<\/p>\n<p>8-6 Voyages<\/p>\n<p>9 \u2013 V\u00e9rificateurs aux comptes<\/p>\n<p>9-1 Appel \u00e0 candidatures<\/p>\n<p>9-2 Approbation des candidatures<\/p>\n<p>10 \u2013 Conseil d\u2019Administration<\/p>\n<p>10-1 Appel \u00e0 candidatures<\/p>\n<p>10-2 Renouvellement du tiers sortant<\/p>\n<p>11 \u2013 Questions diverses<\/p>\n<p>12 \u2013 \u00c9lection du Bureau par les Membres du Conseil d\u2019Administration<\/p>\n<p>Les Adh\u00e9rent(e)s peuvent, dans les six jours qui suivent la convocation, notifier par lettre au Bureau de l\u2019Amicale (12 rue Pasteur 92152 Suresnes Cedex), les questions dont ils demandent l\u2019inscription \u00e0 l\u2019Ordre du Jour.<\/p>\n<p>Les comptes de l\u2019Amicale \u00e9tant arr\u00eat\u00e9s au 31 d\u00e9cembre 2014, le rapport financier vous sera pr\u00e9sent\u00e9 le jour de l\u2019Assembl\u00e9e.<\/p>\n<p>En application des r\u00e8gles de s\u00e9curit\u00e9 en vigueur dans l\u2019\u00c9tablissement de Suresnes, les adh\u00e9rents qui pensent assister \u00e0 l\u2019A.G.A., doivent nous retourner rempli le formulaire \u00ab Bulletin d\u2019inscription \u00bb (voir page jointe). Nous pourrons ainsi \u00e9tablir et saisir la liste des participants.<br \/>\nEn particulier, les adh\u00e9rents qui viennent en voiture et se seront signal\u00e9s, pourront stationner leur v\u00e9hicule dans le parking AIRBUS GROUP, l\u2019acc\u00e8s se trouvant au 3 rue Monge.<\/p>\n<p>\u00c0 cette convocation vous trouverez, en page jointe, un pouvoir pour vous permettre d\u2019\u00eatre repr\u00e9sent\u00e9(e), si vous ne pouvez pas assister \u00e0 l\u2019Assembl\u00e9e G\u00e9n\u00e9rale Annuelle.<\/p>\n<p>Comptant sur votre pr\u00e9sence, veuillez agr\u00e9er Cher(e)s Ami(e)s, l\u2019expression de nos sentiments les meilleurs.<\/p>\n<p>Bien cordialement,<\/p>\n<p>Le Pr\u00e9sident<\/p>\n<p>\u00c9mile RIBOIT<\/p>\n","protected":false},"excerpt":{"rendered":"<p>Cher(e)s ami(e)s, Comme chaque ann\u00e9e, nous vous convions \u00e0 participer \u00e0 l\u2019Assembl\u00e9e G\u00e9n\u00e9rale Annuelle de notre Association AEROSPATIALE A.P.R.\u00c9.S., votre Amicale des Personnels Retrait\u00e9s de l\u2019\u00c9tablissement de Suresnes, qui se tiendra dans les locaux de l\u2019\u00c9tablissement AIRBUS GROUP Suresnes, au rez-de-chauss\u00e9e du 30 rue Pasteur \u00e0 Suresnes, et qui aura lieu, le : Mardi 20 &hellip; <\/p>\n<p><a class=\"more-link btn\" href=\"https:\/\/www.kananas.com\/aerospatialeapres\/2014\/12\/02\/mardi-20-janvier-2015-asemblee-generale-annuelle\/\">Lire la suite<\/a><\/p>\n","protected":false},"author":243,"featured_media":0,"comment_status":"open","ping_status":"open","sticky":false,"template":"","format":"standard","meta":{"_crdt_document":"","footnotes":""},"categories":[1],"tags":[],"class_list":["post-307","post","type-post","status-publish","format-standard","hentry","category-non-classe","item-wrap"],"_links":{"self":[{"href":"https:\/\/www.kananas.com\/aerospatialeapres\/wp-json\/wp\/v2\/posts\/307","targetHints":{"allow":["GET"]}}],"collection":[{"href":"https:\/\/www.kananas.com\/aerospatialeapres\/wp-json\/wp\/v2\/posts"}],"about":[{"href":"https:\/\/www.kananas.com\/aerospatialeapres\/wp-json\/wp\/v2\/types\/post"}],"author":[{"embeddable":true,"href":"https:\/\/www.kananas.com\/aerospatialeapres\/wp-json\/wp\/v2\/users\/243"}],"replies":[{"embeddable":true,"href":"https:\/\/www.kananas.com\/aerospatialeapres\/wp-json\/wp\/v2\/comments?post=307"}],"version-history":[{"count":0,"href":"https:\/\/www.kananas.com\/aerospatialeapres\/wp-json\/wp\/v2\/posts\/307\/revisions"}],"wp:attachment":[{"href":"https:\/\/www.kananas.com\/aerospatialeapres\/wp-json\/wp\/v2\/media?parent=307"}],"wp:term":[{"taxonomy":"category","embeddable":true,"href":"https:\/\/www.kananas.com\/aerospatialeapres\/wp-json\/wp\/v2\/categories?post=307"},{"taxonomy":"post_tag","embeddable":true,"href":"https:\/\/www.kananas.com\/aerospatialeapres\/wp-json\/wp\/v2\/tags?post=307"}],"curies":[{"name":"wp","href":"https:\/\/api.w.org\/{rel}","templated":true}]}}