{"id":309,"date":"2014-12-02T09:57:30","date_gmt":"2014-12-02T08:57:30","guid":{"rendered":"http:\/\/www.gestasso.com\/association\/aerospatialeapres\/?p=309"},"modified":"2014-12-02T09:57:30","modified_gmt":"2014-12-02T08:57:30","slug":"jeudi-8-janvier-exposition-saint-louis-a-la-conciergerie","status":"publish","type":"post","link":"https:\/\/www.kananas.com\/aerospatialeapres\/2014\/12\/02\/jeudi-8-janvier-exposition-saint-louis-a-la-conciergerie\/","title":{"rendered":"Jeudi 8 janvier : Exposition \u00a0\u00bb Saint Louis \u00a0\u00bb \u00e0 la Conciergerie"},"content":{"rendered":"<p style=\"text-align: justify\">Pour commencer cette nouvelle ann\u00e9e, et dans le cadre du 800 \u00e8me anniversaire de la naissance \u2013 25 avril 1214 \u2013 de Saint Louis, nous vous proposons une exposition temporaire, avec un guide-conf\u00e9rencier, \u00e0 la Conciergerie. Louis IX a r\u00e9gn\u00e9 de 1226 \u00e0 sa mort en 1270. Il a \u00e9t\u00e9 canonis\u00e9 en 1297. L&rsquo;exposition porte un regard nouveau sur le Roi Saint Louis et la cr\u00e9ation artistique foisonnante du XIII \u00e8me si\u00e8cle. Le palais de la cit\u00e9 redevient l&rsquo;\u00e9crin, le temps de l&rsquo;exposition, des objets d&rsquo;art, ivoires, manuscrits enlumin\u00e9s, \u00e9vang\u00e9liaires aux reliures orf\u00e9vr\u00e9s et reliquaires issus du tr\u00e9sor de la Sainte Chapelle tandis qu&rsquo;une douzaine de panneaux de vitraux jamais pr\u00e9sent\u00e9s au public confirment la puissance symbolique de ce monument \u00e0 l&rsquo;heure o\u00f9 Paris se hisse au rang de capitale artistique de l&rsquo;Europe. Le parcours de l&rsquo;exposition se d\u00e9cline en trois parties : \u00ab Du saint \u00e0 l&rsquo;homme, parcours d&rsquo;un mythe \u00e0 rebours \u00bb d&rsquo;abord, \u00ab Du royaume terrestre \u00e0 la J\u00e9rusalem terrestre \u00bb ensuite. Enfin, la partie \u00ab Le miroir du monde \u00bb sera centr\u00e9e sur les arts au temps de Saint Louis. Cent trente \u0153uvres d\u2019une qualit\u00e9 exceptionnelle, issues des collections des grandes institutions, t\u00e9moignent de l\u2019effervescence intellectuelle qui touche les arts parisiens sous le r\u00e8gne de Louis IX.<br \/>\nDur\u00e9e pr\u00e9vue : environ 1h30<\/p>\n<p style=\"text-align: justify\"><em><strong>Point de rendez-vous :<\/strong><\/em> \u00c0 l\u2019int\u00e9rieur de la Conciergerie, 2 boulevard du Palais, en bas des escaliers \u00e0 <strong>14 h 00<\/strong><br \/>\n<em><strong>Acc\u00e8s au point de rendez-vous<\/strong><\/em><br \/>\nM\u00e9tro : Stations Cit\u00e9, St-Michel et Ch\u00e2telet (lignes 1, 4, 7, 11, 14)<br \/>\nBus : 21, 38, 85, 96 \u2013 RER A, B, D : Station Ch\u00e2telet-Les Halles et C : Station St-Michel<\/p>\n<p><strong>MODALIT\u00c9S<\/strong><br \/>\n<em><strong>Date limite d\u2019inscription :<\/strong> <\/em>Avant le lundi 05 janvier 2015<br \/>\n<em><strong>Co\u00fbt :<\/strong><\/em> 10,00 \u20ac par personne<br \/>\n<em><strong>Nombre de personnes :<\/strong><\/em> Limit\u00e9 \u00e0 20 personnes<br \/>\n<em><strong>Pour vous inscrire :<\/strong><\/em> Remplissez le bulletin d\u2019inscription que vous avez re\u00e7u, et transmettez-le avec le ch\u00e8que<br \/>\ncorrespondant \u00e0 : AEROSPATIALE A.P.R.\u00c9.S.\u00a0\u00a0\u00a0\u00a0 12 rue Pasteur\u00a0\u00a0\u00a0\u00a0\u00a0\u00a0 92152 Suresnes Cedex<\/p>\n<p style=\"text-align: justify\"><em><strong>Organisateur :<\/strong><\/em> Michel ARCHAMBAULT<\/p>\n","protected":false},"excerpt":{"rendered":"<p>Pour commencer cette nouvelle ann\u00e9e, et dans le cadre du 800 \u00e8me anniversaire de la naissance \u2013 25 avril 1214 \u2013 de Saint Louis, nous vous proposons une exposition temporaire, avec un guide-conf\u00e9rencier, \u00e0 la Conciergerie. Louis IX a r\u00e9gn\u00e9 de 1226 \u00e0 sa mort en 1270. Il a \u00e9t\u00e9 canonis\u00e9 en 1297. L&rsquo;exposition porte &hellip; <\/p>\n<p><a class=\"more-link btn\" href=\"https:\/\/www.kananas.com\/aerospatialeapres\/2014\/12\/02\/jeudi-8-janvier-exposition-saint-louis-a-la-conciergerie\/\">Lire la suite<\/a><\/p>\n","protected":false},"author":243,"featured_media":0,"comment_status":"open","ping_status":"open","sticky":false,"template":"","format":"standard","meta":{"_crdt_document":"","footnotes":""},"categories":[2,1],"tags":[],"class_list":["post-309","post","type-post","status-publish","format-standard","hentry","category-commission-culturelle","category-non-classe","item-wrap"],"_links":{"self":[{"href":"https:\/\/www.kananas.com\/aerospatialeapres\/wp-json\/wp\/v2\/posts\/309","targetHints":{"allow":["GET"]}}],"collection":[{"href":"https:\/\/www.kananas.com\/aerospatialeapres\/wp-json\/wp\/v2\/posts"}],"about":[{"href":"https:\/\/www.kananas.com\/aerospatialeapres\/wp-json\/wp\/v2\/types\/post"}],"author":[{"embeddable":true,"href":"https:\/\/www.kananas.com\/aerospatialeapres\/wp-json\/wp\/v2\/users\/243"}],"replies":[{"embeddable":true,"href":"https:\/\/www.kananas.com\/aerospatialeapres\/wp-json\/wp\/v2\/comments?post=309"}],"version-history":[{"count":0,"href":"https:\/\/www.kananas.com\/aerospatialeapres\/wp-json\/wp\/v2\/posts\/309\/revisions"}],"wp:attachment":[{"href":"https:\/\/www.kananas.com\/aerospatialeapres\/wp-json\/wp\/v2\/media?parent=309"}],"wp:term":[{"taxonomy":"category","embeddable":true,"href":"https:\/\/www.kananas.com\/aerospatialeapres\/wp-json\/wp\/v2\/categories?post=309"},{"taxonomy":"post_tag","embeddable":true,"href":"https:\/\/www.kananas.com\/aerospatialeapres\/wp-json\/wp\/v2\/tags?post=309"}],"curies":[{"name":"wp","href":"https:\/\/api.w.org\/{rel}","templated":true}]}}