{"id":312,"date":"2015-01-06T09:59:15","date_gmt":"2015-01-06T08:59:15","guid":{"rendered":"http:\/\/www.gestasso.com\/association\/aerospatialeapres\/?p=312"},"modified":"2015-01-06T09:59:15","modified_gmt":"2015-01-06T08:59:15","slug":"mardi-27-janvier-de-belleville-a-la-place-gambetta","status":"publish","type":"post","link":"https:\/\/www.kananas.com\/aerospatialeapres\/2015\/01\/06\/mardi-27-janvier-de-belleville-a-la-place-gambetta\/","title":{"rendered":"Mardi 27 janvier : De BELLEVILLE \u00e0 la Place GAMBETTA"},"content":{"rendered":"<p>Pour notre prochaine sortie, nous vous proposons une balade dans PARIS d\u00e9j\u00e0 faite fin 2009 :<\/p>\n<h3><em><strong>De Belleville \u00e0 la place Gambetta<\/strong><\/em><\/h3>\n<h5><em><strong>Rendez-vous :\u00a0 14 H<\/strong>\u00a0 <strong>station Pyr\u00e9n\u00e9es\u00a0 <\/strong><\/em>sortie n\u00b02 (rue des Pyr\u00e9n\u00e9es) ligne n\u00b0 11\u00a0 ou bus n\u00b026<\/h5>\n<p>Vous comptez venir \u00e0 cette balade, merci de pr\u00e9venir l\u2019Animateur par t\u00e9l\u00e9phone.<\/p>\n<p>Le jour de la sortie, si vous \u00eates en retard pr\u00e9venir, si possible, l\u2019Animateur ou l\u2019Organisateur sur leur t\u00e9l\u00e9phone mobile<\/p>\n<p>Animateur : Michel DAVID<\/p>\n","protected":false},"excerpt":{"rendered":"<p>Pour notre prochaine sortie, nous vous proposons une balade dans PARIS d\u00e9j\u00e0 faite fin 2009 : De Belleville \u00e0 la place Gambetta Rendez-vous :\u00a0 14 H\u00a0 station Pyr\u00e9n\u00e9es\u00a0 sortie n\u00b02 (rue des Pyr\u00e9n\u00e9es) ligne n\u00b0 11\u00a0 ou bus n\u00b026 Vous comptez venir \u00e0 cette balade, merci de pr\u00e9venir l\u2019Animateur par t\u00e9l\u00e9phone. Le jour de la &hellip; <\/p>\n<p><a class=\"more-link btn\" href=\"https:\/\/www.kananas.com\/aerospatialeapres\/2015\/01\/06\/mardi-27-janvier-de-belleville-a-la-place-gambetta\/\">Lire la suite<\/a><\/p>\n","protected":false},"author":243,"featured_media":0,"comment_status":"open","ping_status":"open","sticky":false,"template":"","format":"standard","meta":{"_crdt_document":"","footnotes":""},"categories":[5,1],"tags":[],"class_list":["post-312","post","type-post","status-publish","format-standard","hentry","category-commission-loisirs-nature","category-non-classe","item-wrap"],"_links":{"self":[{"href":"https:\/\/www.kananas.com\/aerospatialeapres\/wp-json\/wp\/v2\/posts\/312","targetHints":{"allow":["GET"]}}],"collection":[{"href":"https:\/\/www.kananas.com\/aerospatialeapres\/wp-json\/wp\/v2\/posts"}],"about":[{"href":"https:\/\/www.kananas.com\/aerospatialeapres\/wp-json\/wp\/v2\/types\/post"}],"author":[{"embeddable":true,"href":"https:\/\/www.kananas.com\/aerospatialeapres\/wp-json\/wp\/v2\/users\/243"}],"replies":[{"embeddable":true,"href":"https:\/\/www.kananas.com\/aerospatialeapres\/wp-json\/wp\/v2\/comments?post=312"}],"version-history":[{"count":0,"href":"https:\/\/www.kananas.com\/aerospatialeapres\/wp-json\/wp\/v2\/posts\/312\/revisions"}],"wp:attachment":[{"href":"https:\/\/www.kananas.com\/aerospatialeapres\/wp-json\/wp\/v2\/media?parent=312"}],"wp:term":[{"taxonomy":"category","embeddable":true,"href":"https:\/\/www.kananas.com\/aerospatialeapres\/wp-json\/wp\/v2\/categories?post=312"},{"taxonomy":"post_tag","embeddable":true,"href":"https:\/\/www.kananas.com\/aerospatialeapres\/wp-json\/wp\/v2\/tags?post=312"}],"curies":[{"name":"wp","href":"https:\/\/api.w.org\/{rel}","templated":true}]}}