{"id":396,"date":"2016-01-11T15:43:45","date_gmt":"2016-01-11T14:43:45","guid":{"rendered":"http:\/\/www.gestasso.com\/association\/aerospatialeapres\/?p=396"},"modified":"2016-01-11T15:43:45","modified_gmt":"2016-01-11T14:43:45","slug":"mardi-15-mars-repas-brasserie-bofinger-et-visite-de-la-caserne-des-celestins-de-la-garde-republicaine","status":"publish","type":"post","link":"https:\/\/www.kananas.com\/aerospatialeapres\/2016\/01\/11\/mardi-15-mars-repas-brasserie-bofinger-et-visite-de-la-caserne-des-celestins-de-la-garde-republicaine\/","title":{"rendered":"Mardi 15 mars : Repas Brasserie Bofinger et visite de la Caserne des C\u00e9lestins de la Garde R\u00e9publicaine"},"content":{"rendered":"<p style=\"text-align: justify\"><span style=\"color: #0000ff\"><em>La 1\u00e8re visite propos\u00e9e le 15 d\u00e9cembre 2015, avait re\u00e7u 39 inscriptions. Les groupes \u00e9tant strictement limit\u00e9s \u00e0 25 personnes, pour la Caserne, nous avons obtenu une seconde date, le mardi 15 mars 2016. Apr\u00e8s avoir consult\u00e9 chacun des inscrits pour le 15 d\u00e9cembre, c\u2019est un groupe de 20 qui a fait la sortie du 15\/12\/15. Il reste donc 19 inscrits pour le second groupe, et 6 places disponibles pour atteindre le nombre maximum de 25 personnes. C\u2019est le but de cette proposition.<\/em><\/span><\/p>\n<p>Nous vous proposons donc pour le 2\u00e8me groupe, de passer une demi-journ\u00e9e \u00e0 Paris dans le 4 \u00e8me arrondissement. Nous commencerons par un d\u00e9jeuner (ap\u00e9ritif, entr\u00e9e, plat principal, dessert, boissons et caf\u00e9) \u00e0 la Brasserie Bofinger, puis nous irons \u00e0 pied (10 mn environ) visiter la Caserne des C\u00e9lestins (12 boulevard Henry IV), qui est le lieu d\u2019entrainement des cavaliers de la Garde R\u00e9publicaine. \u00c9difi\u00e9e en 1895, cette caserne abrite depuis cette date, l\u2019\u00e9tat-major et le r\u00e9giment de cavalerie de la Garde R\u00e9publicaine. Ses \u00e9curies accueillent les 140 chevaux du 1er escadron et de la fanfare de cavalerie. La visite commencera par la salle des traditions, d\u00e9di\u00e9e \u00e0 l\u2019histoire de la Garde R\u00e9publicaine depuis 1802 \u00e0 nos jours, am\u00e9nag\u00e9e dans une ancienne \u00e9curie. Et puis les \u00e9curies, la magnifique structure de type Eiffel du man\u00e8ge o\u00f9 les cavaliers s\u2019entrainent quotidiennement\u2026<\/p>\n<p style=\"text-align: center\"><span style=\"color: #ff0000\"><em><strong>N\u2019oubliez pas d\u2019avoir avec vous une pi\u00e8ce d\u2019identit\u00e9, pour pourvoir visiter la caserne des C\u00e9lestins.<\/strong><\/em><\/span><\/p>\n<p><em><strong>Point de rendez-vous :<\/strong><\/em> Devant la <strong>Brasserie Bofinger<\/strong>, 5-7 rue de la Bastille Paris 4\u00e8me \u00e0 <strong>12 h<br \/>\n<\/strong><\/p>\n<p><strong>Acc\u00e8s au point de rendez-vous<\/strong><br \/>\nM\u00e9tro : Station Bastille (lignes 1, 5, 8) \u2013 RER : Station Gare de Lyon (lignes A, B, D)<br \/>\nBus : Station Bastille (lignes 20, 29, 65, 69, 76, 86, 87, 91)<\/p>\n<p><em><strong>MODALIT\u00c9S<\/strong><\/em><\/p>\n<p><em><strong>Date limite d\u2019inscription : Avant le lundi 01 f\u00e9vrier 2016<\/strong><\/em><br \/>\n<strong>Co\u00fbt : 58 \u20ac par personne<\/strong> pour les Adh\u00e9rents et Membres Bienfaiteurs et <strong>68 \u20ac pour les invit\u00e9s<\/strong><br \/>\n<strong>Nombre de personnes :<\/strong> A moins de 20 personnes la sortie ne pourra \u00eatre organis\u00e9e<br \/>\n<strong>Pour vous inscrire :<\/strong> Remplissez le bulletin d\u2019inscription que vous avez re\u00e7u, et transmettez-le avec le ch\u00e8que correspondant \u00e0 : AEROSPATIALE A.P.R.\u00c9.S.<br \/>\n12 rue Pasteur 92152 Suresnes Cedex<\/p>\n<p style=\"text-align: justify\"><strong><em><span style=\"color: #ff0000\">Pour les 19 personnes inscrites pour le 15 d\u00e9cembre et report\u00e9es au 15 mars, renvoyez le bulletin pour confirmer votre participation mais sans le ch\u00e8que.<\/span><\/em><\/strong><\/p>\n<p>En cas d\u2019emp\u00eachement entra\u00eenant une annulation de votre participation, pr\u00e9venir\u00a0 Michel ARCHAMBAULT<\/p>\n","protected":false},"excerpt":{"rendered":"<p>La 1\u00e8re visite propos\u00e9e le 15 d\u00e9cembre 2015, avait re\u00e7u 39 inscriptions. Les groupes \u00e9tant strictement limit\u00e9s \u00e0 25 personnes, pour la Caserne, nous avons obtenu une seconde date, le mardi 15 mars 2016. Apr\u00e8s avoir consult\u00e9 chacun des inscrits pour le 15 d\u00e9cembre, c\u2019est un groupe de 20 qui a fait la sortie du &hellip; <\/p>\n<p><a class=\"more-link btn\" href=\"https:\/\/www.kananas.com\/aerospatialeapres\/2016\/01\/11\/mardi-15-mars-repas-brasserie-bofinger-et-visite-de-la-caserne-des-celestins-de-la-garde-republicaine\/\">Lire la suite<\/a><\/p>\n","protected":false},"author":243,"featured_media":0,"comment_status":"open","ping_status":"open","sticky":false,"template":"","format":"standard","meta":{"_crdt_document":"","footnotes":""},"categories":[2,1],"tags":[],"class_list":["post-396","post","type-post","status-publish","format-standard","hentry","category-commission-culturelle","category-non-classe","item-wrap"],"_links":{"self":[{"href":"https:\/\/www.kananas.com\/aerospatialeapres\/wp-json\/wp\/v2\/posts\/396","targetHints":{"allow":["GET"]}}],"collection":[{"href":"https:\/\/www.kananas.com\/aerospatialeapres\/wp-json\/wp\/v2\/posts"}],"about":[{"href":"https:\/\/www.kananas.com\/aerospatialeapres\/wp-json\/wp\/v2\/types\/post"}],"author":[{"embeddable":true,"href":"https:\/\/www.kananas.com\/aerospatialeapres\/wp-json\/wp\/v2\/users\/243"}],"replies":[{"embeddable":true,"href":"https:\/\/www.kananas.com\/aerospatialeapres\/wp-json\/wp\/v2\/comments?post=396"}],"version-history":[{"count":0,"href":"https:\/\/www.kananas.com\/aerospatialeapres\/wp-json\/wp\/v2\/posts\/396\/revisions"}],"wp:attachment":[{"href":"https:\/\/www.kananas.com\/aerospatialeapres\/wp-json\/wp\/v2\/media?parent=396"}],"wp:term":[{"taxonomy":"category","embeddable":true,"href":"https:\/\/www.kananas.com\/aerospatialeapres\/wp-json\/wp\/v2\/categories?post=396"},{"taxonomy":"post_tag","embeddable":true,"href":"https:\/\/www.kananas.com\/aerospatialeapres\/wp-json\/wp\/v2\/tags?post=396"}],"curies":[{"name":"wp","href":"https:\/\/api.w.org\/{rel}","templated":true}]}}