{"id":643,"date":"2018-04-04T09:52:02","date_gmt":"2018-04-04T07:52:02","guid":{"rendered":"http:\/\/www.kananas.com\/aerospatialeapres\/?p=643"},"modified":"2018-04-07T10:03:41","modified_gmt":"2018-04-07T08:03:41","slug":"vendredi-20-avril-musee-du-quai-branly-jacques-chirac","status":"publish","type":"post","link":"https:\/\/www.kananas.com\/aerospatialeapres\/2018\/04\/04\/vendredi-20-avril-musee-du-quai-branly-jacques-chirac\/","title":{"rendered":"Vendredi 20 avril : Mus\u00e9e du Quai Branly &#8211; Jacques Chirac"},"content":{"rendered":"<p>Le Mus\u00e9e du Quai Branly \u2013 Jacques Chirac est le mus\u00e9e pour les arts et civilisations d\u2019Afrique, d\u2019Oc\u00e9anie, d\u2019Asie et des Am\u00e9riques avec une collection permanente de plus de 300\u00a0000 objets.<\/p>\n<p>Au cours de la visite guid\u00e9e d\u2019une dur\u00e9e de 1\u00a0h\u00a030, nous d\u00e9couvrirons sa richesse et ses principales pi\u00e8ces.<\/p>\n<p>Le mus\u00e9e, dont l\u2019architecte est Jean Nouvel, s\u2019int\u00e8gre dans un jardin, au pied de la Tour Eiffel.<\/p>\n<p><em><strong>Nous pourrons poursuivre la visite par un d\u00e9jeuner au Caf\u00e9 Branly.<\/strong><\/em><\/p>\n<p><em><strong>Date limite d&rsquo;inscription\u00a0:<\/strong><\/em> <strong><u>Avant le <span style=\"color: #ff0000\">vendredi 16 avril 2018<\/span>\u00a0\u00a0<\/u><\/strong><u>(<\/u><u>Le nombre de participants est limit\u00e9 \u00e0 25)<\/u><\/p>\n<p><em><strong><u>Prix par personne<\/u><\/strong><\/em><strong><em>\u00a0:<\/em>\u00a0 \u00a0 \u00a0Adh\u00e9rent et Membre Bienfaiteur <\/strong>&#8230;&#8230;&#8230;.. <strong>\u00a015 \u20ac<\/strong><\/p>\n<p><strong>\u00a0\u00a0\u00a0\u00a0\u00a0\u00a0\u00a0\u00a0\u00a0\u00a0\u00a0\u00a0\u00a0\u00a0\u00a0\u00a0\u00a0\u00a0\u00a0\u00a0\u00a0\u00a0\u00a0\u00a0\u00a0\u00a0\u00a0\u00a0\u00a0\u00a0\u00a0\u00a0\u00a0\u00a0\u00a0\u00a0\u00a0\u00a0\u00a0\u00a0\u00a0\u00a0\u00a0\u00a0 Invit\u00e9 <\/strong>&#8230;&#8230;&#8230;&#8230;&#8230;&#8230;&#8230;&#8230;&#8230;&#8230;&#8230;&#8230;&#8230;&#8230;&#8230;&#8230;&#8230;&#8230;&#8230;&#8230;&#8230;&#8230;.. \u00a0<strong>24 \u20ac<\/strong><\/p>\n<p>Le prix ne comprend pas le d\u00e9jeuner (menu du jour plat \u2013 dessert + \u00bc vin ou eau\u00a0: environ 25\u00a0\u20ac).<\/p>\n<p style=\"text-align: justify\"><u>Pour vous inscrire<\/u>\u00a0: Envoyez le bulletin d\u2019inscription ci-dessous compl\u00e9t\u00e9 accompagn\u00e9 de votre r\u00e8glement par ch\u00e8que \u00e0 l&rsquo;ordre de AEROSPATIALE A.P.R.\u00c9.S \u00e0<\/p>\n<p>AEROSPATIALE A.P.R.\u00c9.S.\u00a0 \u00a0 12 rue Pasteur 92152 SURESNES Cedex<\/p>\n<p><em><strong>Pr\u00e9cisez si vous souhaitez d\u00e9jeuner au Caf\u00e9 Branly, nous pourrons r\u00e9server les tables.<\/strong><\/em><\/p>\n<p><strong><u>Rendez-vous<\/u><\/strong>\u00a0:\u00a0\u00a0\u00a0 le <span style=\"color: #ff0000\"><em><strong>vendredi 20 avril 2018 \u00e0 10 h 30<\/strong><\/em><\/span> devant les caisses du mus\u00e9e.<\/p>\n<p><strong><u>Entr\u00e9e\u00a0<\/u><\/strong>:<strong> \u00a0\u00a0\u00a0\u00a0\u00a0\u00a0\u00a0\u00a0\u00a0\u00a0\u00a0\u00a0 <\/strong>37 Quai Branly ou 218 rue de l\u2019Universit\u00e9<\/p>\n<p><strong><em>\u00a0<\/em><\/strong><strong><u>Contact t\u00e9l\u00e9phonique<\/u><\/strong> si n\u00e9cessaire :\u00a0 \u00a0 \u00a0Michel ARCHAMBAULT\u00a0 ou Jean-Pierre AVENET<\/p>\n<p>&nbsp;<\/p>\n<p style=\"text-align: center\"><em>v<\/em><em>\u00a0\u00a0\u00a0 <strong><u>Important<\/u>\u00a0: le retour du bulletin nous est indispensable pour effectuer la r\u00e9servation<\/strong>\u00a0\u00a0\u00a0 <\/em><em>v<\/em><\/p>\n","protected":false},"excerpt":{"rendered":"<p>Le Mus\u00e9e du Quai Branly \u2013 Jacques Chirac est le mus\u00e9e pour les arts et civilisations d\u2019Afrique, d\u2019Oc\u00e9anie, d\u2019Asie et des Am\u00e9riques avec une collection permanente de plus de 300\u00a0000 objets. Au cours de la visite guid\u00e9e d\u2019une dur\u00e9e de 1\u00a0h\u00a030, nous d\u00e9couvrirons sa richesse et ses principales pi\u00e8ces. Le mus\u00e9e, dont l\u2019architecte est Jean &hellip; <\/p>\n<p><a class=\"more-link btn\" href=\"https:\/\/www.kananas.com\/aerospatialeapres\/2018\/04\/04\/vendredi-20-avril-musee-du-quai-branly-jacques-chirac\/\">Lire la suite<\/a><\/p>\n","protected":false},"author":243,"featured_media":0,"comment_status":"closed","ping_status":"open","sticky":false,"template":"","format":"standard","meta":{"_crdt_document":"","footnotes":""},"categories":[2],"tags":[],"class_list":["post-643","post","type-post","status-publish","format-standard","hentry","category-commission-culturelle","item-wrap"],"_links":{"self":[{"href":"https:\/\/www.kananas.com\/aerospatialeapres\/wp-json\/wp\/v2\/posts\/643","targetHints":{"allow":["GET"]}}],"collection":[{"href":"https:\/\/www.kananas.com\/aerospatialeapres\/wp-json\/wp\/v2\/posts"}],"about":[{"href":"https:\/\/www.kananas.com\/aerospatialeapres\/wp-json\/wp\/v2\/types\/post"}],"author":[{"embeddable":true,"href":"https:\/\/www.kananas.com\/aerospatialeapres\/wp-json\/wp\/v2\/users\/243"}],"replies":[{"embeddable":true,"href":"https:\/\/www.kananas.com\/aerospatialeapres\/wp-json\/wp\/v2\/comments?post=643"}],"version-history":[{"count":1,"href":"https:\/\/www.kananas.com\/aerospatialeapres\/wp-json\/wp\/v2\/posts\/643\/revisions"}],"predecessor-version":[{"id":644,"href":"https:\/\/www.kananas.com\/aerospatialeapres\/wp-json\/wp\/v2\/posts\/643\/revisions\/644"}],"wp:attachment":[{"href":"https:\/\/www.kananas.com\/aerospatialeapres\/wp-json\/wp\/v2\/media?parent=643"}],"wp:term":[{"taxonomy":"category","embeddable":true,"href":"https:\/\/www.kananas.com\/aerospatialeapres\/wp-json\/wp\/v2\/categories?post=643"},{"taxonomy":"post_tag","embeddable":true,"href":"https:\/\/www.kananas.com\/aerospatialeapres\/wp-json\/wp\/v2\/tags?post=643"}],"curies":[{"name":"wp","href":"https:\/\/api.w.org\/{rel}","templated":true}]}}