{"id":370,"date":"2019-04-16T13:01:37","date_gmt":"2019-04-16T11:01:37","guid":{"rendered":"http:\/\/www.kananas.com\/associationacdelagardonnenque3123\/?p=370"},"modified":"2022-04-11T13:11:57","modified_gmt":"2022-04-11T11:11:57","slug":"compte-rendu-ag-du-13-avril-2019","status":"publish","type":"post","link":"https:\/\/www.kananas.com\/associationacdelagardonnenque3123\/compte-rendu-ag-du-13-avril-2019\/","title":{"rendered":"COMPTE RENDU AG DU 13 AVRIL 2019"},"content":{"rendered":"<p>Le samedi 13 avril 2019, un tr\u00e8s grand nombre d&rsquo;adh\u00e9rents\u00a0 mais aussi beaucoup de nouveaux venus se sont retrouv\u00e9s au Foyer de Sauzet pour l&rsquo;Assembl\u00e9e G\u00e9n\u00e9rale.<\/p>\n<p>Les participants ont pu \u00e9changer autour d&rsquo;un petit d\u00e9jeuner offert par l&rsquo;association en attendant l&rsquo;ouverture de l&rsquo;AG qui a d\u00e9but\u00e9 \u00e0 9heures 30.<\/p>\n<p>Apr\u00e8s l&rsquo;allocution de bienvenue des co-pr\u00e9sidentes, le rapport moral ainsi\u00a0 que le rapport\u00a0 financier ont \u00e9t\u00e9 pr\u00e9sent\u00e9s aux membres de l&rsquo;assembl\u00e9e et soumis au vote pour approbation . Apr\u00e8s consultation, ces rapports ont \u00e9t\u00e9 approuv\u00e9s \u00e0 l&rsquo;unanimit\u00e9.<\/p>\n<p>Madame la tr\u00e9sori\u00e8re a propos\u00e9, pour plus de facilit\u00e9s dans la gestion de la comptabilit\u00e9,\u00a0 d&rsquo;opter pour\u00a0 l&rsquo;ann\u00e9e civile (du 1er janvier au 31 d\u00e9cembre) comme ann\u00e9e comptable en remplacement de celle en application actuellement \u00e0 savoir du 1er mars\u00a0 au 28 f\u00e9vrier.<\/p>\n<p>Cette proposition mise aux voix est adopt\u00e9e \u00e0 l&rsquo;unanimit\u00e9.<\/p>\n<p>Il a \u00e9t\u00e9 ensuite proc\u00e9d\u00e9 \u00e0 la pr\u00e9sentation du Budget 2019. Ce document mis aux voix a \u00e9t\u00e9 adopt\u00e9 \u00e0 l&rsquo;unanimit\u00e9.<\/p>\n<p><strong><u>Renouvellement et Nominations d&rsquo;administrateurs \/<\/u><\/strong><\/p>\n<p>Apr\u00e8s consultation ont \u00e9t\u00e9 \u00e9lus : mesdames Veyrunes Sylvie, Fran\u00e7oise Casano et messieurs Asensi G\u00e9rald, De Gea Jean-Paul et Leli\u00e8vre Pascal.<\/p>\n<p>Mesdames\u00a0 Mich\u00e8le GEBELIN, Mich\u00e8le CARRAT, Anne-Marie SKORA, Gis\u00e8le CANONGE, Nouara LECRU, Monsieur Marc GIAIMO, membres du Conseil d\u2019Administration dont le mandat n\u2019est pas \u00e9chu et n\u2019\u00e9tant pas d\u00e9missionnaires, sont maintenus dans leur fonction d\u2019administrateur.<\/p>\n<p>La composition du\u00a0 nouveau bureau sera \u00e0 l\u2019ordre du jour du prochain conseil d\u2019administration.<\/p>\n<p><img loading=\"lazy\" decoding=\"async\" class=\" wp-image-368 aligncenter\" src=\"http:\/\/www.kananas.com\/associationacdelagardonnenque3123\/wp-content\/uploads\/sites\/1383\/2019\/04\/IMG_6594-1-300x167.jpg\" alt=\"\" width=\"423\" height=\"235\" srcset=\"https:\/\/www.kananas.com\/associationacdelagardonnenque3123\/wp-content\/uploads\/sites\/1383\/2019\/04\/IMG_6594-1-300x167.jpg 300w, https:\/\/www.kananas.com\/associationacdelagardonnenque3123\/wp-content\/uploads\/sites\/1383\/2019\/04\/IMG_6594-1-150x84.jpg 150w, https:\/\/www.kananas.com\/associationacdelagardonnenque3123\/wp-content\/uploads\/sites\/1383\/2019\/04\/IMG_6594-1-768x428.jpg 768w, https:\/\/www.kananas.com\/associationacdelagardonnenque3123\/wp-content\/uploads\/sites\/1383\/2019\/04\/IMG_6594-1-1024x570.jpg 1024w, https:\/\/www.kananas.com\/associationacdelagardonnenque3123\/wp-content\/uploads\/sites\/1383\/2019\/04\/IMG_6594-1-624x348.jpg 624w, https:\/\/www.kananas.com\/associationacdelagardonnenque3123\/wp-content\/uploads\/sites\/1383\/2019\/04\/IMG_6594-1.jpg 1025w\" sizes=\"auto, (max-width: 423px) 100vw, 423px\" \/><\/p>\n","protected":false},"excerpt":{"rendered":"<p>Le samedi 13 avril 2019, un tr\u00e8s grand nombre d&rsquo;adh\u00e9rents\u00a0 mais aussi beaucoup de nouveaux venus se sont retrouv\u00e9s au Foyer de Sauzet pour l&rsquo;Assembl\u00e9e G\u00e9n\u00e9rale. Les participants ont pu \u00e9changer autour d&rsquo;un petit d\u00e9jeuner offert par l&rsquo;association en attendant l&rsquo;ouverture de l&rsquo;AG qui a d\u00e9but\u00e9 \u00e0 9heures 30. Apr\u00e8s l&rsquo;allocution de bienvenue des co-pr\u00e9sidentes, le rapport moral ainsi\u00a0 que&#8230; <a href=\"https:\/\/www.kananas.com\/associationacdelagardonnenque3123\/compte-rendu-ag-du-13-avril-2019\/\">Read more &raquo;<\/a><\/p>\n","protected":false},"author":1428,"featured_media":0,"comment_status":"closed","ping_status":"closed","sticky":false,"template":"","format":"standard","meta":{"_crdt_document":"","footnotes":""},"categories":[6],"tags":[],"class_list":["post-370","post","type-post","status-publish","format-standard","hentry","category-assemblee-generale"],"_links":{"self":[{"href":"https:\/\/www.kananas.com\/associationacdelagardonnenque3123\/wp-json\/wp\/v2\/posts\/370","targetHints":{"allow":["GET"]}}],"collection":[{"href":"https:\/\/www.kananas.com\/associationacdelagardonnenque3123\/wp-json\/wp\/v2\/posts"}],"about":[{"href":"https:\/\/www.kananas.com\/associationacdelagardonnenque3123\/wp-json\/wp\/v2\/types\/post"}],"author":[{"embeddable":true,"href":"https:\/\/www.kananas.com\/associationacdelagardonnenque3123\/wp-json\/wp\/v2\/users\/1428"}],"replies":[{"embeddable":true,"href":"https:\/\/www.kananas.com\/associationacdelagardonnenque3123\/wp-json\/wp\/v2\/comments?post=370"}],"version-history":[{"count":3,"href":"https:\/\/www.kananas.com\/associationacdelagardonnenque3123\/wp-json\/wp\/v2\/posts\/370\/revisions"}],"predecessor-version":[{"id":373,"href":"https:\/\/www.kananas.com\/associationacdelagardonnenque3123\/wp-json\/wp\/v2\/posts\/370\/revisions\/373"}],"wp:attachment":[{"href":"https:\/\/www.kananas.com\/associationacdelagardonnenque3123\/wp-json\/wp\/v2\/media?parent=370"}],"wp:term":[{"taxonomy":"category","embeddable":true,"href":"https:\/\/www.kananas.com\/associationacdelagardonnenque3123\/wp-json\/wp\/v2\/categories?post=370"},{"taxonomy":"post_tag","embeddable":true,"href":"https:\/\/www.kananas.com\/associationacdelagardonnenque3123\/wp-json\/wp\/v2\/tags?post=370"}],"curies":[{"name":"wp","href":"https:\/\/api.w.org\/{rel}","templated":true}]}}