{"id":423,"date":"2019-10-15T08:37:51","date_gmt":"2019-10-15T06:37:51","guid":{"rendered":"http:\/\/www.kananas.com\/associationacdelagardonnenque3123\/?p=423"},"modified":"2022-04-11T13:11:03","modified_gmt":"2022-04-11T11:11:03","slug":"fin-de-saison","status":"publish","type":"post","link":"https:\/\/www.kananas.com\/associationacdelagardonnenque3123\/fin-de-saison\/","title":{"rendered":"FIN DE SAISON"},"content":{"rendered":"<div><span style=\"color: #0000ff\">CL\u00d4TURE DE LA SAISON<\/span><\/div>\n<div><span style=\"color: #0000ff\">\u00a0<\/span><\/div>\n<div><span style=\"color: #0000ff\">La fin de la saison approche ainsi que les go\u00fbters pour les enfants et le traditionnel ap\u00e9ritif des adultes.<\/span><\/div>\n<div><span style=\"color: #0000ff\">\u00a0<\/span><\/div>\n<div><span style=\"color: #0000ff\">Au programme de la derni\u00e8re semaine :<\/span><\/div>\n<div>\n<ul>\n<li><span style=\"color: #0000ff\">Mercredi 16 octobre : Apr\u00e8s-midi go\u00fbter des enfants de 14h \u00e0 17h<\/span><\/li>\n<li><span style=\"color: #0000ff\">Vendredi 18 octobre : Ap\u00e9ritif des adultes<\/span><\/li>\n<li><span style=\"color: #0000ff\">Samedi 19 octobre :\u00a0 Apr\u00e8s-midi go\u00fbter des enfants de 14h \u00e0 17h, qui cl\u00f4turera la fin de saison<\/span><\/li>\n<li><span style=\"color: #0000ff\">Les autres jours les cours se d\u00e9roulent comme habituellement.<br \/>\n<\/span><\/li>\n<\/ul>\n<\/div>\n<div><span style=\"color: #0000ff\">Pour les enfants, les cours sont banalis\u00e9s et remplac\u00e9s par les comp\u00e9titions club, le relais et des jeux aquatiques accompagn\u00e9s bien entendu du go\u00fbter.<br \/>\n<\/span><\/div>\n<div><span style=\"color: #0000ff\">Pour l&rsquo;ap\u00e9ritif des adultes les cours sont d\u00e9cal\u00e9s et l&rsquo;ap\u00e9ritif commencera \u00e0 19h30.<br \/>\n<\/span><\/div>\n<div><span style=\"color: #0000ff\">\u00a0<\/span><\/div>\n<div><span style=\"color: #0000ff\">Pour plus de pr\u00e9cisions, revoir le mail envoy\u00e9 aux adh\u00e9rents.<\/span><\/div>\n","protected":false},"excerpt":{"rendered":"<p>CL\u00d4TURE DE LA SAISON \u00a0 La fin de la saison approche ainsi que les go\u00fbters pour les enfants et le traditionnel ap\u00e9ritif des adultes. \u00a0 Au programme de la derni\u00e8re semaine : Mercredi 16 octobre : Apr\u00e8s-midi go\u00fbter des enfants de 14h \u00e0 17h Vendredi 18 octobre : Ap\u00e9ritif des adultes Samedi 19 octobre :\u00a0 Apr\u00e8s-midi go\u00fbter des enfants de&#8230; <a href=\"https:\/\/www.kananas.com\/associationacdelagardonnenque3123\/fin-de-saison\/\">Read more &raquo;<\/a><\/p>\n","protected":false},"author":1428,"featured_media":0,"comment_status":"closed","ping_status":"closed","sticky":false,"template":"","format":"standard","meta":{"_crdt_document":"","footnotes":""},"categories":[1],"tags":[],"class_list":["post-423","post","type-post","status-publish","format-standard","hentry","category-non-classe"],"_links":{"self":[{"href":"https:\/\/www.kananas.com\/associationacdelagardonnenque3123\/wp-json\/wp\/v2\/posts\/423","targetHints":{"allow":["GET"]}}],"collection":[{"href":"https:\/\/www.kananas.com\/associationacdelagardonnenque3123\/wp-json\/wp\/v2\/posts"}],"about":[{"href":"https:\/\/www.kananas.com\/associationacdelagardonnenque3123\/wp-json\/wp\/v2\/types\/post"}],"author":[{"embeddable":true,"href":"https:\/\/www.kananas.com\/associationacdelagardonnenque3123\/wp-json\/wp\/v2\/users\/1428"}],"replies":[{"embeddable":true,"href":"https:\/\/www.kananas.com\/associationacdelagardonnenque3123\/wp-json\/wp\/v2\/comments?post=423"}],"version-history":[{"count":1,"href":"https:\/\/www.kananas.com\/associationacdelagardonnenque3123\/wp-json\/wp\/v2\/posts\/423\/revisions"}],"predecessor-version":[{"id":424,"href":"https:\/\/www.kananas.com\/associationacdelagardonnenque3123\/wp-json\/wp\/v2\/posts\/423\/revisions\/424"}],"wp:attachment":[{"href":"https:\/\/www.kananas.com\/associationacdelagardonnenque3123\/wp-json\/wp\/v2\/media?parent=423"}],"wp:term":[{"taxonomy":"category","embeddable":true,"href":"https:\/\/www.kananas.com\/associationacdelagardonnenque3123\/wp-json\/wp\/v2\/categories?post=423"},{"taxonomy":"post_tag","embeddable":true,"href":"https:\/\/www.kananas.com\/associationacdelagardonnenque3123\/wp-json\/wp\/v2\/tags?post=423"}],"curies":[{"name":"wp","href":"https:\/\/api.w.org\/{rel}","templated":true}]}}