{"id":429,"date":"2019-10-24T23:08:17","date_gmt":"2019-10-24T21:08:17","guid":{"rendered":"http:\/\/www.kananas.com\/associationacdelagardonnenque3123\/?p=429"},"modified":"2022-04-11T13:10:54","modified_gmt":"2022-04-11T11:10:54","slug":"plannings-2020","status":"publish","type":"post","link":"https:\/\/www.kananas.com\/associationacdelagardonnenque3123\/plannings-2020\/","title":{"rendered":"PLANNINGS 2020"},"content":{"rendered":"<div id=\"outerContainer\">\n<div id=\"sidebarContainer\">\n<div id=\"toolbarSidebar\">\n<div>Apr\u00e8s les festivit\u00e9s de cl\u00f4ture de la saison 2019, nous vous proposons, ci-dessous,\u00a0 le planning des diff\u00e9rents clubs de\u00a0 la saison prochaine pour vous permettre de vous positionner.<\/div>\n<div><\/div>\n<div><\/div>\n<div class=\"splitToolbarButton toggled\"><img loading=\"lazy\" decoding=\"async\" class=\"alignnone wp-image-434\" src=\"http:\/\/www.kananas.com\/associationacdelagardonnenque3123\/wp-content\/uploads\/sites\/1383\/2019\/10\/planning-2020-matin-300x268.png\" alt=\"\" width=\"504\" height=\"450\" srcset=\"https:\/\/www.kananas.com\/associationacdelagardonnenque3123\/wp-content\/uploads\/sites\/1383\/2019\/10\/planning-2020-matin-300x268.png 300w, https:\/\/www.kananas.com\/associationacdelagardonnenque3123\/wp-content\/uploads\/sites\/1383\/2019\/10\/planning-2020-matin-150x134.png 150w, https:\/\/www.kananas.com\/associationacdelagardonnenque3123\/wp-content\/uploads\/sites\/1383\/2019\/10\/planning-2020-matin-624x558.png 624w, https:\/\/www.kananas.com\/associationacdelagardonnenque3123\/wp-content\/uploads\/sites\/1383\/2019\/10\/planning-2020-matin.png 634w\" sizes=\"auto, (max-width: 504px) 100vw, 504px\" \/><\/div>\n<\/div>\n<\/div>\n<\/div>\n<div id=\"mainContainer\">\n<div class=\"toolbar\">\n<div id=\"toolbarContainer\">\n<div id=\"toolbarViewer\"><img loading=\"lazy\" decoding=\"async\" class=\"alignnone wp-image-435\" src=\"http:\/\/www.kananas.com\/associationacdelagardonnenque3123\/wp-content\/uploads\/sites\/1383\/2019\/10\/planning-2020-soir-300x251.png\" alt=\"\" width=\"507\" height=\"424\" srcset=\"https:\/\/www.kananas.com\/associationacdelagardonnenque3123\/wp-content\/uploads\/sites\/1383\/2019\/10\/planning-2020-soir-300x251.png 300w, https:\/\/www.kananas.com\/associationacdelagardonnenque3123\/wp-content\/uploads\/sites\/1383\/2019\/10\/planning-2020-soir-150x125.png 150w, https:\/\/www.kananas.com\/associationacdelagardonnenque3123\/wp-content\/uploads\/sites\/1383\/2019\/10\/planning-2020-soir-624x522.png 624w, https:\/\/www.kananas.com\/associationacdelagardonnenque3123\/wp-content\/uploads\/sites\/1383\/2019\/10\/planning-2020-soir.png 634w\" sizes=\"auto, (max-width: 507px) 100vw, 507px\" \/><\/div>\n<\/div>\n<\/div>\n<\/div>\n<div class=\"toolbarButtonSpacer\"><\/div>\n<div class=\"splitToolbarButton hiddenSmallView\"><\/div>\n<div class=\"splitToolbarButtonSeparator\"><\/div>\n<div id=\"toolbarViewerRight\"><\/div>\n<div class=\"verticalToolbarSeparator hiddenSmallView\"><\/div>\n<div id=\"toolbarViewerMiddle\">\n<div class=\"splitToolbarButton\"><\/div>\n<\/div>\n<div class=\"splitToolbarButtonSeparator\"><\/div>\n<div class=\"toolbar\">\n<div id=\"toolbarContainer\"><\/div>\n<\/div>\n<div id=\"viewerContainer\">\n<div id=\"viewer\" class=\"pdfViewer\">\n<div class=\"page\" data-page-number=\"1\" data-loaded=\"true\">\n<div class=\"canvasWrapper\"><\/div>\n<\/div>\n<\/div>\n<\/div>\n<div id=\"outerContainer\">\n<div id=\"mainContainer\"><\/div>\n<\/div>\n","protected":false},"excerpt":{"rendered":"<p>Apr\u00e8s les festivit\u00e9s de cl\u00f4ture de la saison 2019, nous vous proposons, ci-dessous,\u00a0 le planning des diff\u00e9rents clubs de\u00a0 la saison prochaine pour vous permettre de vous positionner.<\/p>\n","protected":false},"author":1428,"featured_media":0,"comment_status":"closed","ping_status":"closed","sticky":false,"template":"","format":"standard","meta":{"_crdt_document":"","footnotes":""},"categories":[1],"tags":[],"class_list":["post-429","post","type-post","status-publish","format-standard","hentry","category-non-classe"],"_links":{"self":[{"href":"https:\/\/www.kananas.com\/associationacdelagardonnenque3123\/wp-json\/wp\/v2\/posts\/429","targetHints":{"allow":["GET"]}}],"collection":[{"href":"https:\/\/www.kananas.com\/associationacdelagardonnenque3123\/wp-json\/wp\/v2\/posts"}],"about":[{"href":"https:\/\/www.kananas.com\/associationacdelagardonnenque3123\/wp-json\/wp\/v2\/types\/post"}],"author":[{"embeddable":true,"href":"https:\/\/www.kananas.com\/associationacdelagardonnenque3123\/wp-json\/wp\/v2\/users\/1428"}],"replies":[{"embeddable":true,"href":"https:\/\/www.kananas.com\/associationacdelagardonnenque3123\/wp-json\/wp\/v2\/comments?post=429"}],"version-history":[{"count":1,"href":"https:\/\/www.kananas.com\/associationacdelagardonnenque3123\/wp-json\/wp\/v2\/posts\/429\/revisions"}],"predecessor-version":[{"id":436,"href":"https:\/\/www.kananas.com\/associationacdelagardonnenque3123\/wp-json\/wp\/v2\/posts\/429\/revisions\/436"}],"wp:attachment":[{"href":"https:\/\/www.kananas.com\/associationacdelagardonnenque3123\/wp-json\/wp\/v2\/media?parent=429"}],"wp:term":[{"taxonomy":"category","embeddable":true,"href":"https:\/\/www.kananas.com\/associationacdelagardonnenque3123\/wp-json\/wp\/v2\/categories?post=429"},{"taxonomy":"post_tag","embeddable":true,"href":"https:\/\/www.kananas.com\/associationacdelagardonnenque3123\/wp-json\/wp\/v2\/tags?post=429"}],"curies":[{"name":"wp","href":"https:\/\/api.w.org\/{rel}","templated":true}]}}