{"id":500,"date":"2020-05-26T09:12:24","date_gmt":"2020-05-26T07:12:24","guid":{"rendered":"http:\/\/www.kananas.com\/associationacdelagardonnenque3123\/?p=500"},"modified":"2022-04-11T13:10:22","modified_gmt":"2022-04-11T11:10:22","slug":"ouvrir-ou-ne-pas-ouvrir","status":"publish","type":"post","link":"https:\/\/www.kananas.com\/associationacdelagardonnenque3123\/ouvrir-ou-ne-pas-ouvrir\/","title":{"rendered":"Ouvrir ou ne pas ouvrir ?"},"content":{"rendered":"<p>Le bureau de l&rsquo;association s&rsquo;est r\u00e9uni le 25 mai afin d&rsquo;examiner les conditions d&rsquo;ouverture de la piscine.<\/p>\n<p>Il a \u00e9t\u00e9 d\u00e9cid\u00e9 d&rsquo;envoyer aux adh\u00e9rents un message sondage afin de connaitre leurs intentions d&rsquo;inscription pour cette saison qui sera plus courte que d&rsquo;habitude.<\/p>\n<p>Les habitudes de fonctionnement seront bouscul\u00e9es puisque nous mettrons en oeuvre les consignes de distanciation et les r\u00e8gles de s\u00e9curit\u00e9 sanitaires relatives \u00e0 l&rsquo;\u00e9pid\u00e9mie du COVID 19.<\/p>\n<p>Nous esp\u00e9rons que vous serez nombreux \u00e0 r\u00e9pondre pr\u00e9sents afin que l&rsquo;ouverture soit possible.<\/p>\n<p>Pour les non adh\u00e9rents qui souhaitent s&rsquo;inscrire, il est possible de nous contacter par mail : ac.gardonnenque@gmail.com, afin de nous faire part votre demande.<\/p>\n","protected":false},"excerpt":{"rendered":"<p>Le bureau de l&rsquo;association s&rsquo;est r\u00e9uni le 25 mai afin d&rsquo;examiner les conditions d&rsquo;ouverture de la piscine. Il a \u00e9t\u00e9 d\u00e9cid\u00e9 d&rsquo;envoyer aux adh\u00e9rents un message sondage afin de connaitre leurs intentions d&rsquo;inscription pour cette saison qui sera plus courte que d&rsquo;habitude. Les habitudes de fonctionnement seront bouscul\u00e9es puisque nous mettrons en oeuvre les consignes de distanciation et les r\u00e8gles&#8230; <a href=\"https:\/\/www.kananas.com\/associationacdelagardonnenque3123\/ouvrir-ou-ne-pas-ouvrir\/\">Read more &raquo;<\/a><\/p>\n","protected":false},"author":1428,"featured_media":0,"comment_status":"closed","ping_status":"closed","sticky":false,"template":"","format":"standard","meta":{"_crdt_document":"","footnotes":""},"categories":[1],"tags":[],"class_list":["post-500","post","type-post","status-publish","format-standard","hentry","category-non-classe"],"_links":{"self":[{"href":"https:\/\/www.kananas.com\/associationacdelagardonnenque3123\/wp-json\/wp\/v2\/posts\/500","targetHints":{"allow":["GET"]}}],"collection":[{"href":"https:\/\/www.kananas.com\/associationacdelagardonnenque3123\/wp-json\/wp\/v2\/posts"}],"about":[{"href":"https:\/\/www.kananas.com\/associationacdelagardonnenque3123\/wp-json\/wp\/v2\/types\/post"}],"author":[{"embeddable":true,"href":"https:\/\/www.kananas.com\/associationacdelagardonnenque3123\/wp-json\/wp\/v2\/users\/1428"}],"replies":[{"embeddable":true,"href":"https:\/\/www.kananas.com\/associationacdelagardonnenque3123\/wp-json\/wp\/v2\/comments?post=500"}],"version-history":[{"count":1,"href":"https:\/\/www.kananas.com\/associationacdelagardonnenque3123\/wp-json\/wp\/v2\/posts\/500\/revisions"}],"predecessor-version":[{"id":501,"href":"https:\/\/www.kananas.com\/associationacdelagardonnenque3123\/wp-json\/wp\/v2\/posts\/500\/revisions\/501"}],"wp:attachment":[{"href":"https:\/\/www.kananas.com\/associationacdelagardonnenque3123\/wp-json\/wp\/v2\/media?parent=500"}],"wp:term":[{"taxonomy":"category","embeddable":true,"href":"https:\/\/www.kananas.com\/associationacdelagardonnenque3123\/wp-json\/wp\/v2\/categories?post=500"},{"taxonomy":"post_tag","embeddable":true,"href":"https:\/\/www.kananas.com\/associationacdelagardonnenque3123\/wp-json\/wp\/v2\/tags?post=500"}],"curies":[{"name":"wp","href":"https:\/\/api.w.org\/{rel}","templated":true}]}}