{"id":508,"date":"2020-06-02T09:44:44","date_gmt":"2020-06-02T07:44:44","guid":{"rendered":"http:\/\/www.kananas.com\/associationacdelagardonnenque3123\/?p=508"},"modified":"2022-04-11T13:05:09","modified_gmt":"2022-04-11T11:05:09","slug":"ouverture-de-la-piscine-le-15-juin-2020","status":"publish","type":"post","link":"https:\/\/www.kananas.com\/associationacdelagardonnenque3123\/ouverture-de-la-piscine-le-15-juin-2020\/","title":{"rendered":"Ouverture de la piscine le 15 juin 2020"},"content":{"rendered":"<p>Bonjour \u00e0 tous,<\/p>\n<p>Nous avons le plaisir de vous informer que les inscriptions auront lieu les :<\/p>\n<ul>\n<li>samedi 06 juin 2020 de 09h00 \u00e0 13h00<\/li>\n<li>lundi 08 juin 2020 de 17h00 \u00e0 20h00<\/li>\n<li>mardi 09 juin 2020 de 17h00 \u00e0 20h00<\/li>\n<\/ul>\n<p>au si\u00e8ge du Syndicat Mixte Leins Gardonnenque, rue Diderot \u00e0 St G\u00e9nies de Malgoires.<\/p>\n<p>Les feuilles d&rsquo;inscription sont t\u00e9l\u00e9chargeables sur le site (onglet inscription ou club famille). Les personnes qui souhaitent participer \u00e0 2 cours devront remplir 2 feuilles.<\/p>\n<p>Pensez \u00e0 vous munir d&rsquo;un stylo, d&rsquo;un masque et d&rsquo;un justificatif de domicile\u00a0 pour les r\u00e9sidents des communes du Syndicat mixte.<\/p>\n<p>En cas de file d&rsquo;attente vous voudrez bien respecter les distances de s\u00e9curit\u00e9.<\/p>\n<p>A tr\u00e8s bient\u00f4t.<\/p>\n<p>&nbsp;<\/p>\n","protected":false},"excerpt":{"rendered":"<p>Bonjour \u00e0 tous, Nous avons le plaisir de vous informer que les inscriptions auront lieu les : samedi 06 juin 2020 de 09h00 \u00e0 13h00 lundi 08 juin 2020 de 17h00 \u00e0 20h00 mardi 09 juin 2020 de 17h00 \u00e0 20h00 au si\u00e8ge du Syndicat Mixte Leins Gardonnenque, rue Diderot \u00e0 St G\u00e9nies de Malgoires. Les feuilles d&rsquo;inscription sont t\u00e9l\u00e9chargeables&#8230; <a href=\"https:\/\/www.kananas.com\/associationacdelagardonnenque3123\/ouverture-de-la-piscine-le-15-juin-2020\/\">Read more &raquo;<\/a><\/p>\n","protected":false},"author":1428,"featured_media":0,"comment_status":"closed","ping_status":"closed","sticky":false,"template":"","format":"standard","meta":{"_crdt_document":"","footnotes":""},"categories":[1],"tags":[],"class_list":["post-508","post","type-post","status-publish","format-standard","hentry","category-non-classe"],"_links":{"self":[{"href":"https:\/\/www.kananas.com\/associationacdelagardonnenque3123\/wp-json\/wp\/v2\/posts\/508","targetHints":{"allow":["GET"]}}],"collection":[{"href":"https:\/\/www.kananas.com\/associationacdelagardonnenque3123\/wp-json\/wp\/v2\/posts"}],"about":[{"href":"https:\/\/www.kananas.com\/associationacdelagardonnenque3123\/wp-json\/wp\/v2\/types\/post"}],"author":[{"embeddable":true,"href":"https:\/\/www.kananas.com\/associationacdelagardonnenque3123\/wp-json\/wp\/v2\/users\/1428"}],"replies":[{"embeddable":true,"href":"https:\/\/www.kananas.com\/associationacdelagardonnenque3123\/wp-json\/wp\/v2\/comments?post=508"}],"version-history":[{"count":1,"href":"https:\/\/www.kananas.com\/associationacdelagardonnenque3123\/wp-json\/wp\/v2\/posts\/508\/revisions"}],"predecessor-version":[{"id":509,"href":"https:\/\/www.kananas.com\/associationacdelagardonnenque3123\/wp-json\/wp\/v2\/posts\/508\/revisions\/509"}],"wp:attachment":[{"href":"https:\/\/www.kananas.com\/associationacdelagardonnenque3123\/wp-json\/wp\/v2\/media?parent=508"}],"wp:term":[{"taxonomy":"category","embeddable":true,"href":"https:\/\/www.kananas.com\/associationacdelagardonnenque3123\/wp-json\/wp\/v2\/categories?post=508"},{"taxonomy":"post_tag","embeddable":true,"href":"https:\/\/www.kananas.com\/associationacdelagardonnenque3123\/wp-json\/wp\/v2\/tags?post=508"}],"curies":[{"name":"wp","href":"https:\/\/api.w.org\/{rel}","templated":true}]}}