{"id":674,"date":"2025-03-16T15:25:17","date_gmt":"2025-03-16T14:25:17","guid":{"rendered":"https:\/\/www.kananas.com\/asta9552\/?p=674"},"modified":"2025-09-26T16:25:58","modified_gmt":"2025-09-26T14:25:58","slug":"expo-des-astartistes","status":"publish","type":"post","link":"https:\/\/www.kananas.com\/asta9552\/expo-des-astartistes\/","title":{"rendered":"Expo des Ast&rsquo;artistes"},"content":{"rendered":"\n<div class=\"wp-block-media-text is-stacked-on-mobile\" style=\"grid-template-columns:33% auto\"><figure class=\"wp-block-media-text__media\"><img loading=\"lazy\" decoding=\"async\" width=\"452\" height=\"640\" src=\"http:\/\/www.kananas.com\/asta9552\/wp-content\/uploads\/sites\/2299\/2025\/03\/Dessin-BM.jpg\" alt=\"\" class=\"wp-image-675 size-full\" srcset=\"https:\/\/www.kananas.com\/asta9552\/wp-content\/uploads\/sites\/2299\/2025\/03\/Dessin-BM.jpg 452w, https:\/\/www.kananas.com\/asta9552\/wp-content\/uploads\/sites\/2299\/2025\/03\/Dessin-BM-212x300.jpg 212w\" sizes=\"auto, (max-width: 452px) 100vw, 452px\" \/><\/figure><div class=\"wp-block-media-text__content\">\n<p class=\"wp-block-paragraph\">\u00ab Les Ast\u2019artistes exposent \u00bb \u2026<br>La section \u00ab culture &amp; science \u00bb vous invite \u00e0 une exposition de peinture, dessins, photos et autres \u0153uvres d\u2019art qui se tiendra le vendredi 14 mars de 13h30 \u00e0 16h30 dans la salle de conf\u00e9rence Anna Politkosskaia \u00e0 la MVAC.<br>Cette exposition d\u2019\u0153uvres d\u2019astasiennes, astasiens et associ\u00e9s sera ouverte gratuitement \u00e0 tous les membres de l\u2019association et leurs invit\u00e9s.<br>Certaines \u0153uvres seront pr\u00e9sent\u00e9es en direct et d\u2019autres en vid\u00e9o projection.<br>Vous pourrez \u00e9galement \u00e9changer avec les exposants pr\u00e9sents.<br>Esp\u00e9rant vous voir nombreux \u00e0 cette occasion.<\/p>\n\n\n\n<p class=\"wp-block-paragraph\"><\/p>\n<\/div><\/div>\n","protected":false},"excerpt":{"rendered":"<p>\u00ab Les Ast\u2019artistes exposent \u00bb \u2026La section \u00ab culture &amp; science \u00bb vous invite \u00e0 une exposition de peinture, dessins, photos et autres \u0153uvres d\u2019art qui se tiendra le vendredi 14 mars de 13h30 \u00e0 16h30 dans la salle de conf\u00e9rence Anna Politkosskaia \u00e0 la MVAC.Cette exposition d\u2019\u0153uvres d\u2019astasiennes, astasiens et associ\u00e9s sera ouverte gratuitement [&hellip;]<\/p>\n","protected":false},"author":2397,"featured_media":675,"comment_status":"closed","ping_status":"closed","sticky":false,"template":"","format":"standard","meta":{"_crdt_document":"","site-sidebar-layout":"default","site-content-layout":"","ast-site-content-layout":"default","site-content-style":"default","site-sidebar-style":"default","ast-global-header-display":"","ast-banner-title-visibility":"","ast-main-header-display":"","ast-hfb-above-header-display":"","ast-hfb-below-header-display":"","ast-hfb-mobile-header-display":"","site-post-title":"","ast-breadcrumbs-content":"","ast-featured-img":"","footer-sml-layout":"","ast-disable-related-posts":"","theme-transparent-header-meta":"","adv-header-id-meta":"","stick-header-meta":"","header-above-stick-meta":"","header-main-stick-meta":"","header-below-stick-meta":"","astra-migrate-meta-layouts":"default","ast-page-background-enabled":"default","ast-page-background-meta":{"desktop":{"background-color":"var(--ast-global-color-4)","background-image":"","background-repeat":"repeat","background-position":"center center","background-size":"auto","background-attachment":"scroll","background-type":"","background-media":"","overlay-type":"","overlay-color":"","overlay-opacity":"","overlay-gradient":""},"tablet":{"background-color":"","background-image":"","background-repeat":"repeat","background-position":"center center","background-size":"auto","background-attachment":"scroll","background-type":"","background-media":"","overlay-type":"","overlay-color":"","overlay-opacity":"","overlay-gradient":""},"mobile":{"background-color":"","background-image":"","background-repeat":"repeat","background-position":"center center","background-size":"auto","background-attachment":"scroll","background-type":"","background-media":"","overlay-type":"","overlay-color":"","overlay-opacity":"","overlay-gradient":""}},"ast-content-background-meta":{"desktop":{"background-color":"var(--ast-global-color-5)","background-image":"","background-repeat":"repeat","background-position":"center center","background-size":"auto","background-attachment":"scroll","background-type":"","background-media":"","overlay-type":"","overlay-color":"","overlay-opacity":"","overlay-gradient":""},"tablet":{"background-color":"var(--ast-global-color-5)","background-image":"","background-repeat":"repeat","background-position":"center center","background-size":"auto","background-attachment":"scroll","background-type":"","background-media":"","overlay-type":"","overlay-color":"","overlay-opacity":"","overlay-gradient":""},"mobile":{"background-color":"var(--ast-global-color-5)","background-image":"","background-repeat":"repeat","background-position":"center center","background-size":"auto","background-attachment":"scroll","background-type":"","background-media":"","overlay-type":"","overlay-color":"","overlay-opacity":"","overlay-gradient":""}},"footnotes":""},"categories":[5],"tags":[],"class_list":["post-674","post","type-post","status-publish","format-standard","has-post-thumbnail","hentry","category-evenement-asta"],"_links":{"self":[{"href":"https:\/\/www.kananas.com\/asta9552\/wp-json\/wp\/v2\/posts\/674","targetHints":{"allow":["GET"]}}],"collection":[{"href":"https:\/\/www.kananas.com\/asta9552\/wp-json\/wp\/v2\/posts"}],"about":[{"href":"https:\/\/www.kananas.com\/asta9552\/wp-json\/wp\/v2\/types\/post"}],"author":[{"embeddable":true,"href":"https:\/\/www.kananas.com\/asta9552\/wp-json\/wp\/v2\/users\/2397"}],"replies":[{"embeddable":true,"href":"https:\/\/www.kananas.com\/asta9552\/wp-json\/wp\/v2\/comments?post=674"}],"version-history":[{"count":4,"href":"https:\/\/www.kananas.com\/asta9552\/wp-json\/wp\/v2\/posts\/674\/revisions"}],"predecessor-version":[{"id":3260,"href":"https:\/\/www.kananas.com\/asta9552\/wp-json\/wp\/v2\/posts\/674\/revisions\/3260"}],"wp:featuredmedia":[{"embeddable":true,"href":"https:\/\/www.kananas.com\/asta9552\/wp-json\/wp\/v2\/media\/675"}],"wp:attachment":[{"href":"https:\/\/www.kananas.com\/asta9552\/wp-json\/wp\/v2\/media?parent=674"}],"wp:term":[{"taxonomy":"category","embeddable":true,"href":"https:\/\/www.kananas.com\/asta9552\/wp-json\/wp\/v2\/categories?post=674"},{"taxonomy":"post_tag","embeddable":true,"href":"https:\/\/www.kananas.com\/asta9552\/wp-json\/wp\/v2\/tags?post=674"}],"curies":[{"name":"wp","href":"https:\/\/api.w.org\/{rel}","templated":true}]}}