{"id":1127,"date":"2011-09-15T20:00:04","date_gmt":"2011-09-15T18:00:04","guid":{"rendered":"http:\/\/www.gestasso.com\/association\/comitedejumelagedesaintpierredalbigny\/?p=1127"},"modified":"2011-09-15T20:00:04","modified_gmt":"2011-09-15T18:00:04","slug":"le-forum-des-associations","status":"publish","type":"post","link":"https:\/\/www.kananas.com\/comitedejumelagedesaintpierredalbigny\/2011\/09\/15\/le-forum-des-associations\/","title":{"rendered":"Le Forum des Associations."},"content":{"rendered":"<p style=\"text-align: justify\">\n<div id=\"attachment_1128\" style=\"width: 300px\" class=\"wp-caption alignleft\"><a rel=\"attachment wp-att-1128\" href=\"http:\/\/www.gestasso.com\/association\/comitedejumelagedesaintpierredalbigny\/2011\/09\/15\/le-forum-des-associations\/p1060913\/\"><img loading=\"lazy\" decoding=\"async\" aria-describedby=\"caption-attachment-1128\" class=\"size-medium wp-image-1128\" src=\"http:\/\/www.kananas.com\/comitedejumelagedesaintpierredalbigny\/wp-content\/uploads\/sites\/1208\/2011\/10\/P1060913-300x225.jpg\" alt=\"\" width=\"300\" height=\"225\" srcset=\"https:\/\/www.kananas.com\/comitedejumelagedesaintpierredalbigny\/wp-content\/uploads\/sites\/1208\/2011\/10\/P1060913-300x225.jpg 300w, https:\/\/www.kananas.com\/comitedejumelagedesaintpierredalbigny\/wp-content\/uploads\/sites\/1208\/2011\/10\/P1060913-768x576.jpg 768w, https:\/\/www.kananas.com\/comitedejumelagedesaintpierredalbigny\/wp-content\/uploads\/sites\/1208\/2011\/10\/P1060913-1024x768.jpg 1024w\" sizes=\"auto, (max-width: 300px) 100vw, 300px\" \/><\/a><p id=\"caption-attachment-1128\" class=\"wp-caption-text\">Forum des Associations - 1<\/p><\/div>\n<p>Une nouvelle fois la salle polyvalente de La Treille bruissait comme une ruche en ce samedi 10 septembre: toutes les forces associatives de la commune s&rsquo;y trouvaient r\u00e9unies pour le plus grand plaisir des habitants qui pouvaient r\u00e9gler les inscriptions, s&rsquo;informer et bien souvent d\u00e9couvrir la richesse du secteur associatif de Saint Pierre.<\/p>\n<div id=\"attachment_1131\" style=\"width: 300px\" class=\"wp-caption alignright\"><a rel=\"attachment wp-att-1131\" href=\"http:\/\/www.gestasso.com\/association\/comitedejumelagedesaintpierredalbigny\/2011\/09\/15\/le-forum-des-associations\/p1060920\/\"><img loading=\"lazy\" decoding=\"async\" aria-describedby=\"caption-attachment-1131\" class=\"size-medium wp-image-1131\" src=\"http:\/\/www.kananas.com\/comitedejumelagedesaintpierredalbigny\/wp-content\/uploads\/sites\/1208\/2011\/10\/P1060920-e1318271144316-300x208.jpg\" alt=\"\" width=\"300\" height=\"208\" srcset=\"https:\/\/www.kananas.com\/comitedejumelagedesaintpierredalbigny\/wp-content\/uploads\/sites\/1208\/2011\/10\/P1060920-e1318271144316-300x208.jpg 300w, https:\/\/www.kananas.com\/comitedejumelagedesaintpierredalbigny\/wp-content\/uploads\/sites\/1208\/2011\/10\/P1060920-e1318271144316-768x533.jpg 768w, https:\/\/www.kananas.com\/comitedejumelagedesaintpierredalbigny\/wp-content\/uploads\/sites\/1208\/2011\/10\/P1060920-e1318271144316-1024x711.jpg 1024w\" sizes=\"auto, (max-width: 300px) 100vw, 300px\" \/><\/a><p id=\"caption-attachment-1131\" class=\"wp-caption-text\">Forum des Associations - 2<\/p><\/div>\n<p style=\"text-align: justify\">Le Comit\u00e9 de Jumelage tenait, bien entendu, sa place dans ce concert et pr\u00e9sentait sur grand \u00e9cran les souvenirs de Berlin ou des March\u00e9s de No\u00ebl allemands. Des contacts avec les autres associations permirent d&rsquo;avancer un peu sur la construction du voyage \u00e0 Stetten \u00e0 la Pentec\u00f4te prochaine pour le 40\u00e8me anniversaire. L&rsquo;initiation \u00e0 l&rsquo;allemand avec cette ann\u00e9e ses deux niveaux a aussi int\u00e9ress\u00e9 plusieurs visiteurs.<\/p>\n<p style=\"text-align: justify\">Une journ\u00e9e de contacts donc pour conna\u00eetre les autres et se faire conna\u00eetre. Merci \u00e0 tous les adh\u00e9rents qui sont pass\u00e9s sur le stand pour faire un \u00ab\u00a0petit coucou\u00a0\u00bb comme pour repr\u00e9senter l&rsquo;association durant quelques minutes, quelques heures ou une grande partie de la journ\u00e9e.<\/p>\n<div id=\"attachment_1132\" style=\"width: 300px\" class=\"wp-caption aligncenter\"><a rel=\"attachment wp-att-1132\" href=\"http:\/\/www.gestasso.com\/association\/comitedejumelagedesaintpierredalbigny\/2011\/09\/15\/le-forum-des-associations\/p1060912\/\"><img loading=\"lazy\" decoding=\"async\" aria-describedby=\"caption-attachment-1132\" class=\"size-medium wp-image-1132\" src=\"http:\/\/www.kananas.com\/comitedejumelagedesaintpierredalbigny\/wp-content\/uploads\/sites\/1208\/2011\/10\/P1060912-300x225.jpg\" alt=\"\" width=\"300\" height=\"225\" srcset=\"https:\/\/www.kananas.com\/comitedejumelagedesaintpierredalbigny\/wp-content\/uploads\/sites\/1208\/2011\/10\/P1060912-300x225.jpg 300w, https:\/\/www.kananas.com\/comitedejumelagedesaintpierredalbigny\/wp-content\/uploads\/sites\/1208\/2011\/10\/P1060912-768x576.jpg 768w, https:\/\/www.kananas.com\/comitedejumelagedesaintpierredalbigny\/wp-content\/uploads\/sites\/1208\/2011\/10\/P1060912-1024x768.jpg 1024w\" sizes=\"auto, (max-width: 300px) 100vw, 300px\" \/><\/a><p id=\"caption-attachment-1132\" class=\"wp-caption-text\">Forum des Associations - 3<\/p><\/div>\n","protected":false},"excerpt":{"rendered":"<p>Une nouvelle fois la salle polyvalente de La Treille bruissait comme une ruche en ce samedi 10 septembre: toutes les forces associatives de la commune s&rsquo;y trouvaient r\u00e9unies pour le plus grand plaisir des habitants qui pouvaient r\u00e9gler les inscriptions, s&rsquo;informer et bien souvent d\u00e9couvrir la richesse du secteur associatif de Saint Pierre. Le Comit\u00e9 &hellip; <\/p>\n<p><a class=\"more-link btn\" href=\"https:\/\/www.kananas.com\/comitedejumelagedesaintpierredalbigny\/2011\/09\/15\/le-forum-des-associations\/\">Lire la suite<\/a><\/p>\n","protected":false},"author":1245,"featured_media":0,"comment_status":"open","ping_status":"open","sticky":false,"template":"","format":"standard","meta":{"_crdt_document":"","footnotes":""},"categories":[2,7,8],"tags":[21,24,30],"class_list":["post-1127","post","type-post","status-publish","format-standard","hentry","category-accueil","category-infos","category-manifestations-st-pierraines","tag-fetes","tag-manifestations-saint-pierraines","tag-manifestations-st-pierraines","item-wrap"],"_links":{"self":[{"href":"https:\/\/www.kananas.com\/comitedejumelagedesaintpierredalbigny\/wp-json\/wp\/v2\/posts\/1127","targetHints":{"allow":["GET"]}}],"collection":[{"href":"https:\/\/www.kananas.com\/comitedejumelagedesaintpierredalbigny\/wp-json\/wp\/v2\/posts"}],"about":[{"href":"https:\/\/www.kananas.com\/comitedejumelagedesaintpierredalbigny\/wp-json\/wp\/v2\/types\/post"}],"author":[{"embeddable":true,"href":"https:\/\/www.kananas.com\/comitedejumelagedesaintpierredalbigny\/wp-json\/wp\/v2\/users\/1245"}],"replies":[{"embeddable":true,"href":"https:\/\/www.kananas.com\/comitedejumelagedesaintpierredalbigny\/wp-json\/wp\/v2\/comments?post=1127"}],"version-history":[{"count":0,"href":"https:\/\/www.kananas.com\/comitedejumelagedesaintpierredalbigny\/wp-json\/wp\/v2\/posts\/1127\/revisions"}],"wp:attachment":[{"href":"https:\/\/www.kananas.com\/comitedejumelagedesaintpierredalbigny\/wp-json\/wp\/v2\/media?parent=1127"}],"wp:term":[{"taxonomy":"category","embeddable":true,"href":"https:\/\/www.kananas.com\/comitedejumelagedesaintpierredalbigny\/wp-json\/wp\/v2\/categories?post=1127"},{"taxonomy":"post_tag","embeddable":true,"href":"https:\/\/www.kananas.com\/comitedejumelagedesaintpierredalbigny\/wp-json\/wp\/v2\/tags?post=1127"}],"curies":[{"name":"wp","href":"https:\/\/api.w.org\/{rel}","templated":true}]}}