{"id":16,"date":"2010-06-13T00:00:00","date_gmt":"2010-06-12T22:00:00","guid":{"rendered":"http:\/\/www.gestasso.com\/association\/comitedejumelagedesaintpierredalbigny\/2010\/06\/13\/lannee-prochaine-je-prends-lallemand\/"},"modified":"2010-06-13T00:00:00","modified_gmt":"2010-06-12T22:00:00","slug":"lannee-prochaine-je-prends-lallemand","status":"publish","type":"post","link":"https:\/\/www.kananas.com\/comitedejumelagedesaintpierredalbigny\/2010\/06\/13\/lannee-prochaine-je-prends-lallemand\/","title":{"rendered":"L\u2019ann\u00e9e prochaine, je prends l\u2019allemand\u2026"},"content":{"rendered":"<p><a rel=\"start\" href=\"http:\/\/www.deutschmobil.fr\/\"><img loading=\"lazy\" decoding=\"async\" src=\"http:\/\/www.deutschmobil.fr\/images\/logo_dm_accueil.png\" alt=\"Logo&lt;br \/&gt; DeutschMobil\" width=\"400\" height=\"60\" \/><\/a><\/p>\n<p><span style=\"font-size: medium\"> <\/span><\/p>\n<p class=\"MsoNormal\"><span style=\"font-family: Verdana\">Vendredi 28 mai, 9 heures, la DeutschMobil Mercedes est gar\u00e9e sur le parking du coll\u00e8ge \u00ab\u00a0Les Frontailles\u00a0\u00bb.<\/span><\/p>\n<p class=\"MsoNormal\"><a rel=\"attachment wp-att-244\" href=\"http:\/\/www.gestasso.com\/association\/comitedejumelagedesaintpierredalbigny\/2010\/06\/13\/lannee-prochaine-je-prends-lallemand\/olympus-digital-camera-17\/\"><img loading=\"lazy\" decoding=\"async\" class=\"aligncenter size-full wp-image-244\" src=\"http:\/\/www.kananas.com\/comitedejumelagedesaintpierredalbigny\/wp-content\/uploads\/sites\/1208\/2011\/02\/1287_16_Technologie-allemande.jpg\" alt=\"\" width=\"1152\" height=\"864\" srcset=\"https:\/\/www.kananas.com\/comitedejumelagedesaintpierredalbigny\/wp-content\/uploads\/sites\/1208\/2011\/02\/1287_16_Technologie-allemande.jpg 1152w, https:\/\/www.kananas.com\/comitedejumelagedesaintpierredalbigny\/wp-content\/uploads\/sites\/1208\/2011\/02\/1287_16_Technologie-allemande-300x225.jpg 300w, https:\/\/www.kananas.com\/comitedejumelagedesaintpierredalbigny\/wp-content\/uploads\/sites\/1208\/2011\/02\/1287_16_Technologie-allemande-768x576.jpg 768w, https:\/\/www.kananas.com\/comitedejumelagedesaintpierredalbigny\/wp-content\/uploads\/sites\/1208\/2011\/02\/1287_16_Technologie-allemande-1024x768.jpg 1024w\" sizes=\"auto, (max-width: 1152px) 100vw, 1152px\" \/><\/a><\/p>\n<p><span style=\"font-size: medium\"> <\/span><\/p>\n<p class=\"MsoNormal\"><span style=\"font-family: Verdana\">Dans la salle d&rsquo;activit\u00e9s situ\u00e9e sur la cour, la premi\u00e8re classe de 5\u00b0 est d\u00e9j\u00e0 l\u00e0. \u00c9l\u00e8ves assis sur le tour de la salle et Ingeborg Rose, la lectrice Rh\u00f4ne Alpes au centre. Elle pr\u00e9sente l&rsquo;Allemagne, les coutumes, l&rsquo;alimentation habituelle. On cherche des mots semblables au fran\u00e7ais, on fait le parall\u00e8le avec le latin (dans les deux langues on prononce toutes les lettres), bref il s&rsquo;agit de d\u00e9montrer que l&rsquo;allemand n&rsquo;est pas si dur que cela.<\/span><\/p>\n<p class=\"MsoNormal\"><a rel=\"attachment wp-att-240\" href=\"http:\/\/www.gestasso.com\/association\/comitedejumelagedesaintpierredalbigny\/2010\/06\/13\/lannee-prochaine-je-prends-lallemand\/olympus-digital-camera-13\/\"><img loading=\"lazy\" decoding=\"async\" class=\"alignleft size-medium wp-image-240\" src=\"http:\/\/www.kananas.com\/comitedejumelagedesaintpierredalbigny\/wp-content\/uploads\/sites\/1208\/2011\/02\/1287_16_--300x225.jpg\" alt=\"\" width=\"300\" height=\"225\" srcset=\"https:\/\/www.kananas.com\/comitedejumelagedesaintpierredalbigny\/wp-content\/uploads\/sites\/1208\/2011\/02\/1287_16_--300x225.jpg 300w, https:\/\/www.kananas.com\/comitedejumelagedesaintpierredalbigny\/wp-content\/uploads\/sites\/1208\/2011\/02\/1287_16_--768x576.jpg 768w, https:\/\/www.kananas.com\/comitedejumelagedesaintpierredalbigny\/wp-content\/uploads\/sites\/1208\/2011\/02\/1287_16_--1024x768.jpg 1024w, https:\/\/www.kananas.com\/comitedejumelagedesaintpierredalbigny\/wp-content\/uploads\/sites\/1208\/2011\/02\/1287_16_-.jpg 1280w\" sizes=\"auto, (max-width: 300px) 100vw, 300px\" \/><\/a><\/p>\n<p><span style=\"font-size: medium\"> <\/span><\/p>\n<p class=\"MsoNormal\"><span style=\"font-family: Verdana\">Un jeu pour stimuler les oreilles: des groupes allemands de rap, de rock, de slam, etc et au sol des mots allemands, trois \u00e9quipes de coll\u00e9giens. Lorsqu&rsquo;on entend un des mots, il faut \u00eatre le premier \u00e0 poser son carton rouge, vert ou bleu sur le mot\u2026 R\u00e9sultat: \u00ab\u00a0\u00e9galit\u00e9 parfaite\u00a0\u00bb comme disent les commentateurs de foot ! Les oreilles fran\u00e7aises sont bien en phase avec les sonorit\u00e9s d&rsquo;outre-Rhin.<\/span><\/p>\n<p class=\"MsoNormal\">\n<p><span style=\"font-size: medium\"> <\/span><\/p>\n<p class=\"MsoNormal\"><span style=\"font-family: Verdana\">La premi\u00e8re heure est d\u00e9j\u00e0 termin\u00e9e, en sortant, une jeune fille dit \u00e0 sa copine: \u00ab\u00a0<em>Je vais changer, je vais faire de l&rsquo;allemand l&rsquo;an prochain\u2026<\/em>\u00a0\u00bb Cela se traduira-t-il concr\u00e8tement, si oui, c&rsquo;est un succ\u00e8s pour la DeutschMobil !<\/span><\/p>\n<p class=\"MsoNormal\"><a rel=\"attachment wp-att-243\" href=\"http:\/\/www.gestasso.com\/association\/comitedejumelagedesaintpierredalbigny\/2010\/06\/13\/lannee-prochaine-je-prends-lallemand\/olympus-digital-camera-16\/\"><img loading=\"lazy\" decoding=\"async\" class=\"alignright size-medium wp-image-243\" src=\"http:\/\/www.kananas.com\/comitedejumelagedesaintpierredalbigny\/wp-content\/uploads\/sites\/1208\/2011\/02\/1287_16_Les-villes-allemandes-connues-300x225.jpg\" alt=\"\" width=\"300\" height=\"225\" srcset=\"https:\/\/www.kananas.com\/comitedejumelagedesaintpierredalbigny\/wp-content\/uploads\/sites\/1208\/2011\/02\/1287_16_Les-villes-allemandes-connues-300x225.jpg 300w, https:\/\/www.kananas.com\/comitedejumelagedesaintpierredalbigny\/wp-content\/uploads\/sites\/1208\/2011\/02\/1287_16_Les-villes-allemandes-connues-768x576.jpg 768w, https:\/\/www.kananas.com\/comitedejumelagedesaintpierredalbigny\/wp-content\/uploads\/sites\/1208\/2011\/02\/1287_16_Les-villes-allemandes-connues-1024x768.jpg 1024w, https:\/\/www.kananas.com\/comitedejumelagedesaintpierredalbigny\/wp-content\/uploads\/sites\/1208\/2011\/02\/1287_16_Les-villes-allemandes-connues.jpg 1280w\" sizes=\"auto, (max-width: 300px) 100vw, 300px\" \/><\/a><\/p>\n<p><span style=\"font-size: medium\"> <\/span><\/p>\n<p class=\"MsoNormal\"><span style=\"font-family: Verdana\">Apr\u00e8s la r\u00e9cr\u00e9, on embraye avec la seconde cinqui\u00e8me, et \u00e7\u00e0 repart: \u00ab\u00a0Mein name ist Ingeborg\u2026\u00a0\u00bb. Les \u00e9l\u00e8ves sont attentifs, participatifs, bref int\u00e9ress\u00e9s.<\/span><\/p>\n<p class=\"MsoNormal\">\n<p><span style=\"font-size: medium\"> <\/span><\/p>\n<p class=\"MsoNormal\"><span style=\"font-family: Verdana\">Monsieur Fioretti, le principal du coll\u00e8ge est heureux de ce partenariat qui s&rsquo;initie gr\u00e2ce au Comit\u00e9 de Jumelage, il souhaite maintenir la pratique de l&rsquo;allemand (comme des autres langues enseign\u00e9es) car cela contribue au dynamisme d&rsquo;un \u00e9tablissement scolaire. L&rsquo;an prochain, la demande sera reconduite. Pour la prof d&rsquo;allemand, madame Ulliel, c&rsquo;est une journ\u00e9e tr\u00e8s dense (surtout au retour d&rsquo;un s\u00e9jour en Allemagne, \u00e0 Winneden avec le lyc\u00e9e d&rsquo;Albertville) mais elle est tr\u00e8s satisfaite de l&rsquo;op\u00e9ration.<\/span><\/p>\n<p class=\"MsoNormal\"><a rel=\"attachment wp-att-242\" href=\"http:\/\/www.gestasso.com\/association\/comitedejumelagedesaintpierredalbigny\/2010\/06\/13\/lannee-prochaine-je-prends-lallemand\/olympus-digital-camera-15\/\"><img loading=\"lazy\" decoding=\"async\" class=\"aligncenter size-large wp-image-242\" src=\"http:\/\/www.kananas.com\/comitedejumelagedesaintpierredalbigny\/wp-content\/uploads\/sites\/1208\/2011\/02\/1287_16_Finalement-on-comprend-1024x768.jpg\" alt=\"\" width=\"500\" height=\"375\" srcset=\"https:\/\/www.kananas.com\/comitedejumelagedesaintpierredalbigny\/wp-content\/uploads\/sites\/1208\/2011\/02\/1287_16_Finalement-on-comprend-1024x768.jpg 1024w, https:\/\/www.kananas.com\/comitedejumelagedesaintpierredalbigny\/wp-content\/uploads\/sites\/1208\/2011\/02\/1287_16_Finalement-on-comprend-300x225.jpg 300w, https:\/\/www.kananas.com\/comitedejumelagedesaintpierredalbigny\/wp-content\/uploads\/sites\/1208\/2011\/02\/1287_16_Finalement-on-comprend-768x576.jpg 768w, https:\/\/www.kananas.com\/comitedejumelagedesaintpierredalbigny\/wp-content\/uploads\/sites\/1208\/2011\/02\/1287_16_Finalement-on-comprend.jpg 1280w\" sizes=\"auto, (max-width: 500px) 100vw, 500px\" \/><\/a><\/p>\n<p><span style=\"font-size: medium\"> <\/span><\/p>\n<p class=\"MsoNormal\"><span style=\"font-family: Verdana\">Helga Castle, vice-pr\u00e9sidente et Roger Vallet-Sandre, secr\u00e9taire ont repr\u00e9sent\u00e9 le Comit\u00e9 de Jumelage au coll\u00e8ge.<\/span><\/p>\n<p><span style=\"font-size: medium\"> <\/span><\/p>\n","protected":false},"excerpt":{"rendered":"<p>Vendredi 28 mai, 9 heures, la DeutschMobil Mercedes est gar\u00e9e sur le parking du coll\u00e8ge \u00ab\u00a0Les Frontailles\u00a0\u00bb. Dans la salle d&rsquo;activit\u00e9s situ\u00e9e sur la cour, la premi\u00e8re classe de 5\u00b0 est d\u00e9j\u00e0 l\u00e0. \u00c9l\u00e8ves assis sur le tour de la salle et Ingeborg Rose, la lectrice Rh\u00f4ne Alpes au centre. Elle pr\u00e9sente l&rsquo;Allemagne, les coutumes, &hellip; <\/p>\n<p><a class=\"more-link btn\" href=\"https:\/\/www.kananas.com\/comitedejumelagedesaintpierredalbigny\/2010\/06\/13\/lannee-prochaine-je-prends-lallemand\/\">Lire la suite<\/a><\/p>\n","protected":false},"author":1245,"featured_media":0,"comment_status":"open","ping_status":"open","sticky":false,"template":"","format":"standard","meta":{"_crdt_document":"","footnotes":""},"categories":[8,9],"tags":[17,22,24,30,31],"class_list":["post-16","post","type-post","status-publish","format-standard","hentry","category-manifestations-st-pierraines","category-scolaires","tag-college","tag-langue-allemande","tag-manifestations-saint-pierraines","tag-manifestations-st-pierraines","tag-scolaires-2","item-wrap"],"_links":{"self":[{"href":"https:\/\/www.kananas.com\/comitedejumelagedesaintpierredalbigny\/wp-json\/wp\/v2\/posts\/16","targetHints":{"allow":["GET"]}}],"collection":[{"href":"https:\/\/www.kananas.com\/comitedejumelagedesaintpierredalbigny\/wp-json\/wp\/v2\/posts"}],"about":[{"href":"https:\/\/www.kananas.com\/comitedejumelagedesaintpierredalbigny\/wp-json\/wp\/v2\/types\/post"}],"author":[{"embeddable":true,"href":"https:\/\/www.kananas.com\/comitedejumelagedesaintpierredalbigny\/wp-json\/wp\/v2\/users\/1245"}],"replies":[{"embeddable":true,"href":"https:\/\/www.kananas.com\/comitedejumelagedesaintpierredalbigny\/wp-json\/wp\/v2\/comments?post=16"}],"version-history":[{"count":0,"href":"https:\/\/www.kananas.com\/comitedejumelagedesaintpierredalbigny\/wp-json\/wp\/v2\/posts\/16\/revisions"}],"wp:attachment":[{"href":"https:\/\/www.kananas.com\/comitedejumelagedesaintpierredalbigny\/wp-json\/wp\/v2\/media?parent=16"}],"wp:term":[{"taxonomy":"category","embeddable":true,"href":"https:\/\/www.kananas.com\/comitedejumelagedesaintpierredalbigny\/wp-json\/wp\/v2\/categories?post=16"},{"taxonomy":"post_tag","embeddable":true,"href":"https:\/\/www.kananas.com\/comitedejumelagedesaintpierredalbigny\/wp-json\/wp\/v2\/tags?post=16"}],"curies":[{"name":"wp","href":"https:\/\/api.w.org\/{rel}","templated":true}]}}