{"id":2076,"date":"2013-05-21T17:25:10","date_gmt":"2013-05-21T15:25:10","guid":{"rendered":"http:\/\/www.gestasso.com\/association\/comitedejumelagedesaintpierredalbigny\/?p=2076"},"modified":"2013-05-21T17:25:10","modified_gmt":"2013-05-21T15:25:10","slug":"bientot-ici","status":"publish","type":"post","link":"https:\/\/www.kananas.com\/comitedejumelagedesaintpierredalbigny\/2013\/05\/21\/bientot-ici\/","title":{"rendered":"Bient\u00f4t ici"},"content":{"rendered":"<div id=\"attachment_2077\" style=\"width: 788px\" class=\"wp-caption aligncenter\"><a href=\"http:\/\/www.kananas.com\/comitedejumelagedesaintpierredalbigny\/wp-content\/uploads\/sites\/1208\/2013\/05\/Lanternes-DM.jpg\"><img loading=\"lazy\" decoding=\"async\" aria-describedby=\"caption-attachment-2077\" class=\" wp-image-2077   \" alt=\"Un des grands moments festifs du week-end !\" src=\"http:\/\/www.kananas.com\/comitedejumelagedesaintpierredalbigny\/wp-content\/uploads\/sites\/1208\/2013\/05\/Lanternes-DM.jpg\" width=\"788\" height=\"591\" srcset=\"https:\/\/www.kananas.com\/comitedejumelagedesaintpierredalbigny\/wp-content\/uploads\/sites\/1208\/2013\/05\/Lanternes-DM.jpg 3648w, https:\/\/www.kananas.com\/comitedejumelagedesaintpierredalbigny\/wp-content\/uploads\/sites\/1208\/2013\/05\/Lanternes-DM-300x225.jpg 300w, https:\/\/www.kananas.com\/comitedejumelagedesaintpierredalbigny\/wp-content\/uploads\/sites\/1208\/2013\/05\/Lanternes-DM-768x576.jpg 768w, https:\/\/www.kananas.com\/comitedejumelagedesaintpierredalbigny\/wp-content\/uploads\/sites\/1208\/2013\/05\/Lanternes-DM-1024x768.jpg 1024w\" sizes=\"auto, (max-width: 788px) 100vw, 788px\" \/><\/a><p id=\"caption-attachment-2077\" class=\"wp-caption-text\">Un des grands moments festifs du week-end !<\/p><\/div>\n<p>Bient\u00f4t un reportage sur ce magnifique moment de f\u00eate, d&rsquo;amiti\u00e9 et de r\u00e9flexions.<\/p>\n","protected":false},"excerpt":{"rendered":"<p>Bient\u00f4t un reportage sur ce magnifique moment de f\u00eate, d&rsquo;amiti\u00e9 et de r\u00e9flexions.<\/p>\n","protected":false},"author":1245,"featured_media":0,"comment_status":"closed","ping_status":"closed","sticky":false,"template":"","format":"standard","meta":{"_crdt_document":"","footnotes":""},"categories":[8],"tags":[11,15,21,24,30],"class_list":["post-2076","post","type-post","status-publish","format-standard","hentry","category-manifestations-st-pierraines","tag-activites-communes","tag-saint-pierre-et-canton","tag-fetes","tag-manifestations-saint-pierraines","tag-manifestations-st-pierraines","item-wrap"],"_links":{"self":[{"href":"https:\/\/www.kananas.com\/comitedejumelagedesaintpierredalbigny\/wp-json\/wp\/v2\/posts\/2076","targetHints":{"allow":["GET"]}}],"collection":[{"href":"https:\/\/www.kananas.com\/comitedejumelagedesaintpierredalbigny\/wp-json\/wp\/v2\/posts"}],"about":[{"href":"https:\/\/www.kananas.com\/comitedejumelagedesaintpierredalbigny\/wp-json\/wp\/v2\/types\/post"}],"author":[{"embeddable":true,"href":"https:\/\/www.kananas.com\/comitedejumelagedesaintpierredalbigny\/wp-json\/wp\/v2\/users\/1245"}],"replies":[{"embeddable":true,"href":"https:\/\/www.kananas.com\/comitedejumelagedesaintpierredalbigny\/wp-json\/wp\/v2\/comments?post=2076"}],"version-history":[{"count":0,"href":"https:\/\/www.kananas.com\/comitedejumelagedesaintpierredalbigny\/wp-json\/wp\/v2\/posts\/2076\/revisions"}],"wp:attachment":[{"href":"https:\/\/www.kananas.com\/comitedejumelagedesaintpierredalbigny\/wp-json\/wp\/v2\/media?parent=2076"}],"wp:term":[{"taxonomy":"category","embeddable":true,"href":"https:\/\/www.kananas.com\/comitedejumelagedesaintpierredalbigny\/wp-json\/wp\/v2\/categories?post=2076"},{"taxonomy":"post_tag","embeddable":true,"href":"https:\/\/www.kananas.com\/comitedejumelagedesaintpierredalbigny\/wp-json\/wp\/v2\/tags?post=2076"}],"curies":[{"name":"wp","href":"https:\/\/api.w.org\/{rel}","templated":true}]}}