{"id":2337,"date":"2014-01-22T16:57:08","date_gmt":"2014-01-22T15:57:08","guid":{"rendered":"http:\/\/www.gestasso.com\/association\/comitedejumelagedesaintpierredalbigny\/?p=2337"},"modified":"2014-01-22T16:57:08","modified_gmt":"2014-01-22T15:57:08","slug":"un-montagnard-nous-a-quitte","status":"publish","type":"post","link":"https:\/\/www.kananas.com\/comitedejumelagedesaintpierredalbigny\/2014\/01\/22\/un-montagnard-nous-a-quitte\/","title":{"rendered":"Un montagnard nous a quitt\u00e9."},"content":{"rendered":"<p><a href=\"http:\/\/www.kananas.com\/comitedejumelagedesaintpierredalbigny\/wp-content\/uploads\/sites\/1208\/2014\/01\/EI.jpg\"><img loading=\"lazy\" decoding=\"async\" class=\"size-full wp-image-2338 alignleft\" alt=\"EI\" src=\"http:\/\/www.kananas.com\/comitedejumelagedesaintpierredalbigny\/wp-content\/uploads\/sites\/1208\/2014\/01\/EI.jpg\" width=\"241\" height=\"315\" srcset=\"https:\/\/www.kananas.com\/comitedejumelagedesaintpierredalbigny\/wp-content\/uploads\/sites\/1208\/2014\/01\/EI.jpg 241w, https:\/\/www.kananas.com\/comitedejumelagedesaintpierredalbigny\/wp-content\/uploads\/sites\/1208\/2014\/01\/EI-230x300.jpg 230w\" sizes=\"auto, (max-width: 241px) 100vw, 241px\" \/><\/a>Tous les anciens du jumelage avec Stetten ont connu notre ami <strong>Erwin Immel<\/strong>. \u00a0Il faisait partie de l&rsquo;\u00e9quipe des fondateurs du Jumelage du c\u00f4t\u00e9 allemand<\/p>\n<p>Amoureux de la nature et la montagne il a parcouru les Alpes en toutes saisons. Il \u00e9tait d&rsquo;ailleurs accompagnateur de moyenne montagne.<\/p>\n<p>Tr\u00e8s bon skieur et proche de la jeunesse malgr\u00e9 son \u00e2ge, il a accompagn\u00e9 plusieurs rencontres avec les adolescents. Celle dont on se souvient le plus a \u00e9t\u00e9 la rencontre aux Karellis en 2002. Il n&rsquo;h\u00e9sitait pas \u00e0 leur montrer comment \u00e9voluer en poudreuse.<\/p>\n<p>Fid\u00e8le ami de la France et de St Pierre d\u2019Albigny, il \u00e9tait de tous les \u00e9changes. Tr\u00e8s discret, il avait toujours un mot gentil pour tous qu&rsquo;il prodiguait avec un grand sourire.<\/p>\n<p>C&rsquo;est avec tristesse que nous avons appris son d\u00e9c\u00e8s en ce d\u00e9but d&rsquo;ann\u00e9e. Nous ne l&rsquo;oublierons pas.<\/p>\n<p style=\"text-align: right\"><em>Raymond Becouse<\/em><\/p>\n","protected":false},"excerpt":{"rendered":"<p>Tous les anciens du jumelage avec Stetten ont connu notre ami Erwin Immel. \u00a0Il faisait partie de l&rsquo;\u00e9quipe des fondateurs du Jumelage du c\u00f4t\u00e9 allemand Amoureux de la nature et la montagne il a parcouru les Alpes en toutes saisons. Il \u00e9tait d&rsquo;ailleurs accompagnateur de moyenne montagne. Tr\u00e8s bon skieur et proche de la jeunesse &hellip; <\/p>\n<p><a class=\"more-link btn\" href=\"https:\/\/www.kananas.com\/comitedejumelagedesaintpierredalbigny\/2014\/01\/22\/un-montagnard-nous-a-quitte\/\">Lire la suite<\/a><\/p>\n","protected":false},"author":1245,"featured_media":0,"comment_status":"open","ping_status":"open","sticky":false,"template":"","format":"standard","meta":{"_crdt_document":"","footnotes":""},"categories":[2],"tags":[19,20,25,35],"class_list":["post-2337","post","type-post","status-publish","format-standard","hentry","category-accueil","tag-ecoles","tag-europe","tag-necrologie","tag-stetten","item-wrap"],"_links":{"self":[{"href":"https:\/\/www.kananas.com\/comitedejumelagedesaintpierredalbigny\/wp-json\/wp\/v2\/posts\/2337","targetHints":{"allow":["GET"]}}],"collection":[{"href":"https:\/\/www.kananas.com\/comitedejumelagedesaintpierredalbigny\/wp-json\/wp\/v2\/posts"}],"about":[{"href":"https:\/\/www.kananas.com\/comitedejumelagedesaintpierredalbigny\/wp-json\/wp\/v2\/types\/post"}],"author":[{"embeddable":true,"href":"https:\/\/www.kananas.com\/comitedejumelagedesaintpierredalbigny\/wp-json\/wp\/v2\/users\/1245"}],"replies":[{"embeddable":true,"href":"https:\/\/www.kananas.com\/comitedejumelagedesaintpierredalbigny\/wp-json\/wp\/v2\/comments?post=2337"}],"version-history":[{"count":0,"href":"https:\/\/www.kananas.com\/comitedejumelagedesaintpierredalbigny\/wp-json\/wp\/v2\/posts\/2337\/revisions"}],"wp:attachment":[{"href":"https:\/\/www.kananas.com\/comitedejumelagedesaintpierredalbigny\/wp-json\/wp\/v2\/media?parent=2337"}],"wp:term":[{"taxonomy":"category","embeddable":true,"href":"https:\/\/www.kananas.com\/comitedejumelagedesaintpierredalbigny\/wp-json\/wp\/v2\/categories?post=2337"},{"taxonomy":"post_tag","embeddable":true,"href":"https:\/\/www.kananas.com\/comitedejumelagedesaintpierredalbigny\/wp-json\/wp\/v2\/tags?post=2337"}],"curies":[{"name":"wp","href":"https:\/\/api.w.org\/{rel}","templated":true}]}}