{"id":2373,"date":"2014-03-25T11:36:44","date_gmt":"2014-03-25T10:36:44","guid":{"rendered":"http:\/\/www.gestasso.com\/association\/comitedejumelagedesaintpierredalbigny\/?p=2373"},"modified":"2014-03-25T11:36:44","modified_gmt":"2014-03-25T10:36:44","slug":"promenade-fleurie-avec-le-jumelage","status":"publish","type":"post","link":"https:\/\/www.kananas.com\/comitedejumelagedesaintpierredalbigny\/2014\/03\/25\/promenade-fleurie-avec-le-jumelage\/","title":{"rendered":"Promenade fleurie avec le Jumelage."},"content":{"rendered":"<p><big><span style=\"color: #990000\"><span><big><span style=\"font-family: 'Helvetica Neue'\"><a href=\"http:\/\/www.kananas.com\/comitedejumelagedesaintpierredalbigny\/wp-content\/uploads\/sites\/1208\/2014\/02\/lgs_logo.png\"><img loading=\"lazy\" decoding=\"async\" class=\"alignnone size-thumbnail wp-image-2364\" alt=\"lgs_logo\" src=\"http:\/\/www.kananas.com\/comitedejumelagedesaintpierredalbigny\/wp-content\/uploads\/sites\/1208\/2014\/02\/lgs_logo-151x113.png\" width=\"151\" height=\"113\" \/><\/a>\u00a0Le Comit\u00e9 de Jumelage de Saint Pierre d&rsquo;Albigny avec Stetten im Remstal propose du<b> 8 au 11 mai<\/b> prochain un voyage en autocar, en Allemagne.<\/span><\/big><\/span><br \/>\n<span><big><span style=\"font-family: 'Helvetica Neue'\">Le vendredi sera consacr\u00e9 \u00e0 la visite du \u00ab\u00a0Landesgartenschau\u00a0\u00bb \u00e0 Swabisch Gm\u00fcnd (\u00e0 une trentaine de kilom\u00e8tres de Stetten) site: <a href=\"http:\/\/www.schwaebisch-gmuend.de\/\">http:\/\/www.schwaebisch-gmuend.de <\/a><\/span><\/big><\/span><br \/>\n<span><big><span style=\"font-family: 'Helvetica Neue'\">Le logement se fait dans les familles amies de Stetten et le prix est de 110 \u20ac tout compris.<\/span><\/big><\/span><\/span><\/big><\/p>\n<p><span><big><span style=\"font-family: 'Helvetica Neue'\"><b>Entre \u00ab\u00a0Jardin de Paradis\u00a0\u00bb et \u00ab\u00a0Royaume de la Terre\u00a0\u00bb<\/b><\/span><\/big><\/span><\/p>\n<p><span><big><span style=\"font-family: 'Helvetica Neue'\">Tout y illustre, sur plus de 14 hectares l&rsquo;unit\u00e9 naturelle de l&rsquo;homme et de la nature, avec un lien tr\u00e8s fort rendu possible par la topographie entre la nature et la ville.<\/span><\/big><\/span><br \/>\n<span><big><span style=\"font-family: 'Helvetica Neue'\">Entre ville et for\u00eat, avec un plan d&rsquo;eau d&rsquo;un hectare, diff\u00e9rentes expositions, plus de 1000 arbres et quelques 30000 arbustes vivaces offriront un \u00ab\u00a0salon vert\u00a0\u00bb pour tous les visiteurs.<\/span><\/big><\/span><br \/>\n<span><big><span style=\"font-family: 'Helvetica Neue'\">Labyrinthe, Tour d&rsquo;observation de 35 m\u00e8tres de haut, \u00ab\u00a0\u00e9chelle de Jacob\u00a0\u00bb et jeux d&rsquo;eau promettent une visite inoubliable.<\/span><\/big><\/span><\/p>\n<p><b><strong>Inscriptions:\u00a0<\/strong><\/b>R\u00e9servations possible sur le site\u00a0mais paiement obligatoire par courrier aupr\u00e8s de Bernadette Messina, 216 rue du Four 73250 St Pierre d&rsquo;Albigny (seul le paiement finalise l&rsquo;inscription).<\/p>\n","protected":false},"excerpt":{"rendered":"<p>\u00a0Le Comit\u00e9 de Jumelage de Saint Pierre d&rsquo;Albigny avec Stetten im Remstal propose du 8 au 11 mai prochain un voyage en autocar, en Allemagne. Le vendredi sera consacr\u00e9 \u00e0 la visite du \u00ab\u00a0Landesgartenschau\u00a0\u00bb \u00e0 Swabisch Gm\u00fcnd (\u00e0 une trentaine de kilom\u00e8tres de Stetten) site: http:\/\/www.schwaebisch-gmuend.de Le logement se fait dans les familles amies de &hellip; <\/p>\n<p><a class=\"more-link btn\" href=\"https:\/\/www.kananas.com\/comitedejumelagedesaintpierredalbigny\/2014\/03\/25\/promenade-fleurie-avec-le-jumelage\/\">Lire la suite<\/a><\/p>\n","protected":false},"author":1245,"featured_media":0,"comment_status":"open","ping_status":"open","sticky":false,"template":"","format":"standard","meta":{"_crdt_document":"","footnotes":""},"categories":[2,8,10],"tags":[11,20,21,30,35,37],"class_list":["post-2373","post","type-post","status-publish","format-standard","hentry","category-accueil","category-manifestations-st-pierraines","category-voyages","tag-activites-communes","tag-europe","tag-fetes","tag-manifestations-st-pierraines","tag-stetten","tag-voyages","item-wrap"],"_links":{"self":[{"href":"https:\/\/www.kananas.com\/comitedejumelagedesaintpierredalbigny\/wp-json\/wp\/v2\/posts\/2373","targetHints":{"allow":["GET"]}}],"collection":[{"href":"https:\/\/www.kananas.com\/comitedejumelagedesaintpierredalbigny\/wp-json\/wp\/v2\/posts"}],"about":[{"href":"https:\/\/www.kananas.com\/comitedejumelagedesaintpierredalbigny\/wp-json\/wp\/v2\/types\/post"}],"author":[{"embeddable":true,"href":"https:\/\/www.kananas.com\/comitedejumelagedesaintpierredalbigny\/wp-json\/wp\/v2\/users\/1245"}],"replies":[{"embeddable":true,"href":"https:\/\/www.kananas.com\/comitedejumelagedesaintpierredalbigny\/wp-json\/wp\/v2\/comments?post=2373"}],"version-history":[{"count":0,"href":"https:\/\/www.kananas.com\/comitedejumelagedesaintpierredalbigny\/wp-json\/wp\/v2\/posts\/2373\/revisions"}],"wp:attachment":[{"href":"https:\/\/www.kananas.com\/comitedejumelagedesaintpierredalbigny\/wp-json\/wp\/v2\/media?parent=2373"}],"wp:term":[{"taxonomy":"category","embeddable":true,"href":"https:\/\/www.kananas.com\/comitedejumelagedesaintpierredalbigny\/wp-json\/wp\/v2\/categories?post=2373"},{"taxonomy":"post_tag","embeddable":true,"href":"https:\/\/www.kananas.com\/comitedejumelagedesaintpierredalbigny\/wp-json\/wp\/v2\/tags?post=2373"}],"curies":[{"name":"wp","href":"https:\/\/api.w.org\/{rel}","templated":true}]}}