{"id":2386,"date":"2014-04-21T10:56:14","date_gmt":"2014-04-21T08:56:14","guid":{"rendered":"http:\/\/www.gestasso.com\/association\/comitedejumelagedesaintpierredalbigny\/?p=2386"},"modified":"2014-04-21T10:56:14","modified_gmt":"2014-04-21T08:56:14","slug":"celebration-du-drame-des-frasses","status":"publish","type":"post","link":"https:\/\/www.kananas.com\/comitedejumelagedesaintpierredalbigny\/2014\/04\/21\/celebration-du-drame-des-frasses\/","title":{"rendered":"C\u00e9l\u00e9bration du Drame des Frasses."},"content":{"rendered":"<p style=\"text-align: justify\">Ce vendredi 18 avril,un grand nombre de personnes s&rsquo;est retrouv\u00e9 au cimeti\u00e8re pr\u00e8s du m\u00e9morial pour comm\u00e9morer le 70e anniversaire de la tuerie des Frasses. Il est juste de se souvenir des \u00e9v\u00e8nements sombres de notre histoire commune et de dire et redire que c&rsquo;est sur ce socle que s&rsquo;est b\u00e2tie la r\u00e9conciliation, puis l&rsquo;amiti\u00e9 entre nos deux pays. C&rsquo;est gr\u00e2ce au sacrifice de ces jeunes hommes que d&rsquo;autres, plus tard on pu dire et mettre en pratique un \u00ab\u00a0plus jamais \u00e7\u00e0\u00a0\u00bb qui ne pourra jamais faire oublier les p\u00e9riodes noires. Helga Castle, pr\u00e9sidente par interim repr\u00e9sentait le Comit\u00e9 de Jumelage \u00e0 cette c\u00e9l\u00e9bration. A cette occasion, elle a lu un messages du p\u00e8re Friedl, cur\u00e9 et du Pasteur Autenrieth de Stetten.<\/p>\n<blockquote>\n<p style=\"text-align: justify\">Mesdames, Messieurs, Chers amis de Saint Pierre<\/p>\n<p style=\"text-align: justify\">L&rsquo;ann\u00e9e 2014 nous donne l&rsquo;occasion de feuilleter l&rsquo;histoire de nos deux peuples.<\/p>\n<p style=\"text-align: justify\">Il y a 100 ans d\u00e9butait la premi\u00e8re guerre mondiale au cours de laquelle des millions d&rsquo;hommes enthousiastes et en bonne sant\u00e9 perdirent la vie. Cependant, \u00e0 l&rsquo;issue de ce conflit, la paix conclue \u00e9tait fragile. C&rsquo;est seulement quelques ann\u00e9es plus tard que se rallum\u00e8rent les vieilles ranc\u0153urs et que les soldats allemands se dirig\u00e8rent une nouvelle fois vers la France.<\/p>\n<p style=\"text-align: justify\">Six jeunes de votre pays ont \u00e9t\u00e9 victimes de barbarie.<\/p>\n<p style=\"text-align: justify\">Nous comprenons tout \u00e0 fait que vous vouliez rendre hommage \u00e0 ces jeunes hommes pour marquer le 70e anniversaire de leur assassinat&#8230; Car derri\u00e8re ces chiffres il y a des noms. Et derri\u00e8re ces noms se cachent des hommes avec leur aptitude et leur chance d&rsquo;avoir une vie heureuse, vie que la guerre leur a pris.<\/p>\n<p style=\"text-align: justify\">Nos pens\u00e9es sont particuli\u00e8rement tourn\u00e9es vers vous. Nous souhaitons que vos pens\u00e9es ne soient pas seulement envahies d&rsquo;amertume de cette injustice, mais que vous ayez le d\u00e9sir d&rsquo;une Europe sans guerre et que vous repensiez \u00e0 l&rsquo;\u00e9volution positive de notre association et de notre amiti\u00e9 pendant plus de quarante ans.<\/p>\n<p style=\"text-align: justify\">Les processus inqui\u00e9tants qui apparaissent en Europe de l&rsquo;Est nous montrent \u00e0 quelle vitesse la paix peut \u00eatre mise en danger. Nous voulons ainsi ne jamais rel\u00e2cher la surveillance des voix hostiles mais toujours continuer \u00e0 penser \u00e0 ce qu&rsquo;il y a de meilleur en chacun et \u00e0 augmenter notre compr\u00e9hension envers l&rsquo;autre.<\/p>\n<p style=\"text-align: justify\">Veuillez recevoir nos sinc\u00e8res salutations<\/p>\n<p style=\"text-align: justify\">Pasteur Konrad Autenrieth \u00a0 \u00a0 \u00a0 \u00a0 \u00a0 \u00a0 \u00a0 \u00a0 \u00a0 \u00a0 \u00a0 \u00a0 \u00a0 \u00a0 \u00a0 \u00a0P\u00e8re Micha\u00ebl Fried<\/p>\n<\/blockquote>\n<div id=\"attachment_2391\" style=\"width: 151px\" class=\"wp-caption alignnone\"><a href=\"http:\/\/www.kananas.com\/comitedejumelagedesaintpierredalbigny\/wp-content\/uploads\/sites\/1208\/2014\/04\/la-population-a-rendu-hommage-a-ses-martyrs.jpg\"><img loading=\"lazy\" decoding=\"async\" aria-describedby=\"caption-attachment-2391\" class=\"size-thumbnail wp-image-2391\" src=\"http:\/\/www.kananas.com\/comitedejumelagedesaintpierredalbigny\/wp-content\/uploads\/sites\/1208\/2014\/04\/la-population-a-rendu-hommage-a-ses-martyrs-151x162.jpg\" alt=\"Photo: Le Dauphin\u00e9 Lib\u00e9r\u00e9\" width=\"151\" height=\"162\" \/><\/a><p id=\"caption-attachment-2391\" class=\"wp-caption-text\">Photo: Le Dauphin\u00e9 Lib\u00e9r\u00e9<\/p><\/div>\n<p>C&rsquo;est avec beaucoup d&rsquo;\u00e9motion que l&rsquo;assistance recueillit ce message, et les familles des jeunes maquisards, venues sp\u00e9cialement \u00e0 cette occasion se sont ensuite entretenues avec Helga pour la remercier de son intervention et dire combien ce message rencontrait leur adh\u00e9sion.<\/p>\n<p class=\"western\" align=\"JUSTIFY\">Vous trouverez dans l&rsquo;onglet \u00ab\u00a0<strong>Dans la presse<\/strong>\u00a0\u00bb l&rsquo;article du Dauphin\u00e9 Lib\u00e9r\u00e9.<\/p>\n","protected":false},"excerpt":{"rendered":"<p>Ce vendredi 18 avril,un grand nombre de personnes s&rsquo;est retrouv\u00e9 au cimeti\u00e8re pr\u00e8s du m\u00e9morial pour comm\u00e9morer le 70e anniversaire de la tuerie des Frasses. Il est juste de se souvenir des \u00e9v\u00e8nements sombres de notre histoire commune et de dire et redire que c&rsquo;est sur ce socle que s&rsquo;est b\u00e2tie la r\u00e9conciliation, puis l&rsquo;amiti\u00e9 &hellip; <\/p>\n<p><a class=\"more-link btn\" href=\"https:\/\/www.kananas.com\/comitedejumelagedesaintpierredalbigny\/2014\/04\/21\/celebration-du-drame-des-frasses\/\">Lire la suite<\/a><\/p>\n","protected":false},"author":1245,"featured_media":0,"comment_status":"open","ping_status":"open","sticky":false,"template":"","format":"standard","meta":{"_crdt_document":"","footnotes":""},"categories":[2,8],"tags":[20,24,30],"class_list":["post-2386","post","type-post","status-publish","format-standard","hentry","category-accueil","category-manifestations-st-pierraines","tag-europe","tag-manifestations-saint-pierraines","tag-manifestations-st-pierraines","item-wrap"],"_links":{"self":[{"href":"https:\/\/www.kananas.com\/comitedejumelagedesaintpierredalbigny\/wp-json\/wp\/v2\/posts\/2386","targetHints":{"allow":["GET"]}}],"collection":[{"href":"https:\/\/www.kananas.com\/comitedejumelagedesaintpierredalbigny\/wp-json\/wp\/v2\/posts"}],"about":[{"href":"https:\/\/www.kananas.com\/comitedejumelagedesaintpierredalbigny\/wp-json\/wp\/v2\/types\/post"}],"author":[{"embeddable":true,"href":"https:\/\/www.kananas.com\/comitedejumelagedesaintpierredalbigny\/wp-json\/wp\/v2\/users\/1245"}],"replies":[{"embeddable":true,"href":"https:\/\/www.kananas.com\/comitedejumelagedesaintpierredalbigny\/wp-json\/wp\/v2\/comments?post=2386"}],"version-history":[{"count":0,"href":"https:\/\/www.kananas.com\/comitedejumelagedesaintpierredalbigny\/wp-json\/wp\/v2\/posts\/2386\/revisions"}],"wp:attachment":[{"href":"https:\/\/www.kananas.com\/comitedejumelagedesaintpierredalbigny\/wp-json\/wp\/v2\/media?parent=2386"}],"wp:term":[{"taxonomy":"category","embeddable":true,"href":"https:\/\/www.kananas.com\/comitedejumelagedesaintpierredalbigny\/wp-json\/wp\/v2\/categories?post=2386"},{"taxonomy":"post_tag","embeddable":true,"href":"https:\/\/www.kananas.com\/comitedejumelagedesaintpierredalbigny\/wp-json\/wp\/v2\/tags?post=2386"}],"curies":[{"name":"wp","href":"https:\/\/api.w.org\/{rel}","templated":true}]}}