{"id":2618,"date":"2015-03-25T18:30:11","date_gmt":"2015-03-25T17:30:11","guid":{"rendered":"http:\/\/www.gestasso.com\/association\/comitedejumelagedesaintpierredalbigny\/?p=2618"},"modified":"2015-03-25T18:30:11","modified_gmt":"2015-03-25T17:30:11","slug":"vers-la-fin-de-lallemand-au-college","status":"publish","type":"post","link":"https:\/\/www.kananas.com\/comitedejumelagedesaintpierredalbigny\/2015\/03\/25\/vers-la-fin-de-lallemand-au-college\/","title":{"rendered":"Vers la fin de l&rsquo;allemand au coll\u00e8ge ?"},"content":{"rendered":"<p align=\"justify\"><span style=\"color: #ff3366\"><span style=\"font-family: Advantage\"><a href=\"http:\/\/www.kananas.com\/comitedejumelagedesaintpierredalbigny\/wp-content\/uploads\/sites\/1208\/2015\/03\/DP-college-haut-de-page-pictoL-Ecole-Change_398542.jpg\"><img loading=\"lazy\" decoding=\"async\" class=\"alignleft size-medium wp-image-2587\" src=\"http:\/\/www.kananas.com\/comitedejumelagedesaintpierredalbigny\/wp-content\/uploads\/sites\/1208\/2015\/03\/DP-college-haut-de-page-pictoL-Ecole-Change_398542-300x157.jpg\" alt=\"DP-college-haut-de-page-pictoL-Ecole-Change_398542\" width=\"300\" height=\"157\" srcset=\"https:\/\/www.kananas.com\/comitedejumelagedesaintpierredalbigny\/wp-content\/uploads\/sites\/1208\/2015\/03\/DP-college-haut-de-page-pictoL-Ecole-Change_398542-300x157.jpg 300w, https:\/\/www.kananas.com\/comitedejumelagedesaintpierredalbigny\/wp-content\/uploads\/sites\/1208\/2015\/03\/DP-college-haut-de-page-pictoL-Ecole-Change_398542.jpg 740w\" sizes=\"auto, (max-width: 300px) 100vw, 300px\" \/><\/a><\/span><\/span><\/p>\n<p align=\"justify\"><span style=\"color: #ff0000\"><span style=\"font-family: Helvetica, sans-serif\"><span style=\"font-size: small\"><b>Vers la fin de l&rsquo;allemand au coll\u00e8ge ?<\/b><\/span><\/span><\/span><\/p>\n<p align=\"justify\"><span style=\"color: #333333\"><span style=\"font-family: Helvetica, sans-serif\"><span style=\"font-size: small\">Participez \u00e0 la protestation ! Vous avez sans doute lu notre alerte sur le site de la FAFA. Avec la r\u00e9forme des coll\u00e8ges pr\u00e9vue pour 2016 l&rsquo;allemand devient de facto une LV2 et risque de sombrer dans l&rsquo;insignifiance.<\/span><\/span><\/span><\/p>\n<p align=\"justify\"><span style=\"color: #333333\"><span style=\"font-family: Helvetica, sans-serif\"><span style=\"font-size: small\">Vous pouvez,\u00a0<span style=\"text-decoration: underline\">vous devez r\u00e9agir<\/span>\u00a0!<\/span><\/span><\/span><\/p>\n<p align=\"justify\"><span style=\"color: #333333\"><span style=\"font-family: Helvetica, sans-serif\"><span style=\"font-size: small\">L&rsquo;ADEAF (<\/span><\/span><\/span><strong><span style=\"color: #000000\"><span style=\"font-family: Helvetica, sans-serif\"><span style=\"font-size: small\"><b>A<\/b><\/span><\/span><\/span><\/strong><span style=\"color: #333333\"><span style=\"font-family: Helvetica, sans-serif\"><span style=\"font-size: small\">ssociation pour le\u00a0<\/span><\/span><\/span><strong><span style=\"color: #000000\"><span style=\"font-family: Helvetica, sans-serif\"><span style=\"font-size: small\"><b>D<\/b><\/span><\/span><\/span><\/strong><span style=\"color: #333333\"><span style=\"font-family: Helvetica, sans-serif\"><span style=\"font-size: small\">\u00e9veloppement de l&rsquo;<\/span><\/span><\/span><strong><span style=\"color: #000000\"><span style=\"font-family: Helvetica, sans-serif\"><span style=\"font-size: small\"><b>E<\/b><\/span><\/span><\/span><\/strong><span style=\"color: #333333\"><span style=\"font-family: Helvetica, sans-serif\"><span style=\"font-size: small\">nseignement de l&rsquo;<\/span><\/span><\/span><strong><span style=\"color: #000000\"><span style=\"font-family: Helvetica, sans-serif\"><span style=\"font-size: small\"><b>A<\/b><\/span><\/span><\/span><\/strong><span style=\"color: #333333\"><span style=\"font-family: Helvetica, sans-serif\"><span style=\"font-size: small\">llemand en\u00a0<\/span><\/span><\/span><strong><span style=\"color: #000000\"><span style=\"font-family: Helvetica, sans-serif\"><span style=\"font-size: small\"><b>F<\/b><\/span><\/span><\/span><\/strong><span style=\"color: #333333\"><span style=\"font-family: Helvetica, sans-serif\"><span style=\"font-size: small\">rance) vous appelle \u00e0 signer une p\u00e9tition publique<\/span><\/span><\/span><strong><span style=\"color: #000000\"><span style=\"font-family: Helvetica, sans-serif\"><span style=\"font-size: small\">\u00a0<\/span><\/span><\/span><\/strong><strong><a href=\"http:\/\/www.petitionpublique.fr\/PeticaoVer.aspx?pi=rcADEAF\" target=\"_blank\"><span style=\"color: #ff9900\"><span style=\"font-family: Helvetica, sans-serif\"><span style=\"font-size: small\"><b>en cliquant sur ce lien.<\/b><\/span><\/span><\/span><\/a><\/strong><\/p>\n<p align=\"justify\"><span style=\"color: #333333\"><span style=\"font-family: Helvetica, sans-serif\"><span style=\"font-size: small\">et vous propose des lettres types \u00e0 t\u00e9l\u00e9charger pour \u00e9crire aux politiques.<\/span><\/span><\/span><\/p>\n<p><span style=\"color: #333333\"><span style=\"font-family: Helvetica, sans-serif\"><span style=\"font-size: small\"><b>Il est urgent d\u2019agir en tant que citoyens, il en va de l\u2019avenir de la jeunesse de notre pays.<\/b><\/span><\/span><\/span><\/p>\n<p><span style=\"color: #333333\"><span style=\"font-family: Helvetica, sans-serif\"><span style=\"font-size: small\">Ne vous limitez pas \u00e0 un courrier postal, il est indispensable d\u2019envoyer des courriels ou de poster des messages sur Internet aussi. De notre mobilisation d\u00e9pend le succ\u00e8s de la r\u00e9forme du coll\u00e8ge, dans le r\u00e9el int\u00e9r\u00eat de nos futurs \u00e9l\u00e8ves\u00a0!<\/span><\/span><\/span><\/p>\n<p><strong><span style=\"color: #000000\"><span style=\"font-family: Helvetica, sans-serif\"><span style=\"font-size: small\"><b>Que pouvez-vous faire, en plus d\u2019ajouter votre signature \u00e0 la p\u00e9tition pour faire bouger les choses\u00a0?<\/b><\/span><\/span><\/span><\/strong><\/p>\n<ul>\n<li><span style=\"color: #333333\"> <span style=\"font-family: Helvetica, sans-serif\"><span style=\"font-size: small\">Ecrire des lettres et mails aux responsables politiques, \u00e0 commencer par le Pr\u00e9sident de la R\u00e9publique, en passant par des ministres, s\u00e9nateurs, d\u00e9put\u00e9s et maires &#8230; C\u2019est la masse qui fera effet.<\/span><\/span><\/span><\/li>\n<li><span style=\"color: #333333\"> <span style=\"font-family: Helvetica, sans-serif\"><span style=\"font-size: small\">Informer les coll\u00e8gues et les parents des cons\u00e9quences d\u00e9sastreuses de la r\u00e9forme et demander leur soutien<\/span><\/span><\/span><\/li>\n<li><span style=\"color: #333333\"> <span style=\"font-family: Helvetica, sans-serif\"><span style=\"font-size: small\">Participer \u00e0 une r\u00e9union de crise avec votre r\u00e9gionale et faire des actions cibl\u00e9es au niveau local<\/span><\/span><\/span><\/li>\n<\/ul>\n<p><span style=\"color: #333333\"><span style=\"font-family: Helvetica, sans-serif\"><span style=\"font-size: small\">Sachez que vous pouvez poster votre courrier sans timbre pour \u00e9crire au Pr\u00e9sident de la R\u00e9publique\u00a0:<\/span><\/span><\/span><\/p>\n<h6 style=\"text-align: left\"><span style=\"color: #333333\"><span style=\"font-family: Helvetica, sans-serif\"><span style=\"font-size: small\"><i>Monsieur le Pr\u00e9sident de la R\u00e9publique<\/i><\/span><\/span><\/span><\/h6>\n<h6 style=\"text-align: left\"><span style=\"color: #333333\"><span style=\"font-family: Helvetica, sans-serif\"><span style=\"font-size: small\"><i> Palais de l\u2019Elys\u00e9e<\/i><\/span><\/span><\/span><\/h6>\n<h6 style=\"text-align: left\"><span style=\"color: #333333\"><span style=\"font-family: Helvetica, sans-serif\"><span style=\"font-size: small\"><i> 55 rue du Faubourg Saint-Honor\u00e9<\/i><\/span><\/span><\/span><\/h6>\n<h6 style=\"text-align: left\"><span style=\"color: #333333\"><span style=\"font-family: Helvetica, sans-serif\"><span style=\"font-size: small\"><i> 75008 Paris<\/i><\/span><\/span><\/span><\/h6>\n<p><span style=\"color: #333333\"><span style=\"font-family: Helvetica, sans-serif\"><span style=\"font-size: small\">En attendant d\u2019avoir une liste plus longue d\u2019adresses \u00e0 qui envoyer, quelques incontournables:<\/span><\/span><\/span><\/p>\n<p><span style=\"color: #ff6600\"><span style=\"font-family: Helvetica, sans-serif\"><span style=\"font-size: small\"><a style=\"color: #ff6600\" href=\"http:\/\/www.elysee.fr\/ecrire-au-president-de-la-republique\/\" target=\"_blank\"><span style=\"font-family: Helvetica, sans-serif\"><span style=\"font-size: small\">Ecrire au Pr\u00e9sident de la R\u00e9publique via son site<\/span><\/span><\/a><br \/>\n<\/span><\/span><\/span><\/p>\n<p><span style=\"color: #ff6600\"><a style=\"color: #ff6600\" href=\"http:\/\/www.gouvernement.fr\/contact\/ecrire-au-premier-ministre\" target=\"_blank\"><span style=\"font-family: Helvetica, sans-serif\"><span style=\"font-size: small\">Ecrire au Premier Ministre via son site<\/span><\/span><\/a><\/span><\/p>\n<p><span style=\"color: #ff6600\"><a style=\"color: #ff6600\" href=\"http:\/\/www.najat-vallaud-belkacem.com\/contact\/\" target=\"_blank\"><span style=\"font-family: Helvetica, sans-serif\"><span style=\"font-size: small\">Ecrire \u00e0 la Ministre de l\u2019Education Nationale via son site<\/span><\/span><\/a><\/span><\/p>\n<p><span style=\"color: #ff6600\"><a style=\"color: #ff6600\" href=\"http:\/\/www.diplomatie.gouv.fr\/fr\/mentions-legales-infos-pratiques\/nous-ecrire\/\" target=\"_blank\"><span style=\"font-family: Helvetica, sans-serif\"><span style=\"font-size: small\">Ecrire au Ministre des Affaires Etrang\u00e8res<\/span><\/span><\/a><\/span><\/p>\n<p align=\"justify\"><span style=\"color: #ff6600\"><a style=\"color: #ff6600\" href=\"http:\/\/adeaf.net\/spip,php?article85\" target=\"_blank\"><strong><span style=\"font-family: Helvetica, sans-serif\"><span style=\"font-size: small\"><b>T\u00e9l\u00e9chargez une (des) lettre(s) type(s)<\/b><\/span><\/span><\/strong><span style=\"font-family: Helvetica, sans-serif\"><span style=\"font-size: small\">\u00a0<\/span><\/span><\/a><\/span><span style=\"color: #333333\"><span style=\"font-family: Helvetica, sans-serif\"><span style=\"font-size: small\">sur la page du site de l&rsquo;ADEAF.Vous y trouverez diff\u00e9rents documents dont des lettres types qu\u2019un collectif et\/ou un individu peuvent envoyer \u00e0 diff\u00e9rents destinataires : &#8211; d\u00e9put\u00e9s &#8211; minist\u00e8re &#8211; Pr\u00e9sident de la r\u00e9publique &#8230; Pour l\u2019instant, l&rsquo;ADEAF met deux lettres types \u00e0 votre disposition : &#8211; Avec ent\u00eate de l\u2019ADEAF pour les r\u00e9gionales &#8211; Sans ent\u00eate pour ceux qui souhaitent faire des envois \u00e0 titre personnel Les lettres sont propos\u00e9es en format pdf et en format .doc pour les modifications.<\/span><\/span><\/span><\/p>\n<p align=\"justify\"><span style=\"color: #333333\"><span style=\"font-family: Helvetica, sans-serif\"><span style=\"font-size: small\">A vous de vous approprier ces outils et de les adapter \u00e9ventuellement \u00e0 vos situations particuli\u00e8res.<\/span><\/span><\/span><\/p>\n<p>&nbsp;<\/p>\n","protected":false},"excerpt":{"rendered":"<p>Vers la fin de l&rsquo;allemand au coll\u00e8ge ? Participez \u00e0 la protestation ! Vous avez sans doute lu notre alerte sur le site de la FAFA. Avec la r\u00e9forme des coll\u00e8ges pr\u00e9vue pour 2016 l&rsquo;allemand devient de facto une LV2 et risque de sombrer dans l&rsquo;insignifiance. Vous pouvez,\u00a0vous devez r\u00e9agir\u00a0! L&rsquo;ADEAF (Association pour le\u00a0D\u00e9veloppement de &hellip; <\/p>\n<p><a class=\"more-link btn\" href=\"https:\/\/www.kananas.com\/comitedejumelagedesaintpierredalbigny\/2015\/03\/25\/vers-la-fin-de-lallemand-au-college\/\">Lire la suite<\/a><\/p>\n","protected":false},"author":1245,"featured_media":0,"comment_status":"open","ping_status":"open","sticky":false,"template":"","format":"standard","meta":{"_crdt_document":"","footnotes":""},"categories":[2,9],"tags":[13,17,19,20,22,31],"class_list":["post-2618","post","type-post","status-publish","format-standard","hentry","category-accueil","category-scolaires","tag-autres-associations","tag-college","tag-ecoles","tag-europe","tag-langue-allemande","tag-scolaires-2","item-wrap"],"_links":{"self":[{"href":"https:\/\/www.kananas.com\/comitedejumelagedesaintpierredalbigny\/wp-json\/wp\/v2\/posts\/2618","targetHints":{"allow":["GET"]}}],"collection":[{"href":"https:\/\/www.kananas.com\/comitedejumelagedesaintpierredalbigny\/wp-json\/wp\/v2\/posts"}],"about":[{"href":"https:\/\/www.kananas.com\/comitedejumelagedesaintpierredalbigny\/wp-json\/wp\/v2\/types\/post"}],"author":[{"embeddable":true,"href":"https:\/\/www.kananas.com\/comitedejumelagedesaintpierredalbigny\/wp-json\/wp\/v2\/users\/1245"}],"replies":[{"embeddable":true,"href":"https:\/\/www.kananas.com\/comitedejumelagedesaintpierredalbigny\/wp-json\/wp\/v2\/comments?post=2618"}],"version-history":[{"count":0,"href":"https:\/\/www.kananas.com\/comitedejumelagedesaintpierredalbigny\/wp-json\/wp\/v2\/posts\/2618\/revisions"}],"wp:attachment":[{"href":"https:\/\/www.kananas.com\/comitedejumelagedesaintpierredalbigny\/wp-json\/wp\/v2\/media?parent=2618"}],"wp:term":[{"taxonomy":"category","embeddable":true,"href":"https:\/\/www.kananas.com\/comitedejumelagedesaintpierredalbigny\/wp-json\/wp\/v2\/categories?post=2618"},{"taxonomy":"post_tag","embeddable":true,"href":"https:\/\/www.kananas.com\/comitedejumelagedesaintpierredalbigny\/wp-json\/wp\/v2\/tags?post=2618"}],"curies":[{"name":"wp","href":"https:\/\/api.w.org\/{rel}","templated":true}]}}