{"id":27,"date":"2010-10-05T00:00:00","date_gmt":"2010-10-04T22:00:00","guid":{"rendered":"http:\/\/www.gestasso.com\/association\/comitedejumelagedesaintpierredalbigny\/2010\/10\/05\/assemblee-generale-2010-a-cruet\/"},"modified":"2010-10-05T00:00:00","modified_gmt":"2010-10-04T22:00:00","slug":"assemblee-generale-2010-a-cruet","status":"publish","type":"post","link":"https:\/\/www.kananas.com\/comitedejumelagedesaintpierredalbigny\/2010\/10\/05\/assemblee-generale-2010-a-cruet\/","title":{"rendered":"Assembl\u00e9e G\u00e9n\u00e9rale 2010 \u00e0 Cruet"},"content":{"rendered":"<p style=\"text-align: justify\">Le vendredi 24 septembre, le Comit\u00e9 de Jumelage r\u00e9ffirmait sa dimension cantonale puisque, pour la premi\u00e8re fois, l&rsquo;Assembl\u00e9e G\u00e9n\u00e9rale se tenait en dehors de Saint-Pierre: au Chaudron Savoyard \u00e0 Cruet.<\/p>\n<div id=\"attachment_130\" style=\"width: 393px\" class=\"wp-caption aligncenter\"><a rel=\"attachment wp-att-130\" href=\"http:\/\/www.gestasso.com\/association\/comitedejumelagedesaintpierredalbigny\/2010\/10\/05\/assemblee-generale-2010-a-cruet\/1287_21_assemblee-generale\/\"><img loading=\"lazy\" decoding=\"async\" aria-describedby=\"caption-attachment-130\" class=\"size-full wp-image-130 \" src=\"http:\/\/www.kananas.com\/comitedejumelagedesaintpierredalbigny\/wp-content\/uploads\/sites\/1208\/2011\/01\/1287_21_Assemblee-generale.jpg\" alt=\"\" width=\"393\" height=\"262\" srcset=\"https:\/\/www.kananas.com\/comitedejumelagedesaintpierredalbigny\/wp-content\/uploads\/sites\/1208\/2011\/01\/1287_21_Assemblee-generale.jpg 935w, https:\/\/www.kananas.com\/comitedejumelagedesaintpierredalbigny\/wp-content\/uploads\/sites\/1208\/2011\/01\/1287_21_Assemblee-generale-300x200.jpg 300w, https:\/\/www.kananas.com\/comitedejumelagedesaintpierredalbigny\/wp-content\/uploads\/sites\/1208\/2011\/01\/1287_21_Assemblee-generale-768x512.jpg 768w\" sizes=\"auto, (max-width: 393px) 100vw, 393px\" \/><\/a><p id=\"caption-attachment-130\" class=\"wp-caption-text\">Le Bureau pendant l&#039;Assembl\u00e9e G\u00e9n\u00e9rale de Cruet.<\/p><\/div>\n<p style=\"text-align: center\">\n<p style=\"text-align: justify\">Les municipalit\u00e9s de Saint-Pierre, Saint-Jean et Fr\u00eaterive \u00e9taient repr\u00e9sent\u00e9es et le maire de Cruet avait demand\u00e9 de l&rsquo;excuser, pris par une autre obligation. Une assembl\u00e9e nourrie, avec de nouveaux adh\u00e9rents et des sympathisants a \u00e9cout\u00e9 les diff\u00e9rents rapports du Pr\u00e9sident, du Secr\u00e9taire et de la Tr\u00e9sori\u00e8re avant que les votants les approuvent \u00e0 l&rsquo;unanimit\u00e9. Les candidats administrateurs ont \u00e9galement \u00e9t\u00e9 (r\u00e9)\u00e9lus \u00e0 l&rsquo;unanimit\u00e9: Raymond Becouse, Liliane Franceschi, Helga Castle et Mireille Vallet-Sandre. Il reste deux places vacantes et le Bureau s&rsquo;est dit dispos\u00e9 \u00e0 accueillir des \u00ab\u00a0invit\u00e9s\u00a0\u00bb qui souhaiteraient d\u00e9couvrir le fonctionnement d&rsquo;un C.A. avant de franchir le pas et de se pr\u00e9senter.<\/p>\n<p style=\"text-align: justify\">Le Conseil d&rsquo;Administration s&rsquo;est r\u00e9uni ensuite et a reconduit le Bureau sortant: Vivian Pichard, pr\u00e9sident, Helga Castle vice-pr\u00e9sidente, Roger Vallet-Sandre, secr\u00e9taire, Liliane Franceschi secr\u00e9taire adjointe, Bernadette Messina, tr\u00e9sori\u00e8re et Viviane Mil\u00e9si, tr\u00e9sori\u00e8re adjointe.<\/p>\n<p style=\"text-align: justify\">Lors de la r\u00e9union pl\u00e9ni\u00e8re qui a suivi il a \u00e9t\u00e9 question du voyage \u00e0 Stetten (et de l&rsquo;atelier de confection des p\u00e2tisseries allemandes traditionnelles de No\u00ebl), du March\u00e9 de No\u00ebl (avec une invitation \u00e0 se joindre \u00e0 celui de Saint Jean de la Porte), du t\u00e9l\u00e9thon. Une id\u00e9e d&rsquo;organiser un <em>coin<\/em> allemand \u00e0 la Biblioth\u00e8que \u00e9voqu\u00e9e par Roger Vallet-Sandre (sur le mod\u00e8le de ce qui a \u00e9t\u00e9 fait \u00e0 Charbonni\u00e8res les Bains) a \u00e9t\u00e9 accueillie tr\u00e8s favorablement par l&rsquo;ensemble des participants, cette proposition sera discut\u00e9e entre l&rsquo;adjointe charg\u00e9e de la biblioth\u00e8que et Roger par l&rsquo;interm\u00e9diaire de Pierre Guidat. La venue des \u00ab\u00a0fous berlinois\u00a0\u00bb au printemps prochain a \u00e9galement \u00e9t\u00e9 annonc\u00e9e ainsi que le d\u00e9but des cours d&rsquo;allemand le 4 octobre prochain.<\/p>\n<p style=\"text-align: justify\">A l&rsquo;issue de cette r\u00e9union, un ap\u00e9ritif a r\u00e9uni tous les participants avant de passer \u00e0 table pour un repas de qualit\u00e9 qui a permis de continuer les \u00e9changes toujours tr\u00e8s int\u00e9ressants.<\/p>\n<p style=\"text-align: justify\">\n<div id=\"attachment_249\" style=\"width: 150px\" class=\"wp-caption alignnone\"><a rel=\"attachment wp-att-249\" href=\"http:\/\/www.gestasso.com\/association\/comitedejumelagedesaintpierredalbigny\/2010\/10\/05\/assemblee-generale-2010-a-cruet\/1287_21_une-partie-de-l-assistance\/\"><img loading=\"lazy\" decoding=\"async\" aria-describedby=\"caption-attachment-249\" class=\"size-thumbnail wp-image-249\" src=\"http:\/\/www.kananas.com\/comitedejumelagedesaintpierredalbigny\/wp-content\/uploads\/sites\/1208\/2011\/02\/1287_21_Une-partie-de-l-assistance-150x150.jpg\" alt=\"\" width=\"150\" height=\"150\" \/><\/a><p id=\"caption-attachment-249\" class=\"wp-caption-text\">Une partie de l&#039;assistance.<\/p><\/div>\n<div id=\"attachment_131\" style=\"width: 300px\" class=\"wp-caption alignright\"><a rel=\"attachment wp-att-131\" href=\"http:\/\/www.gestasso.com\/association\/comitedejumelagedesaintpierredalbigny\/2010\/10\/05\/assemblee-generale-2010-a-cruet\/1287_21_le-repas\/\"><img loading=\"lazy\" decoding=\"async\" aria-describedby=\"caption-attachment-131\" class=\"size-medium wp-image-131\" src=\"http:\/\/www.kananas.com\/comitedejumelagedesaintpierredalbigny\/wp-content\/uploads\/sites\/1208\/2011\/01\/1287_21_Le-repas-300x199.jpg\" alt=\"\" width=\"300\" height=\"199\" \/><\/a><p id=\"caption-attachment-131\" class=\"wp-caption-text\">Le repas permit de nombreux \u00e9changes<\/p><\/div>\n","protected":false},"excerpt":{"rendered":"<p>Le vendredi 24 septembre, le Comit\u00e9 de Jumelage r\u00e9ffirmait sa dimension cantonale puisque, pour la premi\u00e8re fois, l&rsquo;Assembl\u00e9e G\u00e9n\u00e9rale se tenait en dehors de Saint-Pierre: au Chaudron Savoyard \u00e0 Cruet. Les municipalit\u00e9s de Saint-Pierre, Saint-Jean et Fr\u00eaterive \u00e9taient repr\u00e9sent\u00e9es et le maire de Cruet avait demand\u00e9 de l&rsquo;excuser, pris par une autre obligation. Une assembl\u00e9e &hellip; <\/p>\n<p><a class=\"more-link btn\" href=\"https:\/\/www.kananas.com\/comitedejumelagedesaintpierredalbigny\/2010\/10\/05\/assemblee-generale-2010-a-cruet\/\">Lire la suite<\/a><\/p>\n","protected":false},"author":1245,"featured_media":130,"comment_status":"open","ping_status":"open","sticky":false,"template":"","format":"standard","meta":{"_crdt_document":"","footnotes":""},"categories":[8],"tags":[15,24,29,36],"class_list":["post-27","post","type-post","status-publish","format-standard","has-post-thumbnail","hentry","category-manifestations-st-pierraines","tag-saint-pierre-et-canton","tag-manifestations-saint-pierraines","tag-reunions","tag-vie-statutaire-canton","item-wrap"],"_links":{"self":[{"href":"https:\/\/www.kananas.com\/comitedejumelagedesaintpierredalbigny\/wp-json\/wp\/v2\/posts\/27","targetHints":{"allow":["GET"]}}],"collection":[{"href":"https:\/\/www.kananas.com\/comitedejumelagedesaintpierredalbigny\/wp-json\/wp\/v2\/posts"}],"about":[{"href":"https:\/\/www.kananas.com\/comitedejumelagedesaintpierredalbigny\/wp-json\/wp\/v2\/types\/post"}],"author":[{"embeddable":true,"href":"https:\/\/www.kananas.com\/comitedejumelagedesaintpierredalbigny\/wp-json\/wp\/v2\/users\/1245"}],"replies":[{"embeddable":true,"href":"https:\/\/www.kananas.com\/comitedejumelagedesaintpierredalbigny\/wp-json\/wp\/v2\/comments?post=27"}],"version-history":[{"count":0,"href":"https:\/\/www.kananas.com\/comitedejumelagedesaintpierredalbigny\/wp-json\/wp\/v2\/posts\/27\/revisions"}],"wp:featuredmedia":[{"embeddable":true,"href":"https:\/\/www.kananas.com\/comitedejumelagedesaintpierredalbigny\/wp-json\/wp\/v2\/media\/130"}],"wp:attachment":[{"href":"https:\/\/www.kananas.com\/comitedejumelagedesaintpierredalbigny\/wp-json\/wp\/v2\/media?parent=27"}],"wp:term":[{"taxonomy":"category","embeddable":true,"href":"https:\/\/www.kananas.com\/comitedejumelagedesaintpierredalbigny\/wp-json\/wp\/v2\/categories?post=27"},{"taxonomy":"post_tag","embeddable":true,"href":"https:\/\/www.kananas.com\/comitedejumelagedesaintpierredalbigny\/wp-json\/wp\/v2\/tags?post=27"}],"curies":[{"name":"wp","href":"https:\/\/api.w.org\/{rel}","templated":true}]}}