{"id":271,"date":"2011-02-01T18:07:05","date_gmt":"2011-02-01T17:07:05","guid":{"rendered":"http:\/\/www.gestasso.com\/association\/comitedejumelagedesaintpierredalbigny\/?p=271"},"modified":"2011-02-01T18:07:05","modified_gmt":"2011-02-01T17:07:05","slug":"loto-dimanche-13-fevrier","status":"publish","type":"post","link":"https:\/\/www.kananas.com\/comitedejumelagedesaintpierredalbigny\/2011\/02\/01\/loto-dimanche-13-fevrier\/","title":{"rendered":"LOTO \u2013 Dimanche 13 f\u00e9vrier"},"content":{"rendered":"<p><a rel=\"attachment wp-att-273\" href=\"http:\/\/www.gestasso.com\/association\/comitedejumelagedesaintpierredalbigny\/2011\/02\/01\/loto-dimanche-13-fevrier\/201001141234_w350-2\/\"><img loading=\"lazy\" decoding=\"async\" class=\"aligncenter size-full wp-image-273\" src=\"http:\/\/www.kananas.com\/comitedejumelagedesaintpierredalbigny\/wp-content\/uploads\/sites\/1208\/2011\/02\/201001141234_w3501.jpg\" alt=\"\" width=\"350\" height=\"228\" srcset=\"https:\/\/www.kananas.com\/comitedejumelagedesaintpierredalbigny\/wp-content\/uploads\/sites\/1208\/2011\/02\/201001141234_w3501.jpg 350w, https:\/\/www.kananas.com\/comitedejumelagedesaintpierredalbigny\/wp-content\/uploads\/sites\/1208\/2011\/02\/201001141234_w3501-300x195.jpg 300w\" sizes=\"auto, (max-width: 350px) 100vw, 350px\" \/><\/a><\/p>\n<p>N&rsquo;oubliez pas de r\u00e9server votre apr\u00e8s-midi du <span style=\"color: #ff0000\">dimanche 13 f\u00e9vrier <span style=\"color: #333333\">prochain pour participer au Loto du Jumelage, \u00e0 partir de 14 heures 30 \u00e0 la salle polyvalente de La Treille. Nous accueillerons, cette ann\u00e9e, une d\u00e9l\u00e9gation du Comit\u00e9 de Jumelage de Stetten (la pr\u00e9sidente Sabine Urbanke, le vice-pr\u00e9sident Manfred Medinger et la tr\u00e9sori\u00e8re Inge Kurka) venus sp\u00e9cialement se rendre compte du d\u00e9roulement de cette manifestation fort peu connue en Allemagne et qui pourrait peut-\u00eatre, pourquoi pas s&rsquo;exporter \u00e0 Stetten&#8230;.<\/span><\/span><\/p>\n<p><span style=\"color: #ff0000\"><span style=\"color: #333333\">Comme chaque ann\u00e9e de nombreux lots (1er prix: une t\u00e9l\u00e9vision \u00e9cran plat de 82 cm, puis un s\u00e9jour d&rsquo;une semaine dans l&rsquo;H\u00e9rault, des aspirateurs professionnels,etc.).<\/span><\/span><\/p>\n<p><span style=\"color: #ff0000\"><span style=\"color: #333333\">Sans oublier nos exclusivit\u00e9s: la \u00ab\u00a0<em><span style=\"text-decoration: underline\"><span style=\"color: #0000ff\">Faites des gagnants<\/span><\/span><span style=\"color: #0000ff\"> <\/span><\/em><span style=\"color: #333333\">\u00a0\u00bb qui permet \u00e0 chaque gagnant de faire gagner une personne du sexe oppos\u00e9 et la \u00ab\u00a0<em><span style=\"text-decoration: underline\"><span style=\"color: #ff00ff\">Surprise de la Saint Valentin<\/span><\/span><\/em><span style=\"color: #333333\">\u00a0\u00bb r\u00e9serv\u00e9e aux couples.<\/span><\/span><\/span><\/span><\/p>\n<p><span style=\"color: #ff0000\"><span style=\"color: #333333\"><span style=\"color: #333333\"><span style=\"color: #333333\">Un bon moment en perspective.<\/span><\/span><\/span><\/span><\/p>\n<p><span style=\"color: #ff0000\"><span style=\"color: #333333\"><span style=\"color: #333333\"><span style=\"color: #333333\"><br \/>\n<\/span><\/span><\/span><\/span><\/p>\n","protected":false},"excerpt":{"rendered":"<p>N&rsquo;oubliez pas de r\u00e9server votre apr\u00e8s-midi du dimanche 13 f\u00e9vrier prochain pour participer au Loto du Jumelage, \u00e0 partir de 14 heures 30 \u00e0 la salle polyvalente de La Treille. Nous accueillerons, cette ann\u00e9e, une d\u00e9l\u00e9gation du Comit\u00e9 de Jumelage de Stetten (la pr\u00e9sidente Sabine Urbanke, le vice-pr\u00e9sident Manfred Medinger et la tr\u00e9sori\u00e8re Inge Kurka) &hellip; <\/p>\n<p><a class=\"more-link btn\" href=\"https:\/\/www.kananas.com\/comitedejumelagedesaintpierredalbigny\/2011\/02\/01\/loto-dimanche-13-fevrier\/\">Lire la suite<\/a><\/p>\n","protected":false},"author":1245,"featured_media":0,"comment_status":"open","ping_status":"open","sticky":false,"template":"","format":"standard","meta":{"_crdt_document":"","footnotes":""},"categories":[2,7,8],"tags":[15,21,23,24],"class_list":["post-271","post","type-post","status-publish","format-standard","hentry","category-accueil","category-infos","category-manifestations-st-pierraines","tag-saint-pierre-et-canton","tag-fetes","tag-loto","tag-manifestations-saint-pierraines","item-wrap"],"_links":{"self":[{"href":"https:\/\/www.kananas.com\/comitedejumelagedesaintpierredalbigny\/wp-json\/wp\/v2\/posts\/271","targetHints":{"allow":["GET"]}}],"collection":[{"href":"https:\/\/www.kananas.com\/comitedejumelagedesaintpierredalbigny\/wp-json\/wp\/v2\/posts"}],"about":[{"href":"https:\/\/www.kananas.com\/comitedejumelagedesaintpierredalbigny\/wp-json\/wp\/v2\/types\/post"}],"author":[{"embeddable":true,"href":"https:\/\/www.kananas.com\/comitedejumelagedesaintpierredalbigny\/wp-json\/wp\/v2\/users\/1245"}],"replies":[{"embeddable":true,"href":"https:\/\/www.kananas.com\/comitedejumelagedesaintpierredalbigny\/wp-json\/wp\/v2\/comments?post=271"}],"version-history":[{"count":0,"href":"https:\/\/www.kananas.com\/comitedejumelagedesaintpierredalbigny\/wp-json\/wp\/v2\/posts\/271\/revisions"}],"wp:attachment":[{"href":"https:\/\/www.kananas.com\/comitedejumelagedesaintpierredalbigny\/wp-json\/wp\/v2\/media?parent=271"}],"wp:term":[{"taxonomy":"category","embeddable":true,"href":"https:\/\/www.kananas.com\/comitedejumelagedesaintpierredalbigny\/wp-json\/wp\/v2\/categories?post=271"},{"taxonomy":"post_tag","embeddable":true,"href":"https:\/\/www.kananas.com\/comitedejumelagedesaintpierredalbigny\/wp-json\/wp\/v2\/tags?post=271"}],"curies":[{"name":"wp","href":"https:\/\/api.w.org\/{rel}","templated":true}]}}