{"id":3279,"date":"2019-05-11T10:52:50","date_gmt":"2019-05-11T08:52:50","guid":{"rendered":"http:\/\/www.kananas.com\/comitedejumelagedesaintpierredalbigny\/?p=3279"},"modified":"2019-05-11T10:52:50","modified_gmt":"2019-05-11T08:52:50","slug":"retour-sur-le-sejour-de-lecole-jeanne-darc-a-stetten","status":"publish","type":"post","link":"https:\/\/www.kananas.com\/comitedejumelagedesaintpierredalbigny\/2019\/05\/11\/retour-sur-le-sejour-de-lecole-jeanne-darc-a-stetten\/","title":{"rendered":"Retour sur le s\u00e9jour de l&rsquo;\u00e9cole Jeanne d&rsquo;Arc \u00e0 Stetten"},"content":{"rendered":"<div id=\"attachment_3276\" style=\"width: 869px\" class=\"wp-caption alignnone\"><img loading=\"lazy\" decoding=\"async\" aria-describedby=\"caption-attachment-3276\" class=\"wp-image-3276 size-full\" src=\"http:\/\/www.kananas.com\/comitedejumelagedesaintpierredalbigny\/wp-content\/uploads\/sites\/1208\/2011\/01\/Article-DL-1105.jpg\" alt=\"\" width=\"869\" height=\"427\" srcset=\"https:\/\/www.kananas.com\/comitedejumelagedesaintpierredalbigny\/wp-content\/uploads\/sites\/1208\/2011\/01\/Article-DL-1105.jpg 869w, https:\/\/www.kananas.com\/comitedejumelagedesaintpierredalbigny\/wp-content\/uploads\/sites\/1208\/2011\/01\/Article-DL-1105-300x147.jpg 300w, https:\/\/www.kananas.com\/comitedejumelagedesaintpierredalbigny\/wp-content\/uploads\/sites\/1208\/2011\/01\/Article-DL-1105-768x377.jpg 768w\" sizes=\"auto, (max-width: 869px) 100vw, 869px\" \/><p id=\"caption-attachment-3276\" class=\"wp-caption-text\">DL 10190511 : Thierry F.<\/p><\/div>\n","protected":false},"excerpt":{"rendered":"","protected":false},"author":1245,"featured_media":0,"comment_status":"open","ping_status":"open","sticky":false,"template":"","format":"standard","meta":{"_crdt_document":"","footnotes":""},"categories":[4],"tags":[11,19,20,27,31,35,37],"class_list":["post-3279","post","type-post","status-publish","format-standard","hentry","category-dans-la-presse","tag-activites-communes","tag-ecoles","tag-europe","tag-presse","tag-scolaires-2","tag-stetten","tag-voyages","item-wrap"],"_links":{"self":[{"href":"https:\/\/www.kananas.com\/comitedejumelagedesaintpierredalbigny\/wp-json\/wp\/v2\/posts\/3279","targetHints":{"allow":["GET"]}}],"collection":[{"href":"https:\/\/www.kananas.com\/comitedejumelagedesaintpierredalbigny\/wp-json\/wp\/v2\/posts"}],"about":[{"href":"https:\/\/www.kananas.com\/comitedejumelagedesaintpierredalbigny\/wp-json\/wp\/v2\/types\/post"}],"author":[{"embeddable":true,"href":"https:\/\/www.kananas.com\/comitedejumelagedesaintpierredalbigny\/wp-json\/wp\/v2\/users\/1245"}],"replies":[{"embeddable":true,"href":"https:\/\/www.kananas.com\/comitedejumelagedesaintpierredalbigny\/wp-json\/wp\/v2\/comments?post=3279"}],"version-history":[{"count":1,"href":"https:\/\/www.kananas.com\/comitedejumelagedesaintpierredalbigny\/wp-json\/wp\/v2\/posts\/3279\/revisions"}],"predecessor-version":[{"id":3280,"href":"https:\/\/www.kananas.com\/comitedejumelagedesaintpierredalbigny\/wp-json\/wp\/v2\/posts\/3279\/revisions\/3280"}],"wp:attachment":[{"href":"https:\/\/www.kananas.com\/comitedejumelagedesaintpierredalbigny\/wp-json\/wp\/v2\/media?parent=3279"}],"wp:term":[{"taxonomy":"category","embeddable":true,"href":"https:\/\/www.kananas.com\/comitedejumelagedesaintpierredalbigny\/wp-json\/wp\/v2\/categories?post=3279"},{"taxonomy":"post_tag","embeddable":true,"href":"https:\/\/www.kananas.com\/comitedejumelagedesaintpierredalbigny\/wp-json\/wp\/v2\/tags?post=3279"}],"curies":[{"name":"wp","href":"https:\/\/api.w.org\/{rel}","templated":true}]}}