{"id":3353,"date":"2020-03-18T09:37:27","date_gmt":"2020-03-18T08:37:27","guid":{"rendered":"http:\/\/www.kananas.com\/comitedejumelagedesaintpierredalbigny\/?p=3353"},"modified":"2021-03-27T09:44:02","modified_gmt":"2021-03-27T08:44:02","slug":"annulation-de-lassemblee-generale","status":"publish","type":"post","link":"https:\/\/www.kananas.com\/comitedejumelagedesaintpierredalbigny\/2020\/03\/18\/annulation-de-lassemblee-generale\/","title":{"rendered":"Annulation de l&rsquo;Assembl\u00e9e G\u00e9n\u00e9rale"},"content":{"rendered":"<p><img loading=\"lazy\" decoding=\"async\" class=\"alignnone size-large wp-image-3354\" src=\"http:\/\/www.kananas.com\/comitedejumelagedesaintpierredalbigny\/wp-content\/uploads\/sites\/1208\/2020\/03\/corona-nouveau-visuel-1024x614.jpg\" alt=\"\" width=\"750\" height=\"450\" srcset=\"https:\/\/www.kananas.com\/comitedejumelagedesaintpierredalbigny\/wp-content\/uploads\/sites\/1208\/2020\/03\/corona-nouveau-visuel-1024x614.jpg 1024w, https:\/\/www.kananas.com\/comitedejumelagedesaintpierredalbigny\/wp-content\/uploads\/sites\/1208\/2020\/03\/corona-nouveau-visuel-300x180.jpg 300w, https:\/\/www.kananas.com\/comitedejumelagedesaintpierredalbigny\/wp-content\/uploads\/sites\/1208\/2020\/03\/corona-nouveau-visuel-768x461.jpg 768w, https:\/\/www.kananas.com\/comitedejumelagedesaintpierredalbigny\/wp-content\/uploads\/sites\/1208\/2020\/03\/corona-nouveau-visuel.jpg 1150w\" sizes=\"auto, (max-width: 750px) 100vw, 750px\" \/><\/p>\n<p>Le Conseil d&rsquo;Administration, lors d&rsquo;une r\u00e9union virtuelle sur Internet, le vendredi 13 mars,\u00a0<b>s&rsquo;est prononc\u00e9 \u00e0 l&rsquo;unanimit\u00e9 pour un report de l&rsquo;Assembl\u00e9e\u00a0<\/b><b>G\u00e9n\u00e9rale<\/b> pr\u00e9vue le vendredi 20 mars 2020.\u00a0Dont acte<\/p>\n<p>Le Conseil d&rsquo;Administration et le Bureau restent donc en fonction jusqu&rsquo;\u00e0 ce que des \u00e9lections\u00a0puissent \u00eatre organis\u00e9es.<\/p>\n<p>Prenez soin de vous, prot\u00e9gez vous et RESTEZ CHEZ VOUS !<\/p>\n","protected":false},"excerpt":{"rendered":"<p>Le Conseil d&rsquo;Administration, lors d&rsquo;une r\u00e9union virtuelle sur Internet, le vendredi 13 mars,\u00a0s&rsquo;est prononc\u00e9 \u00e0 l&rsquo;unanimit\u00e9 pour un report de l&rsquo;Assembl\u00e9e\u00a0G\u00e9n\u00e9rale pr\u00e9vue le vendredi 20 mars 2020.\u00a0Dont acte Le Conseil d&rsquo;Administration et le Bureau restent donc en fonction jusqu&rsquo;\u00e0 ce que des \u00e9lections\u00a0puissent \u00eatre organis\u00e9es. Prenez soin de vous, prot\u00e9gez vous et RESTEZ CHEZ VOUS &hellip; <\/p>\n<p><a class=\"more-link btn\" href=\"https:\/\/www.kananas.com\/comitedejumelagedesaintpierredalbigny\/2020\/03\/18\/annulation-de-lassemblee-generale\/\">Lire la suite<\/a><\/p>\n","protected":false},"author":1245,"featured_media":0,"comment_status":"open","ping_status":"open","sticky":false,"template":"","format":"standard","meta":{"_crdt_document":"","footnotes":""},"categories":[2,42,6,7,1,43],"tags":[29,30,36],"class_list":["post-3353","post","type-post","status-publish","format-standard","hentry","category-accueil","category-covid","category-featured","category-infos","category-non-classe","category-rencontres-video","tag-reunions","tag-manifestations-st-pierraines","tag-vie-statutaire-canton","item-wrap"],"_links":{"self":[{"href":"https:\/\/www.kananas.com\/comitedejumelagedesaintpierredalbigny\/wp-json\/wp\/v2\/posts\/3353","targetHints":{"allow":["GET"]}}],"collection":[{"href":"https:\/\/www.kananas.com\/comitedejumelagedesaintpierredalbigny\/wp-json\/wp\/v2\/posts"}],"about":[{"href":"https:\/\/www.kananas.com\/comitedejumelagedesaintpierredalbigny\/wp-json\/wp\/v2\/types\/post"}],"author":[{"embeddable":true,"href":"https:\/\/www.kananas.com\/comitedejumelagedesaintpierredalbigny\/wp-json\/wp\/v2\/users\/1245"}],"replies":[{"embeddable":true,"href":"https:\/\/www.kananas.com\/comitedejumelagedesaintpierredalbigny\/wp-json\/wp\/v2\/comments?post=3353"}],"version-history":[{"count":1,"href":"https:\/\/www.kananas.com\/comitedejumelagedesaintpierredalbigny\/wp-json\/wp\/v2\/posts\/3353\/revisions"}],"predecessor-version":[{"id":3355,"href":"https:\/\/www.kananas.com\/comitedejumelagedesaintpierredalbigny\/wp-json\/wp\/v2\/posts\/3353\/revisions\/3355"}],"wp:attachment":[{"href":"https:\/\/www.kananas.com\/comitedejumelagedesaintpierredalbigny\/wp-json\/wp\/v2\/media?parent=3353"}],"wp:term":[{"taxonomy":"category","embeddable":true,"href":"https:\/\/www.kananas.com\/comitedejumelagedesaintpierredalbigny\/wp-json\/wp\/v2\/categories?post=3353"},{"taxonomy":"post_tag","embeddable":true,"href":"https:\/\/www.kananas.com\/comitedejumelagedesaintpierredalbigny\/wp-json\/wp\/v2\/tags?post=3353"}],"curies":[{"name":"wp","href":"https:\/\/api.w.org\/{rel}","templated":true}]}}