{"id":3495,"date":"2020-11-21T14:31:56","date_gmt":"2020-11-21T13:31:56","guid":{"rendered":"http:\/\/www.kananas.com\/comitedejumelagedesaintpierredalbigny\/?p=3495"},"modified":"2021-03-27T09:41:55","modified_gmt":"2021-03-27T08:41:55","slug":"et-si-lon-apprenait-a-se-connaitre-rencontre-virtuelle-avec-nos-amis-allemands","status":"publish","type":"post","link":"https:\/\/www.kananas.com\/comitedejumelagedesaintpierredalbigny\/2020\/11\/21\/et-si-lon-apprenait-a-se-connaitre-rencontre-virtuelle-avec-nos-amis-allemands\/","title":{"rendered":"\u00a0\u00bb Et si l&rsquo;on apprenait \u00e0 se conna\u00eetre\u00a0?\u00a0\u00bb, rencontre virtuelle avec nos amis allemands."},"content":{"rendered":"<p style=\"text-align: justify\"><span style=\"font-family: 'arial black', sans-serif;color: #3366ff\">Nous \u00e9tions 14 r\u00e9unis autour de nos \u00e9crans, de Saint-Pierre \u00e0 l&rsquo;Angleterre, de Stetten \u00e0 Albertville. Avec les diapos comme pr\u00e9texte, nous avons partager quelques anecdotes et puis \u00e9changer sur la situation sanitaire chez les uns et les autres. Pas facile de maitriser la prise de parole, les uns restent muets alors que d&rsquo;autres se montrent plus \u00e0 l&rsquo;aise, il nous faudra perfectionner nos interventions, pour parvenir \u00e0 de v\u00e9ritables \u00e9changes entre tous les participants&#8230;. Prochain rendez vous, le vendredi 11 d\u00e9cembre sur le th\u00e8me des f\u00eates de No\u00ebl. (toujours \u00e0 partir de 19 heures 30, \u00e0 l&rsquo;adresse<span class=\"s1\" style=\"font-size: 12pt\"> <span class=\"s2\"><b><a href=\"http:\/\/meet.google.com\/kgv-fcdg-gdz\">meet.google.com\/kgv-fcdg-gdz<\/a>), cette rencontre sera ouverte \u00e0 tous ceux qui voudront participer, m\u00eame au-del\u00e0 des Comit\u00e9s de Jumelage respectifs.<\/b><\/span><\/span><\/span><\/p>\n<p class=\"p1\" style=\"text-align: justify\"><span class=\"s1\" style=\"font-size: 10pt\">Nos Comit\u00e9s de Jumelage ont beaucoup annul\u00e9 en cette ann\u00e9e 2020\u00a0: accueil des \u00e9l\u00e8ves de Stetten \u00e0 l&rsquo;\u00e9cole Jeanne d&rsquo;Arc, voyage et s\u00e9jour commun dans le Jura, pr\u00e9sence au Forum des Associations, concert annuel d\u2019ArcluSingt (qui devait \u00eatre le 10e\u00a0du nom),\u00a0 tandis que les mairies annulaient aussi\u00a0: March\u00e9 de No\u00ebl \u00e0 St Pierre ou F\u00eate des rues \u00e0 Stetten.\u00a0<\/span><\/p>\n<p class=\"p1\" style=\"text-align: justify\"><span class=\"s1\" style=\"font-size: 10pt\">Nos relations s&rsquo;espacent et nous risquons de nous perdre de vue, c&rsquo;est pourquoi, en partenariat avec l&rsquo;Afape AuRA, nous vous proposons de nous retrouver virtuellement le<strong><span style=\"color: #008000\"> jeudi 26 novembre \u00e0 20 heures<\/span><\/strong> (connexion possible d\u00e8s 19 heures 30) pour d\u00e9couvrir tous ensemble, au travers d&rsquo;une rencontre virtuelle et ludique un aspect de notre quotidien en France et en Allemagne et plus g\u00e9n\u00e9ralement en Europe. Ce jeu se nomme, \u00a0\u00bb Et si l&rsquo;on apprenait \u00e0 se conna\u00eetre ?\u00a0\u00bb Pour ceux qui \u00e9taient \u00e0 la r\u00e9union virtuelle du 18 septembre dernier, nous l&rsquo;avions test\u00e9 \u00e0 la fin.<\/span><\/p>\n<div id=\"attachment_3500\" style=\"width: 150px\" class=\"wp-caption alignleft\"><img loading=\"lazy\" decoding=\"async\" aria-describedby=\"caption-attachment-3500\" class=\"size-thumbnail wp-image-3500\" src=\"http:\/\/www.kananas.com\/comitedejumelagedesaintpierredalbigny\/wp-content\/uploads\/sites\/1208\/2020\/11\/images-1-150x150.jpeg\" alt=\"\" width=\"150\" height=\"150\" \/><p id=\"caption-attachment-3500\" class=\"wp-caption-text\"><\/span> <span style=\"font-size: 10pt\">Dans la lign\u00e9e de \u00ab\u00a0Karambolage \u00a0\u00bb (ARTE, le dimanche \u00e0 20 h 30).<\/span><\/p><\/div>\n<p class=\"p1\" style=\"text-align: justify\"><span class=\"s1\"><span style=\"font-size: 10pt\">Nous nous int\u00e9resserons, en ce mois de novembre, aux <b>Salutations et \u00e0 la conduite automobile<\/b>. Il s&rsquo;agit de vous proposer un petit montage de 4 ou 5 devinettes\u00a0: une photo avec une question \u00a0\u00bb sommes nous en France ou en Allemagne? \u00a0\u00bb La r\u00e9ponse<\/span> <span style=\"font-size: 10pt\">est ensuite compl\u00e9t\u00e9e d&rsquo;une explication puis d&rsquo;un regard sur ce qui se passe sur le m\u00eame sujet dans d&rsquo;autres pays de l&rsquo;Union europ\u00e9enne. Chacun pourra s&rsquo;exprimer, dire quel <\/span><\/span><span class=\"s1\"><span style=\"font-size: 10pt\">souvenir \u00e7\u00e0 \u00e9voque pour lui, quelle anecdote il veut partager avec les autres participants, etc. Il s&rsquo;agit de passer un agr\u00e9able moment, de partager et peut-\u00eatre aussi d&rsquo;apprendre quelque chose sur nos voisins de mani\u00e8re agr\u00e9able.<\/span><\/span><\/p>\n<p class=\"p1\" style=\"text-align: justify\"><span class=\"s1\" style=\"font-size: 10pt\"><b>Comment \u00e7a marche\u00a0?<\/b><\/span><\/p>\n<p class=\"p1\" style=\"text-align: justify\"><span class=\"s1\" style=\"font-size: 10pt\">Le <b>jeudi 26 novembre \u00e0 partir de 19 heures 30<\/b>,connectez vous \u00e0 l&rsquo;adresse <a href=\"http:\/\/meet.google.com\/kgv-fcdg-gdz\"><span class=\"s2\"><b>meet.google.com\/kgv-fcdg-gdz<\/b><\/span><\/a><\/span><\/p>\n<p class=\"p1\" style=\"text-align: justify\"><span class=\"s1\" style=\"font-size: 10pt\">(Aucun risque\u00a0: aucune information n&rsquo;est conserv\u00e9e, connexion s\u00e9curis\u00e9e).\u00a0Demandez \u00e0 rejoindre la r\u00e9union, vous serez \u00ab\u00a0accept\u00e9\u00a0\u00bb.\u00a0Dur\u00e9e pr\u00e9vue, environ 1 heure \u00e0 compter de 20 heures.<\/span><\/p>\n<p>&nbsp;<\/p>\n","protected":false},"excerpt":{"rendered":"<p>Nous \u00e9tions 14 r\u00e9unis autour de nos \u00e9crans, de Saint-Pierre \u00e0 l&rsquo;Angleterre, de Stetten \u00e0 Albertville. Avec les diapos comme pr\u00e9texte, nous avons partager quelques anecdotes et puis \u00e9changer sur la situation sanitaire chez les uns et les autres. Pas facile de maitriser la prise de parole, les uns restent muets alors que d&rsquo;autres se &hellip; <\/p>\n<p><a class=\"more-link btn\" href=\"https:\/\/www.kananas.com\/comitedejumelagedesaintpierredalbigny\/2020\/11\/21\/et-si-lon-apprenait-a-se-connaitre-rencontre-virtuelle-avec-nos-amis-allemands\/\">Lire la suite<\/a><\/p>\n","protected":false},"author":1245,"featured_media":0,"comment_status":"open","ping_status":"open","sticky":false,"template":"","format":"standard","meta":{"_crdt_document":"","footnotes":""},"categories":[42,1,43],"tags":[11,20,29],"class_list":["post-3495","post","type-post","status-publish","format-standard","hentry","category-covid","category-non-classe","category-rencontres-video","tag-activites-communes","tag-europe","tag-reunions","item-wrap"],"_links":{"self":[{"href":"https:\/\/www.kananas.com\/comitedejumelagedesaintpierredalbigny\/wp-json\/wp\/v2\/posts\/3495","targetHints":{"allow":["GET"]}}],"collection":[{"href":"https:\/\/www.kananas.com\/comitedejumelagedesaintpierredalbigny\/wp-json\/wp\/v2\/posts"}],"about":[{"href":"https:\/\/www.kananas.com\/comitedejumelagedesaintpierredalbigny\/wp-json\/wp\/v2\/types\/post"}],"author":[{"embeddable":true,"href":"https:\/\/www.kananas.com\/comitedejumelagedesaintpierredalbigny\/wp-json\/wp\/v2\/users\/1245"}],"replies":[{"embeddable":true,"href":"https:\/\/www.kananas.com\/comitedejumelagedesaintpierredalbigny\/wp-json\/wp\/v2\/comments?post=3495"}],"version-history":[{"count":7,"href":"https:\/\/www.kananas.com\/comitedejumelagedesaintpierredalbigny\/wp-json\/wp\/v2\/posts\/3495\/revisions"}],"predecessor-version":[{"id":3504,"href":"https:\/\/www.kananas.com\/comitedejumelagedesaintpierredalbigny\/wp-json\/wp\/v2\/posts\/3495\/revisions\/3504"}],"wp:attachment":[{"href":"https:\/\/www.kananas.com\/comitedejumelagedesaintpierredalbigny\/wp-json\/wp\/v2\/media?parent=3495"}],"wp:term":[{"taxonomy":"category","embeddable":true,"href":"https:\/\/www.kananas.com\/comitedejumelagedesaintpierredalbigny\/wp-json\/wp\/v2\/categories?post=3495"},{"taxonomy":"post_tag","embeddable":true,"href":"https:\/\/www.kananas.com\/comitedejumelagedesaintpierredalbigny\/wp-json\/wp\/v2\/tags?post=3495"}],"curies":[{"name":"wp","href":"https:\/\/api.w.org\/{rel}","templated":true}]}}