{"id":3607,"date":"2021-05-30T09:26:58","date_gmt":"2021-05-30T07:26:58","guid":{"rendered":"http:\/\/www.kananas.com\/comitedejumelagedesaintpierredalbigny\/?p=3607"},"modified":"2021-05-30T09:37:48","modified_gmt":"2021-05-30T07:37:48","slug":"et-si-lon-apprenait-a-se-connaitre-5","status":"publish","type":"post","link":"https:\/\/www.kananas.com\/comitedejumelagedesaintpierredalbigny\/2021\/05\/30\/et-si-lon-apprenait-a-se-connaitre-5\/","title":{"rendered":"\u00ab\u00a0Et si l&rsquo;on apprenait \u00e0 se conna\u00eetre ?\u00a0\u00bb # 5"},"content":{"rendered":"<p style=\"text-align: justify\"><span style=\"color: #3366ff\"><span style=\"font-family: Liberation Sans, sans-serif\"><span style=\"font-size: small\"><span style=\"font-family: Comic Sans MS, cursive\"><span style=\"font-size: medium\"><img loading=\"lazy\" decoding=\"async\" class=\"wp-image-3613 alignleft\" src=\"http:\/\/www.kananas.com\/comitedejumelagedesaintpierredalbigny\/wp-content\/uploads\/sites\/1208\/2021\/05\/jours-feries-detente_25ba8d8be53c1cd424df5cd314be9d89-150x150.jpeg\" alt=\"\" width=\"202\" height=\"202\" \/><span style=\"color: #993366\">Apr\u00e8s cette rencontre, il faut f\u00e9liciter nos amis du Comit\u00e9 de Jumelage de Stetten qui \u00e9taient plus nombreux que nous&#8230;! Le rencontre fut, une fois encore, tr\u00e8s int\u00e9ressante, sur le th\u00e8me des Jours f\u00e9ri\u00e9s et nous nous sommes rendus compte, entre autres, que la France ne justifiait pas l&rsquo;id\u00e9e qui veut que nous soyons ceux qui travaillent le moins&#8230;! Nous avons aussi pu r\u00e9aliser qu&rsquo;en Allemagne (et dans de nombreux autres pays) les jours f\u00e9ri\u00e9s diff\u00e8rent selon que le Land est protestant ou catholique. Encore merci \u00e0 la petite vingtaine de participants (et aux sept excus\u00e9s !).<\/span><\/span><\/span><\/span><\/span><\/span><\/p>\n<p>\u2014\u2014\u2014\u2014\u2014\u2014\u2014\u2014\u2014\u2014\u2014\u2014\u2014\u2014\u2014\u2014\u2014\u2014\u2014\u2014\u2014\u2014\u2014\u2014\u2014\u2014\u2014\u2014\u2014\u2014\u2014\u2014\u2014\u2014\u2014\u2014\u2014\u2014\u2014\u2014\u2014\u2014\u2014\u2014\u2014\u2014\u2014\u2014\u2014\u2014\u2014\u2014\u2014\u2014<\/p>\n<p style=\"text-align: justify\"><span style=\"color: #3366ff\"><span style=\"font-family: Liberation Sans, sans-serif\"><span style=\"font-size: small\"><span style=\"font-family: Comic Sans MS, cursive\"><span style=\"font-size: medium\">M\u00eame\u00a0 si cela ne remplacera jamais une rencontre en <\/span><\/span><em><span style=\"font-family: Comic Sans MS, cursive\"><span style=\"font-size: medium\">pr\u00e9sentiel<\/span><\/span><\/em><span style=\"font-family: Comic Sans MS, cursive\"><span style=\"font-size: medium\">, retrouvons nous le <\/span><\/span><strong><span style=\"font-family: Comic Sans MS, cursive\"><span style=\"font-size: medium\">vendredi 28 mars 2021 \u00e0 19 heures 30<\/span><\/span><\/strong><span style=\"font-family: Comic Sans MS, cursive\"><span style=\"font-size: medium\"> (lien: <\/span><\/span><span style=\"font-family: Comic Sans MS, cursive\"><span style=\"font-size: medium\"><a style=\"color: #3366ff\" href=\"http:\/\/meet.google.com\/xfs-xjtr-thd\">meet.google.com\/xfs-xjtr-thd<\/a> <\/span><\/span><\/span><\/span><span style=\"font-size: small;font-family: 'Liberation Sans', sans-serif\"><span style=\"font-family: Comic Sans MS, cursive\"><span style=\"font-size: medium\">) pour une rencontre avec nos amis de Stetten sur un th\u00e8me que vous pourrez deviner gr\u00e2ce aux indices suivants <b>:<\/b><\/span><\/span><\/span><span class=\"\" style=\"font-family: 'comic sans ms', sans-serif;font-size: 12pt\">\u00a0 \ud83c\uddf8\ud83c\uddf0Slovaquie 15 (record d&rsquo;Europe),\u00a0 \ud83c\udde9\ud83c\uddeaAllemagne 11\u00a0 et \ud83c\uddeb\ud83c\uddf7France 10&#8230; <\/span><span style=\"font-family: 'comic sans ms', sans-serif;font-size: 10pt\"><span class=\"\"><i>(<\/i><i>Petite\u00a0aide:\u00a0<\/i><\/span><i>Ce ne sont pas les pronostics pour le prochain Euro de foot&#8230;!)<\/i><\/span><\/span><\/p>\n<p style=\"text-align: justify\" align=\"justify\"><span style=\"color: #3366ff\"><span style=\"font-family: Comic Sans MS, cursive\"><span style=\"font-size: medium\">En plus, c\u2019est une occasion de se revoir, de se donner des nouvelles, de passer un moment ensemble et plusieurs d\u2019entre vous ont souhait\u00e9 une nouvelle \u00e9dition de ces instants agr\u00e9ables \u201csi l\u2019on apprenait \u00e0 se conna\u00eetre ?\u201d.<\/span><\/span><\/span><\/p>\n<p style=\"text-align: justify\" align=\"justify\"><span style=\"color: #3366ff\"><span style=\"font-family: Comic Sans MS, cursive\"><span style=\"font-size: medium\">Et toujours, un grand <\/span><\/span><strong><span style=\"font-family: Comic Sans MS, cursive\"><span style=\"font-size: medium\">MERCI !<\/span><\/span><\/strong><span style=\"font-family: Comic Sans MS, cursive\"><span style=\"font-size: medium\"> \u00e0 H\u00e9l\u00e8ne et Raymond qui nous permettront de r\u00e9aliser cette rencontre.<\/span><\/span><\/span><\/p>\n<p style=\"text-align: justify\" align=\"justify\"><span style=\"color: #3366ff\"><span style=\"font-family: Comic Sans MS, cursive\"><span style=\"font-size: medium\">Si vous voulez inviter un(e) ami(e) \u00e0 d\u00e9couvrir le Comit\u00e9 de Jumelage sous cet aspect ludique, n\u2019h\u00e9sitez pas \u00e0 lui transmettre l\u2019invitation. <span style=\"font-size: 10pt\">(Aucun risque : aucune information n&rsquo;est conserv\u00e9e, connexion s\u00e9curis\u00e9e. Demandez \u00e0 rejoindre la r\u00e9union, vous serez \u00ab\u00a0accept\u00e9\u00a0\u00bb.\u00a0 Dur\u00e9e pr\u00e9vue, environ 1 heure.)<\/span><\/span><\/span><\/span><\/p>\n","protected":false},"excerpt":{"rendered":"<p>Apr\u00e8s cette rencontre, il faut f\u00e9liciter nos amis du Comit\u00e9 de Jumelage de Stetten qui \u00e9taient plus nombreux que nous&#8230;! Le rencontre fut, une fois encore, tr\u00e8s int\u00e9ressante, sur le th\u00e8me des Jours f\u00e9ri\u00e9s et nous nous sommes rendus compte, entre autres, que la France ne justifiait pas l&rsquo;id\u00e9e qui veut que nous soyons ceux &hellip; <\/p>\n<p><a class=\"more-link btn\" href=\"https:\/\/www.kananas.com\/comitedejumelagedesaintpierredalbigny\/2021\/05\/30\/et-si-lon-apprenait-a-se-connaitre-5\/\">Lire la suite<\/a><\/p>\n","protected":false},"author":1245,"featured_media":0,"comment_status":"open","ping_status":"open","sticky":false,"template":"","format":"standard","meta":{"_crdt_document":"","footnotes":""},"categories":[2,42,7,43],"tags":[11,41,20,22,29],"class_list":["post-3607","post","type-post","status-publish","format-standard","hentry","category-accueil","category-covid","category-infos","category-rencontres-video","tag-activites-communes","tag-covid","tag-europe","tag-langue-allemande","tag-reunions","item-wrap"],"_links":{"self":[{"href":"https:\/\/www.kananas.com\/comitedejumelagedesaintpierredalbigny\/wp-json\/wp\/v2\/posts\/3607","targetHints":{"allow":["GET"]}}],"collection":[{"href":"https:\/\/www.kananas.com\/comitedejumelagedesaintpierredalbigny\/wp-json\/wp\/v2\/posts"}],"about":[{"href":"https:\/\/www.kananas.com\/comitedejumelagedesaintpierredalbigny\/wp-json\/wp\/v2\/types\/post"}],"author":[{"embeddable":true,"href":"https:\/\/www.kananas.com\/comitedejumelagedesaintpierredalbigny\/wp-json\/wp\/v2\/users\/1245"}],"replies":[{"embeddable":true,"href":"https:\/\/www.kananas.com\/comitedejumelagedesaintpierredalbigny\/wp-json\/wp\/v2\/comments?post=3607"}],"version-history":[{"count":7,"href":"https:\/\/www.kananas.com\/comitedejumelagedesaintpierredalbigny\/wp-json\/wp\/v2\/posts\/3607\/revisions"}],"predecessor-version":[{"id":3624,"href":"https:\/\/www.kananas.com\/comitedejumelagedesaintpierredalbigny\/wp-json\/wp\/v2\/posts\/3607\/revisions\/3624"}],"wp:attachment":[{"href":"https:\/\/www.kananas.com\/comitedejumelagedesaintpierredalbigny\/wp-json\/wp\/v2\/media?parent=3607"}],"wp:term":[{"taxonomy":"category","embeddable":true,"href":"https:\/\/www.kananas.com\/comitedejumelagedesaintpierredalbigny\/wp-json\/wp\/v2\/categories?post=3607"},{"taxonomy":"post_tag","embeddable":true,"href":"https:\/\/www.kananas.com\/comitedejumelagedesaintpierredalbigny\/wp-json\/wp\/v2\/tags?post=3607"}],"curies":[{"name":"wp","href":"https:\/\/api.w.org\/{rel}","templated":true}]}}