{"id":3616,"date":"2021-05-27T11:21:56","date_gmt":"2021-05-27T09:21:56","guid":{"rendered":"http:\/\/www.kananas.com\/comitedejumelagedesaintpierredalbigny\/?p=3616"},"modified":"2021-06-03T18:11:50","modified_gmt":"2021-06-03T16:11:50","slug":"invitation-a-linauguration-virtuelle-du-lieu-de-commemoration-du-travail-obligatoire","status":"publish","type":"post","link":"https:\/\/www.kananas.com\/comitedejumelagedesaintpierredalbigny\/2021\/05\/27\/invitation-a-linauguration-virtuelle-du-lieu-de-commemoration-du-travail-obligatoire\/","title":{"rendered":"Invitation \u00e0 l\u2019inauguration virtuelle du lieu de comm\u00e9moration du Travail Obligatoire."},"content":{"rendered":"<h1><strong><span style=\"font-size: 18pt;color: #0000ff\">Invitation re\u00e7ue de la mairie de Kernen:<\/span><\/strong><\/h1>\n<p><img loading=\"lazy\" decoding=\"async\" class=\"aligncenter wp-image-3617\" style=\"margin-top: 6px\" src=\"http:\/\/www.kananas.com\/comitedejumelagedesaintpierredalbigny\/wp-content\/uploads\/sites\/1208\/2021\/05\/Capture-de\u0301cran-2021-05-27-a\u0300-11.14.47-1009x1024.png\" alt=\"\" width=\"500\" height=\"508\" srcset=\"https:\/\/www.kananas.com\/comitedejumelagedesaintpierredalbigny\/wp-content\/uploads\/sites\/1208\/2021\/05\/Capture-de\u0301cran-2021-05-27-a\u0300-11.14.47-1009x1024.png 1009w, https:\/\/www.kananas.com\/comitedejumelagedesaintpierredalbigny\/wp-content\/uploads\/sites\/1208\/2021\/05\/Capture-de\u0301cran-2021-05-27-a\u0300-11.14.47-296x300.png 296w, https:\/\/www.kananas.com\/comitedejumelagedesaintpierredalbigny\/wp-content\/uploads\/sites\/1208\/2021\/05\/Capture-de\u0301cran-2021-05-27-a\u0300-11.14.47-768x780.png 768w, https:\/\/www.kananas.com\/comitedejumelagedesaintpierredalbigny\/wp-content\/uploads\/sites\/1208\/2021\/05\/Capture-de\u0301cran-2021-05-27-a\u0300-11.14.47-1513x1536.png 1513w, https:\/\/www.kananas.com\/comitedejumelagedesaintpierredalbigny\/wp-content\/uploads\/sites\/1208\/2021\/05\/Capture-de\u0301cran-2021-05-27-a\u0300-11.14.47-750x761.png 750w, https:\/\/www.kananas.com\/comitedejumelagedesaintpierredalbigny\/wp-content\/uploads\/sites\/1208\/2021\/05\/Capture-de\u0301cran-2021-05-27-a\u0300-11.14.47.png 1582w\" sizes=\"auto, (max-width: 500px) 100vw, 500px\" \/><\/p>\n<p>le samedi 29 mai 2021 nous voulons organiser une vid\u00e9o en direct pour attirer l\u2019attention d\u2019un large public sur le lieu de comm\u00e9moration du travail obligatoire qui se trouve \u00e0 Kernen dans la vall\u00e9e de la Rems. Vous trouvez l\u2019invitation ci-jointe.<\/p>\n<p>Livestream: <a href=\"https:\/\/vimeo.com\/event\/971440\/embed\" target=\"_blank\" rel=\"noopener\" data-saferedirecturl=\"https:\/\/www.google.com\/url?q=https:\/\/vimeo.com\/event\/971440\/embed&amp;source=gmail&amp;ust=1622190976167000&amp;usg=AFQjCNG-kJwmfunBbxz6eCeP5hNu34tggw\">https:\/\/vimeo.com\/event\/9<\/a><a href=\"https:\/\/vimeo.com\/event\/971440\/embed\" target=\"_blank\" rel=\"noopener\" data-saferedirecturl=\"https:\/\/www.google.com\/url?q=https:\/\/vimeo.com\/event\/971440\/embed&amp;source=gmail&amp;ust=1622190976167000&amp;usg=AFQjCNG-kJwmfunBbxz6eCeP5hNu34tggw\">71440\/embed<\/a> ou\u00a0<a href=\"http:\/\/www.youtube.com\/\" target=\"_blank\" rel=\"noopener\" data-saferedirecturl=\"https:\/\/www.google.com\/url?q=http:\/\/www.youtube.com&amp;source=gmail&amp;ust=1622190976167000&amp;usg=AFQjCNEqm9VqBopaC4kwOilUKCDBbFz4Kw\">www.youtube.com<\/a>\u00a0&gt;&gt; kernen.kennenlernen<\/p>\n<p><strong><span style=\"font-size: 14pt;color: #0000ff\">Si vous le pouvez, nous vous invitons \u00e0 vous connecter pour repr\u00e9senter le Comit\u00e9 de Jumelage de Saint Pierre d&rsquo;Albigny.<\/span><\/strong><\/p>\n<p><span style=\"font-size: 14pt;color: #ff0000;font-family: 'trebuchet ms', geneva, sans-serif\">Courrier de monsieur Paulowitsch, reprenant la d\u00e9marche men\u00e9e au conseil municipal de Kernen et d\u00e9taillant la c\u00e9r\u00e9monie d&rsquo;inauguration:<\/span><\/p>\n<p><span style=\"font-family: verdana, geneva, sans-serif;font-size: 10pt\"><span style=\"color: #101010\"><b>Invitation<\/b><\/span><b> <\/b><span style=\"color: #101010\"><b>\u00e0<\/b><\/span><b> <\/b><span style=\"color: #101010\"><b>l\u2019inauguration<\/b><\/span><b> <\/b><span style=\"color: #101010\"><b>virtuelle<\/b><\/span><b> <\/b><span style=\"color: #101010\"><b>du<\/b><\/span><b> <\/b><span style=\"color: #101010\"><b>lieu<\/b><\/span><b> <\/b><span style=\"color: #101010\"><b>de<\/b><\/span><b> <\/b><span style=\"color: #101010\"><b>comm\u00e9moration<\/b><\/span><b> <\/b><span style=\"color: #101010\"><b>du<\/b><\/span><b> <\/b><span style=\"color: #101010\"><b>travail obligatoire le <\/b><\/span><span style=\"color: #101010\">samedi 29 mai 2021 de 14h30 \u00e0<\/span> <span style=\"color: #101010\">16h30<\/span><\/span><\/p>\n<p style=\"text-align: justify\"><span style=\"color: #101010;font-family: verdana, geneva, sans-serif;font-size: 10pt\">Bien chers Mesdames et Messieurs, chers Amies et Amis,<\/span><\/p>\n<p style=\"text-align: justify\"><span style=\"font-family: verdana, geneva, sans-serif;font-size: 10pt\"><span style=\"color: #101010\">le samedi 29 mai 2021 nous voulons organiser une vid\u00e9o en direct pour attirer l\u2019attention<\/span> <span style=\"color: #101010\">d\u2019un<\/span> <span style=\"color: #101010\">large<\/span> <span style=\"color: #101010\">public<\/span> <span style=\"color: #101010\">sur<\/span> <span style=\"color: #101010\">le<\/span> <span style=\"color: #101010\">lieu<\/span> <span style=\"color: #101010\">de<\/span> <span style=\"color: #101010\">comm\u00e9moration<\/span> <span style=\"color: #101010\">du<\/span> <span style=\"color: #101010\">travail<\/span> <span style=\"color: #101010\">obligatoire<\/span> <span style=\"color: #101010\">qui<\/span> <span style=\"color: #101010\">se trouve<\/span> <span style=\"color: #101010\">\u00e0<\/span> <span style=\"color: #101010\">Kernen<\/span> <span style=\"color: #101010\">dans<\/span> <span style=\"color: #101010\">la<\/span> <span style=\"color: #101010\">vall\u00e9e<\/span> <span style=\"color: #101010\">de<\/span> <span style=\"color: #101010\">la<\/span> <span style=\"color: #101010\">Rems.<\/span> <span style=\"color: #101010\">Vous<\/span> <span style=\"color: #101010\">trouvez<\/span> <span style=\"color: #101010\">l\u2019invitation<\/span> <span style=\"color: #101010\">ci-jointe.\u00a0<\/span><\/span><span style=\"font-family: verdana, geneva, sans-serif;font-size: 10pt\"><span style=\"color: #101010\">Dr.<\/span> <span style=\"color: #101010\">Christine<\/span> <span style=\"color: #101010\">Glauning<\/span> <span style=\"color: #101010\">du<\/span> <span style=\"color: #101010\">Centre<\/span> <span style=\"color: #101010\">de<\/span> <span style=\"color: #101010\">documentation<\/span> <span style=\"color: #101010\">Service<\/span> <span style=\"color: #101010\">du<\/span> <span style=\"color: #101010\">travail<\/span> <span style=\"color: #101010\">obligatoire<\/span> <span style=\"color: #101010\">nazi<\/span> <span style=\"color: #101010\">\u00e0 Berlin<\/span> <span style=\"color: #101010\">va<\/span> <span style=\"color: #101010\">dire<\/span> <span style=\"color: #101010\">quelques<\/span> <span style=\"color: #101010\">mots<\/span> <span style=\"color: #101010\">sur<\/span> <span style=\"color: #101010\">le<\/span> <span style=\"color: #101010\">th\u00e8me:<\/span> <span style=\"color: #101010\">\u201eEn<\/span> <span style=\"color: #101010\">plein<\/span> <span style=\"color: #101010\">milieu<\/span> <span style=\"color: #101010\">et<\/span> <span style=\"color: #101010\">de<\/span> <span style=\"color: #101010\">l\u2019ext\u00e9rieur<\/span> <span style=\"color: #101010\">(Acteurs<\/span> <span style=\"color: #101010\">et spectateurs). Travail obligatoire dans la soci\u00e9t\u00e9 nazie.\u201c Dr. Katrin Hammerstein va s\u2019exprimer<\/span> <span style=\"color: #101010\">sur<\/span> <span style=\"color: #101010\">le<\/span> <span style=\"color: #101010\">travail<\/span> <span style=\"color: #101010\">de<\/span> <span style=\"color: #101010\">comm\u00e9moration<\/span> <span style=\"color: #101010\">accompli<\/span> <span style=\"color: #101010\">en<\/span> <span style=\"color: #101010\">Bade-Wurtemberg<\/span> <span style=\"color: #101010\">et<\/span> <span style=\"color: #101010\">l\u2019historien Dr. Uwe Reiff va pr\u00e9senter un expos\u00e9 sur le th\u00e8me: \u201epriv\u00e9 de ses\u201ddroits \u2014asservi \u2014 proscrit. Travail obligatoire \u00e0 Kernen\u201c. Le groupe \u201eDuo Sept\u201c va accompagner cette <\/span><\/span>manifestation musicalement au Keyboard et au saxophone.\u00a0Dans la rue principale au num\u00e9ro 17 (ancienne mairie) \u00e0 Rommelshausen et dans la rue Hindenburg 43 \u00e0 Stetten pr\u00e8s de la Glockenkelter se trouve des st\u00e8les, monuments comm\u00e9moratifs accessibles au public. Les travailleurs for\u00e7ats logeaient \u00e0 Rommelshausen dans un ancien gymnase de l\u2019association de gymnastique des travailleurs dans la rue principale et \u00e0 Stetten dans l\u2019h\u00f4tel-restaurant L\u00f6wen dans la Lange Strasse, celui-ci n\u2019existe plus. Les travailleurs y \u00e9taient surveill\u00e9s, cherch\u00e9s le matin pour aller au travail et ramen\u00e9s le soir.<\/p>\n<p>Parmi les 151 travailleurs connus de nom \u00e0 Rommelshausen et \u00e0 Stetten se trouvaient des prisonniers de guerre ainsi que des travailleuses et travailleurs civils, qui venaient surtout de France, de Pologne et de Roumanie. Ils ont souffert de la faim, du froid, d&rsquo;humiliations, de discriminations et de la peur. Pour \u00e9voquer de fa\u00e7on digne la m\u00e9moire des violences subies par ces personnes, des citoyennes et citoyens de Kernen se sont engag\u00e9s avec insistance pour que des recherches sur ces travailleuses et travailleurs aient lieu. Depuis 2014 un groupe a commenc\u00e9 \u00e0 s\u2019organiser \u00e0 Kernen et, sous le nom de \u201eSoci\u00e9t\u00e9 d\u2019inter\u00eat \u00e0 un lieu de souvenir au travail obligatoire\u201c, a conseill\u00e9 la commune sur ce lieu de souvenir et par le moyen d\u2019un concours artistique a pu trouv\u00e9 en l\u2019artiste de Waiblingen, Michael Sch\u00e4fer, une personne capable de cr\u00e9er un monument digne d\u2019honorer les victimes. Ce groupe s\u2019est aussi investi pour que les textes des st\u00e8les soient traduits en fran\u00e7ais et en polonais.<\/p>\n<p>Dans la commune il y a eu des discussions pour savoir si un tel lieu devait honorer toutes les victimes d\u2019holocaustes, de guerre mondiale et de terreur entre 1933 et 1945. Apr\u00e8s de nombreuses controverses la majorit\u00e9 du conseil municipal a d\u00e9cid\u00e9 d\u2019honorer particuli\u00e8rement les travailleurs for\u00e7ats. Ce lieu de souvenir permet d\u2019\u00e9clairer l\u2019exp\u00e9rience de violence v\u00e9cue par ces travailleurs.<\/p>\n<p>Nous serions heureux si vous attiriez l\u2019attention des membres des Comit\u00e9s de Jumelage de St. Pierre d\u2019Albigny et de St. Rambert d\u2019Albon et d&rsquo;autres int\u00e9ress\u00e9s sur cette manifestation et si vous y participiez virtuellement. Nous vous y invitons tr\u00e8s cordialement!<\/p>\n<p>Benedikt Paulowitsch, Maire de Kernen im Remstal<\/p>\n","protected":false},"excerpt":{"rendered":"<p>Invitation re\u00e7ue de la mairie de Kernen: le samedi 29 mai 2021 nous voulons organiser une vid\u00e9o en direct pour attirer l\u2019attention d\u2019un large public sur le lieu de comm\u00e9moration du travail obligatoire qui se trouve \u00e0 Kernen dans la vall\u00e9e de la Rems. Vous trouvez l\u2019invitation ci-jointe. Livestream: https:\/\/vimeo.com\/event\/971440\/embed ou\u00a0www.youtube.com\u00a0&gt;&gt; kernen.kennenlernen Si vous le &hellip; <\/p>\n<p><a class=\"more-link btn\" href=\"https:\/\/www.kananas.com\/comitedejumelagedesaintpierredalbigny\/2021\/05\/27\/invitation-a-linauguration-virtuelle-du-lieu-de-commemoration-du-travail-obligatoire\/\">Lire la suite<\/a><\/p>\n","protected":false},"author":1245,"featured_media":0,"comment_status":"open","ping_status":"open","sticky":false,"template":"","format":"standard","meta":{"_crdt_document":"","footnotes":""},"categories":[2,5,43],"tags":[11,20,22,35],"class_list":["post-3616","post","type-post","status-publish","format-standard","hentry","category-accueil","category-en-direct-dallemagne","category-rencontres-video","tag-activites-communes","tag-europe","tag-langue-allemande","tag-stetten","item-wrap"],"_links":{"self":[{"href":"https:\/\/www.kananas.com\/comitedejumelagedesaintpierredalbigny\/wp-json\/wp\/v2\/posts\/3616","targetHints":{"allow":["GET"]}}],"collection":[{"href":"https:\/\/www.kananas.com\/comitedejumelagedesaintpierredalbigny\/wp-json\/wp\/v2\/posts"}],"about":[{"href":"https:\/\/www.kananas.com\/comitedejumelagedesaintpierredalbigny\/wp-json\/wp\/v2\/types\/post"}],"author":[{"embeddable":true,"href":"https:\/\/www.kananas.com\/comitedejumelagedesaintpierredalbigny\/wp-json\/wp\/v2\/users\/1245"}],"replies":[{"embeddable":true,"href":"https:\/\/www.kananas.com\/comitedejumelagedesaintpierredalbigny\/wp-json\/wp\/v2\/comments?post=3616"}],"version-history":[{"count":4,"href":"https:\/\/www.kananas.com\/comitedejumelagedesaintpierredalbigny\/wp-json\/wp\/v2\/posts\/3616\/revisions"}],"predecessor-version":[{"id":3625,"href":"https:\/\/www.kananas.com\/comitedejumelagedesaintpierredalbigny\/wp-json\/wp\/v2\/posts\/3616\/revisions\/3625"}],"wp:attachment":[{"href":"https:\/\/www.kananas.com\/comitedejumelagedesaintpierredalbigny\/wp-json\/wp\/v2\/media?parent=3616"}],"wp:term":[{"taxonomy":"category","embeddable":true,"href":"https:\/\/www.kananas.com\/comitedejumelagedesaintpierredalbigny\/wp-json\/wp\/v2\/categories?post=3616"},{"taxonomy":"post_tag","embeddable":true,"href":"https:\/\/www.kananas.com\/comitedejumelagedesaintpierredalbigny\/wp-json\/wp\/v2\/tags?post=3616"}],"curies":[{"name":"wp","href":"https:\/\/api.w.org\/{rel}","templated":true}]}}