{"id":4073,"date":"2024-01-15T11:27:15","date_gmt":"2024-01-15T10:27:15","guid":{"rendered":"https:\/\/www.kananas.com\/comitedejumelagedesaintpierredalbigny\/?p=4073"},"modified":"2024-01-15T11:32:23","modified_gmt":"2024-01-15T10:32:23","slug":"sous-le-signe-de-la-jeunesse","status":"publish","type":"post","link":"https:\/\/www.kananas.com\/comitedejumelagedesaintpierredalbigny\/2024\/01\/15\/sous-le-signe-de-la-jeunesse\/","title":{"rendered":"Sous le signe de la jeunesse."},"content":{"rendered":"<p>Comme chaque ann\u00e9e, le Comit\u00e9 de Jumelage de Saint Pierre d&rsquo;Albigny a commenc\u00e9 son cycle de \u00ab\u00a0petits d\u00e9jeuners allemands\u00a0\u00bb dans les \u00e9coles du canton. Apr\u00e8s Jeanne d&rsquo;Arc ce sera au tour de l&rsquo;\u00e9cole des Frontailles, puis les \u00e9coles des communes voisines.<\/p>\n<p>Avec l&rsquo;\u00e9volution pr\u00e9vue au coll\u00e8ge en direction de la langue allemande, cette initiative de notre association contribue \u00e0 favoriser l&rsquo;apprivoisement de cette langue r\u00e9put\u00e9e difficile et \u00ab\u00a0\u00e0 donner envie\u00a0\u00bb aux jeunes \u00e9l\u00e8ves.<\/p>\n<p>Vous pouvez voir d&rsquo;autres photos sur le site de l&rsquo;OGEC Jeanne-d&rsquo;Arc:\u00a0 <a href=\"https:\/\/spt.education\/cm2-petit-dejeuner-allemand\/\">https:\/\/spt.education\/cm2-petit-dejeuner-allemand\/<\/a><\/p>\n<div id=\"attachment_4074\" style=\"width: 750px\" class=\"wp-caption aligncenter\"><img loading=\"lazy\" decoding=\"async\" aria-describedby=\"caption-attachment-4074\" class=\"size-large wp-image-4074\" src=\"https:\/\/www.kananas.com\/comitedejumelagedesaintpierredalbigny\/wp-content\/uploads\/sites\/1208\/2024\/01\/Capture-decran-2024-01-15-a-11.16.22-1024x541.png\" alt=\"\" width=\"750\" height=\"396\" srcset=\"https:\/\/www.kananas.com\/comitedejumelagedesaintpierredalbigny\/wp-content\/uploads\/sites\/1208\/2024\/01\/Capture-decran-2024-01-15-a-11.16.22-1024x541.png 1024w, https:\/\/www.kananas.com\/comitedejumelagedesaintpierredalbigny\/wp-content\/uploads\/sites\/1208\/2024\/01\/Capture-decran-2024-01-15-a-11.16.22-300x158.png 300w, https:\/\/www.kananas.com\/comitedejumelagedesaintpierredalbigny\/wp-content\/uploads\/sites\/1208\/2024\/01\/Capture-decran-2024-01-15-a-11.16.22-768x406.png 768w, https:\/\/www.kananas.com\/comitedejumelagedesaintpierredalbigny\/wp-content\/uploads\/sites\/1208\/2024\/01\/Capture-decran-2024-01-15-a-11.16.22-1536x811.png 1536w, https:\/\/www.kananas.com\/comitedejumelagedesaintpierredalbigny\/wp-content\/uploads\/sites\/1208\/2024\/01\/Capture-decran-2024-01-15-a-11.16.22-2048x1081.png 2048w, https:\/\/www.kananas.com\/comitedejumelagedesaintpierredalbigny\/wp-content\/uploads\/sites\/1208\/2024\/01\/Capture-decran-2024-01-15-a-11.16.22-750x396.png 750w\" sizes=\"auto, (max-width: 750px) 100vw, 750px\" \/><p id=\"caption-attachment-4074\" class=\"wp-caption-text\">\u00a9 D.L. 15\/01\/24<\/p><\/div>\n","protected":false},"excerpt":{"rendered":"<p>Comme chaque ann\u00e9e, le Comit\u00e9 de Jumelage de Saint Pierre d&rsquo;Albigny a commenc\u00e9 son cycle de \u00ab\u00a0petits d\u00e9jeuners allemands\u00a0\u00bb dans les \u00e9coles du canton. Apr\u00e8s Jeanne d&rsquo;Arc ce sera au tour de l&rsquo;\u00e9cole des Frontailles, puis les \u00e9coles des communes voisines. Avec l&rsquo;\u00e9volution pr\u00e9vue au coll\u00e8ge en direction de la langue allemande, cette initiative de &hellip; <\/p>\n<p><a class=\"more-link btn\" href=\"https:\/\/www.kananas.com\/comitedejumelagedesaintpierredalbigny\/2024\/01\/15\/sous-le-signe-de-la-jeunesse\/\">Lire la suite<\/a><\/p>\n","protected":false},"author":1245,"featured_media":0,"comment_status":"open","ping_status":"open","sticky":false,"template":"","format":"standard","meta":{"_crdt_document":"","footnotes":""},"categories":[2,4,7,8,9],"tags":[15,19,22,24,26,30,31],"class_list":["post-4073","post","type-post","status-publish","format-standard","hentry","category-accueil","category-dans-la-presse","category-infos","category-manifestations-st-pierraines","category-scolaires","tag-saint-pierre-et-canton","tag-ecoles","tag-langue-allemande","tag-manifestations-saint-pierraines","tag-ecoles-petits-dejeuners-canton","tag-manifestations-st-pierraines","tag-scolaires-2","item-wrap"],"_links":{"self":[{"href":"https:\/\/www.kananas.com\/comitedejumelagedesaintpierredalbigny\/wp-json\/wp\/v2\/posts\/4073","targetHints":{"allow":["GET"]}}],"collection":[{"href":"https:\/\/www.kananas.com\/comitedejumelagedesaintpierredalbigny\/wp-json\/wp\/v2\/posts"}],"about":[{"href":"https:\/\/www.kananas.com\/comitedejumelagedesaintpierredalbigny\/wp-json\/wp\/v2\/types\/post"}],"author":[{"embeddable":true,"href":"https:\/\/www.kananas.com\/comitedejumelagedesaintpierredalbigny\/wp-json\/wp\/v2\/users\/1245"}],"replies":[{"embeddable":true,"href":"https:\/\/www.kananas.com\/comitedejumelagedesaintpierredalbigny\/wp-json\/wp\/v2\/comments?post=4073"}],"version-history":[{"count":3,"href":"https:\/\/www.kananas.com\/comitedejumelagedesaintpierredalbigny\/wp-json\/wp\/v2\/posts\/4073\/revisions"}],"predecessor-version":[{"id":4077,"href":"https:\/\/www.kananas.com\/comitedejumelagedesaintpierredalbigny\/wp-json\/wp\/v2\/posts\/4073\/revisions\/4077"}],"wp:attachment":[{"href":"https:\/\/www.kananas.com\/comitedejumelagedesaintpierredalbigny\/wp-json\/wp\/v2\/media?parent=4073"}],"wp:term":[{"taxonomy":"category","embeddable":true,"href":"https:\/\/www.kananas.com\/comitedejumelagedesaintpierredalbigny\/wp-json\/wp\/v2\/categories?post=4073"},{"taxonomy":"post_tag","embeddable":true,"href":"https:\/\/www.kananas.com\/comitedejumelagedesaintpierredalbigny\/wp-json\/wp\/v2\/tags?post=4073"}],"curies":[{"name":"wp","href":"https:\/\/api.w.org\/{rel}","templated":true}]}}