{"id":4217,"date":"2025-10-27T12:37:55","date_gmt":"2025-10-27T11:37:55","guid":{"rendered":"https:\/\/www.kananas.com\/comitedejumelagedesaintpierredalbigny\/?p=4217"},"modified":"2025-10-27T12:37:57","modified_gmt":"2025-10-27T11:37:57","slug":"venez-papoter","status":"publish","type":"post","link":"https:\/\/www.kananas.com\/comitedejumelagedesaintpierredalbigny\/2025\/10\/27\/venez-papoter\/","title":{"rendered":"Venez papoter !"},"content":{"rendered":"\n<div class=\"xdj266r x14z9mp xat24cr x1lziwak x1vvkbs x126k92a\">\n<div dir=\"auto\">Bonjour \u00e0 tous, Hallo zusammen !<\/div>\n<\/div>\n<div class=\"x14z9mp xat24cr x1lziwak x1vvkbs xtlvy1s x126k92a\">\n<div dir=\"auto\">Prochaine papote allemande le<\/div>\n<h3 dir=\"auto\"><span style=\"background-color: #ffff00\"><strong>mardi 4 novembre &#8211; Le p&rsquo;tit caf\u00e9<\/strong><\/span> <span class=\"html-span xexx8yu xyri2b x18d9i69 x1c1uobl x1hl2dhg x16tdsg8 x1vvkbs x3nfvp2 x1j61x8r x1fcty0u xdj266r xat24cr xm2jcoa x1mpyi22 xxymvpz xlup9mm x1kky2od\"><img loading=\"lazy\" decoding=\"async\" class=\"xz74otr x15mokao x1ga7v0g x16uus16 xbiv7yw\" src=\"https:\/\/static.xx.fbcdn.net\/images\/emoji.php\/v9\/t9b\/2\/16\/1f44d.png\" alt=\"\ud83d\udc4d\" width=\"16\" height=\"16\" \/><\/span><\/h3>\n<\/div>\n<div class=\"x14z9mp xat24cr x1lziwak x1vvkbs xtlvy1s x126k92a\">\n<div dir=\"auto\">Ich freue mich darauf.<\/div>\n<div dir=\"auto\">Bis bald Tsch\u00fcss<\/div>\n<div dir=\"auto\"><img loading=\"lazy\" decoding=\"async\" class=\"aligncenter size-full wp-image-4206\" src=\"https:\/\/www.kananas.com\/comitedejumelagedesaintpierredalbigny\/wp-content\/uploads\/sites\/1208\/2025\/10\/Capture-decran-2025-10-12-a-14.21.03.png\" alt=\"\" width=\"2448\" height=\"906\" srcset=\"https:\/\/www.kananas.com\/comitedejumelagedesaintpierredalbigny\/wp-content\/uploads\/sites\/1208\/2025\/10\/Capture-decran-2025-10-12-a-14.21.03.png 2448w, https:\/\/www.kananas.com\/comitedejumelagedesaintpierredalbigny\/wp-content\/uploads\/sites\/1208\/2025\/10\/Capture-decran-2025-10-12-a-14.21.03-300x111.png 300w, https:\/\/www.kananas.com\/comitedejumelagedesaintpierredalbigny\/wp-content\/uploads\/sites\/1208\/2025\/10\/Capture-decran-2025-10-12-a-14.21.03-1024x379.png 1024w, https:\/\/www.kananas.com\/comitedejumelagedesaintpierredalbigny\/wp-content\/uploads\/sites\/1208\/2025\/10\/Capture-decran-2025-10-12-a-14.21.03-768x284.png 768w, https:\/\/www.kananas.com\/comitedejumelagedesaintpierredalbigny\/wp-content\/uploads\/sites\/1208\/2025\/10\/Capture-decran-2025-10-12-a-14.21.03-1536x568.png 1536w, https:\/\/www.kananas.com\/comitedejumelagedesaintpierredalbigny\/wp-content\/uploads\/sites\/1208\/2025\/10\/Capture-decran-2025-10-12-a-14.21.03-2048x758.png 2048w, https:\/\/www.kananas.com\/comitedejumelagedesaintpierredalbigny\/wp-content\/uploads\/sites\/1208\/2025\/10\/Capture-decran-2025-10-12-a-14.21.03-50x19.png 50w, https:\/\/www.kananas.com\/comitedejumelagedesaintpierredalbigny\/wp-content\/uploads\/sites\/1208\/2025\/10\/Capture-decran-2025-10-12-a-14.21.03-1600x592.png 1600w, https:\/\/www.kananas.com\/comitedejumelagedesaintpierredalbigny\/wp-content\/uploads\/sites\/1208\/2025\/10\/Capture-decran-2025-10-12-a-14.21.03-750x278.png 750w\" sizes=\"auto, (max-width: 2448px) 100vw, 2448px\" \/><\/div>\n<\/div>\n\n\n\n\n","protected":false},"excerpt":{"rendered":"<p>Bonjour \u00e0 tous, Hallo zusammen ! Prochaine papote allemande le mardi 4 novembre &#8211; Le p&rsquo;tit caf\u00e9 Ich freue mich darauf. Bis bald Tsch\u00fcss<\/p>\n","protected":false},"author":1245,"featured_media":0,"comment_status":"open","ping_status":"open","sticky":false,"template":"","format":"standard","meta":{"_crdt_document":"","footnotes":""},"categories":[2,8],"tags":[],"class_list":["post-4217","post","type-post","status-publish","format-standard","hentry","category-accueil","category-manifestations-st-pierraines","item-wrap"],"_links":{"self":[{"href":"https:\/\/www.kananas.com\/comitedejumelagedesaintpierredalbigny\/wp-json\/wp\/v2\/posts\/4217","targetHints":{"allow":["GET"]}}],"collection":[{"href":"https:\/\/www.kananas.com\/comitedejumelagedesaintpierredalbigny\/wp-json\/wp\/v2\/posts"}],"about":[{"href":"https:\/\/www.kananas.com\/comitedejumelagedesaintpierredalbigny\/wp-json\/wp\/v2\/types\/post"}],"author":[{"embeddable":true,"href":"https:\/\/www.kananas.com\/comitedejumelagedesaintpierredalbigny\/wp-json\/wp\/v2\/users\/1245"}],"replies":[{"embeddable":true,"href":"https:\/\/www.kananas.com\/comitedejumelagedesaintpierredalbigny\/wp-json\/wp\/v2\/comments?post=4217"}],"version-history":[{"count":2,"href":"https:\/\/www.kananas.com\/comitedejumelagedesaintpierredalbigny\/wp-json\/wp\/v2\/posts\/4217\/revisions"}],"predecessor-version":[{"id":4219,"href":"https:\/\/www.kananas.com\/comitedejumelagedesaintpierredalbigny\/wp-json\/wp\/v2\/posts\/4217\/revisions\/4219"}],"wp:attachment":[{"href":"https:\/\/www.kananas.com\/comitedejumelagedesaintpierredalbigny\/wp-json\/wp\/v2\/media?parent=4217"}],"wp:term":[{"taxonomy":"category","embeddable":true,"href":"https:\/\/www.kananas.com\/comitedejumelagedesaintpierredalbigny\/wp-json\/wp\/v2\/categories?post=4217"},{"taxonomy":"post_tag","embeddable":true,"href":"https:\/\/www.kananas.com\/comitedejumelagedesaintpierredalbigny\/wp-json\/wp\/v2\/tags?post=4217"}],"curies":[{"name":"wp","href":"https:\/\/api.w.org\/{rel}","templated":true}]}}