{"id":4320,"date":"2026-09-05T13:17:28","date_gmt":"2026-09-05T11:17:28","guid":{"rendered":"https:\/\/www.kananas.com\/comitedejumelagedesaintpierredalbigny\/?p=4320"},"modified":"2026-09-05T13:25:13","modified_gmt":"2026-09-05T11:25:13","slug":"ca-recommence","status":"publish","type":"post","link":"https:\/\/www.kananas.com\/comitedejumelagedesaintpierredalbigny\/2026\/09\/05\/ca-recommence\/","title":{"rendered":"\u00c7\u00c0 RECOMMENCE&#8230;. !"},"content":{"rendered":"\n<p class=\"wp-block-paragraph\"><strong><mark>On vous attend d\u00e8s mardi.<\/mark><\/strong><br>Nathalie est remont\u00e9e \u00e0 bloc, elle a encore plus d&rsquo;id\u00e9es et cela promet des rencontres mensuelles pleine de bons moments, n&rsquo;h\u00e9sitez pas !<\/p>\n\n\n\n<figure class=\"wp-block-image size-full\"><img loading=\"lazy\" decoding=\"async\" width=\"595\" height=\"842\" src=\"https:\/\/www.kananas.com\/comitedejumelagedesaintpierredalbigny\/wp-content\/uploads\/sites\/1208\/2026\/09\/CamScanner-05-09-2026-09.15.jpg\" alt=\"\" class=\"wp-image-4321\" srcset=\"https:\/\/www.kananas.com\/comitedejumelagedesaintpierredalbigny\/wp-content\/uploads\/sites\/1208\/2026\/09\/CamScanner-05-09-2026-09.15.jpg 595w, https:\/\/www.kananas.com\/comitedejumelagedesaintpierredalbigny\/wp-content\/uploads\/sites\/1208\/2026\/09\/CamScanner-05-09-2026-09.15-50x71.jpg 50w, https:\/\/www.kananas.com\/comitedejumelagedesaintpierredalbigny\/wp-content\/uploads\/sites\/1208\/2026\/09\/CamScanner-05-09-2026-09.15-212x300.jpg 212w\" sizes=\"auto, (max-width: 595px) 100vw, 595px\" \/><\/figure>\n","protected":false},"excerpt":{"rendered":"<p>On vous attend d\u00e8s mardi.Nathalie est remont\u00e9e \u00e0 bloc, elle a encore plus d&rsquo;id\u00e9es et cela promet des rencontres mensuelles pleine de bons moments, n&rsquo;h\u00e9sitez pas !<\/p>\n","protected":false},"author":1245,"featured_media":0,"comment_status":"open","ping_status":"open","sticky":false,"template":"","format":"standard","meta":{"footnotes":""},"categories":[2,8],"tags":[22,24,30],"class_list":["post-4320","post","type-post","status-publish","format-standard","hentry","category-accueil","category-manifestations-st-pierraines","tag-langue-allemande","tag-manifestations-saint-pierraines","tag-manifestations-st-pierraines","item-wrap"],"_links":{"self":[{"href":"https:\/\/www.kananas.com\/comitedejumelagedesaintpierredalbigny\/wp-json\/wp\/v2\/posts\/4320","targetHints":{"allow":["GET"]}}],"collection":[{"href":"https:\/\/www.kananas.com\/comitedejumelagedesaintpierredalbigny\/wp-json\/wp\/v2\/posts"}],"about":[{"href":"https:\/\/www.kananas.com\/comitedejumelagedesaintpierredalbigny\/wp-json\/wp\/v2\/types\/post"}],"author":[{"embeddable":true,"href":"https:\/\/www.kananas.com\/comitedejumelagedesaintpierredalbigny\/wp-json\/wp\/v2\/users\/1245"}],"replies":[{"embeddable":true,"href":"https:\/\/www.kananas.com\/comitedejumelagedesaintpierredalbigny\/wp-json\/wp\/v2\/comments?post=4320"}],"version-history":[{"count":2,"href":"https:\/\/www.kananas.com\/comitedejumelagedesaintpierredalbigny\/wp-json\/wp\/v2\/posts\/4320\/revisions"}],"predecessor-version":[{"id":4324,"href":"https:\/\/www.kananas.com\/comitedejumelagedesaintpierredalbigny\/wp-json\/wp\/v2\/posts\/4320\/revisions\/4324"}],"wp:attachment":[{"href":"https:\/\/www.kananas.com\/comitedejumelagedesaintpierredalbigny\/wp-json\/wp\/v2\/media?parent=4320"}],"wp:term":[{"taxonomy":"category","embeddable":true,"href":"https:\/\/www.kananas.com\/comitedejumelagedesaintpierredalbigny\/wp-json\/wp\/v2\/categories?post=4320"},{"taxonomy":"post_tag","embeddable":true,"href":"https:\/\/www.kananas.com\/comitedejumelagedesaintpierredalbigny\/wp-json\/wp\/v2\/tags?post=4320"}],"curies":[{"name":"wp","href":"https:\/\/api.w.org\/{rel}","templated":true}]}}