{"id":437,"date":"2011-03-25T09:43:48","date_gmt":"2011-03-25T08:43:48","guid":{"rendered":"http:\/\/www.gestasso.com\/association\/comitedejumelagedesaintpierredalbigny\/?p=437"},"modified":"2011-03-25T09:43:48","modified_gmt":"2011-03-25T08:43:48","slug":"deces-de-monsieur-denis-riondy","status":"publish","type":"post","link":"https:\/\/www.kananas.com\/comitedejumelagedesaintpierredalbigny\/2011\/03\/25\/deces-de-monsieur-denis-riondy\/","title":{"rendered":"D\u00e9c\u00e8s de monsieur Denis Riondy."},"content":{"rendered":"<p><a rel=\"attachment wp-att-457\" href=\"http:\/\/www.gestasso.com\/association\/comitedejumelagedesaintpierredalbigny\/2011\/03\/25\/deces-de-monsieur-denis-riondy\/olympus-digital-camera-23\/\"><img loading=\"lazy\" decoding=\"async\" class=\"alignleft size-medium wp-image-457\" src=\"http:\/\/www.kananas.com\/comitedejumelagedesaintpierredalbigny\/wp-content\/uploads\/sites\/1208\/2011\/03\/denis-21a-190x300.jpg\" alt=\"\" width=\"190\" height=\"300\" srcset=\"https:\/\/www.kananas.com\/comitedejumelagedesaintpierredalbigny\/wp-content\/uploads\/sites\/1208\/2011\/03\/denis-21a-190x300.jpg 190w, https:\/\/www.kananas.com\/comitedejumelagedesaintpierredalbigny\/wp-content\/uploads\/sites\/1208\/2011\/03\/denis-21a.jpg 191w\" sizes=\"auto, (max-width: 190px) 100vw, 190px\" \/><\/a>Nous vous faisons part du d\u00e9c\u00e8s, dans sa 83\u00e8me ann\u00e9e, de monsieur Denis Riondy, pr\u00e9sident honoraire du Comit\u00e9 de Jumelage.<br \/>\nDenis \u00e9tait le \u00ab\u00a0p\u00e8re\u00a0\u00bb du Jumelage, pr\u00e9sent d\u00e8s la premi\u00e8re heure, il en fut le pr\u00e9sident jusqu&rsquo;en 1995.<br \/>\nIl \u00e9tait rest\u00e9 tr\u00e8s attach\u00e9 \u00e0 la vie de cette association.<\/p>\n<p>La s\u00e9pulture aura lieu demain, <strong>samedi 26 mars \u00e0 14 heures 30<\/strong> en pr\u00e9sence d&rsquo;une d\u00e9l\u00e9gation allemande venue de Stetten<a rel=\"attachment wp-att-438\" href=\"http:\/\/www.gestasso.com\/association\/comitedejumelagedesaintpierredalbigny\/2011\/03\/25\/deces-de-monsieur-denis-riondy\/deces2\/\"><img loading=\"lazy\" decoding=\"async\" class=\"alignleft size-medium wp-image-438\" src=\"http:\/\/www.kananas.com\/comitedejumelagedesaintpierredalbigny\/wp-content\/uploads\/sites\/1208\/2011\/03\/deces2-224x300.jpg\" alt=\"\" width=\"224\" height=\"300\" srcset=\"https:\/\/www.kananas.com\/comitedejumelagedesaintpierredalbigny\/wp-content\/uploads\/sites\/1208\/2011\/03\/deces2-224x300.jpg 224w, https:\/\/www.kananas.com\/comitedejumelagedesaintpierredalbigny\/wp-content\/uploads\/sites\/1208\/2011\/03\/deces2.jpg 280w\" sizes=\"auto, (max-width: 224px) 100vw, 224px\" \/><\/a>.<\/p>\n","protected":false},"excerpt":{"rendered":"<p>Nous vous faisons part du d\u00e9c\u00e8s, dans sa 83\u00e8me ann\u00e9e, de monsieur Denis Riondy, pr\u00e9sident honoraire du Comit\u00e9 de Jumelage. Denis \u00e9tait le \u00ab\u00a0p\u00e8re\u00a0\u00bb du Jumelage, pr\u00e9sent d\u00e8s la premi\u00e8re heure, il en fut le pr\u00e9sident jusqu&rsquo;en 1995. Il \u00e9tait rest\u00e9 tr\u00e8s attach\u00e9 \u00e0 la vie de cette association. La s\u00e9pulture aura lieu demain, samedi &hellip; <\/p>\n<p><a class=\"more-link btn\" href=\"https:\/\/www.kananas.com\/comitedejumelagedesaintpierredalbigny\/2011\/03\/25\/deces-de-monsieur-denis-riondy\/\">Lire la suite<\/a><\/p>\n","protected":false},"author":1245,"featured_media":0,"comment_status":"open","ping_status":"open","sticky":false,"template":"","format":"standard","meta":{"_crdt_document":"","footnotes":""},"categories":[7],"tags":[25],"class_list":["post-437","post","type-post","status-publish","format-standard","hentry","category-infos","tag-necrologie","item-wrap"],"_links":{"self":[{"href":"https:\/\/www.kananas.com\/comitedejumelagedesaintpierredalbigny\/wp-json\/wp\/v2\/posts\/437","targetHints":{"allow":["GET"]}}],"collection":[{"href":"https:\/\/www.kananas.com\/comitedejumelagedesaintpierredalbigny\/wp-json\/wp\/v2\/posts"}],"about":[{"href":"https:\/\/www.kananas.com\/comitedejumelagedesaintpierredalbigny\/wp-json\/wp\/v2\/types\/post"}],"author":[{"embeddable":true,"href":"https:\/\/www.kananas.com\/comitedejumelagedesaintpierredalbigny\/wp-json\/wp\/v2\/users\/1245"}],"replies":[{"embeddable":true,"href":"https:\/\/www.kananas.com\/comitedejumelagedesaintpierredalbigny\/wp-json\/wp\/v2\/comments?post=437"}],"version-history":[{"count":0,"href":"https:\/\/www.kananas.com\/comitedejumelagedesaintpierredalbigny\/wp-json\/wp\/v2\/posts\/437\/revisions"}],"wp:attachment":[{"href":"https:\/\/www.kananas.com\/comitedejumelagedesaintpierredalbigny\/wp-json\/wp\/v2\/media?parent=437"}],"wp:term":[{"taxonomy":"category","embeddable":true,"href":"https:\/\/www.kananas.com\/comitedejumelagedesaintpierredalbigny\/wp-json\/wp\/v2\/categories?post=437"},{"taxonomy":"post_tag","embeddable":true,"href":"https:\/\/www.kananas.com\/comitedejumelagedesaintpierredalbigny\/wp-json\/wp\/v2\/tags?post=437"}],"curies":[{"name":"wp","href":"https:\/\/api.w.org\/{rel}","templated":true}]}}