{"id":452,"date":"2011-04-09T08:20:18","date_gmt":"2011-04-09T06:20:18","guid":{"rendered":"http:\/\/www.gestasso.com\/association\/comitedejumelagedesaintpierredalbigny\/?p=452"},"modified":"2011-04-09T08:20:18","modified_gmt":"2011-04-09T06:20:18","slug":"voyage-a-stetten-mai-2011","status":"publish","type":"post","link":"https:\/\/www.kananas.com\/comitedejumelagedesaintpierredalbigny\/2011\/04\/09\/voyage-a-stetten-mai-2011\/","title":{"rendered":"Voyage \u00e0 Stetten annul\u00e9."},"content":{"rendered":"<p>Vu le nombre insuffisant de participants, <strong>le prochain d\u00e9placement \u00e0 Stetten pr\u00e9vu du 20 au 22 mai prochain<\/strong>, pour le 125\u00e8me anniversaire de l&rsquo;association musicale de Stetten <strong>est annul\u00e9<\/strong>. Pour des raisons financi\u00e8res, les musiciens de l&rsquo;harmonie saint-pierraine \u00ab\u00a0La Ga\u00eet\u00e9\u00a0\u00bb ne pouvaient plus participer au voyage.<\/p>\n<p>Seul le Bureau fera le d\u00e9placement pour une r\u00e9union de travail ax\u00e9e sur la pr\u00e9paration du 40\u00e8me anniversaire.<\/p>\n","protected":false},"excerpt":{"rendered":"<p>Vu le nombre insuffisant de participants, le prochain d\u00e9placement \u00e0 Stetten pr\u00e9vu du 20 au 22 mai prochain, pour le 125\u00e8me anniversaire de l&rsquo;association musicale de Stetten est annul\u00e9. Pour des raisons financi\u00e8res, les musiciens de l&rsquo;harmonie saint-pierraine \u00ab\u00a0La Ga\u00eet\u00e9\u00a0\u00bb ne pouvaient plus participer au voyage. Seul le Bureau fera le d\u00e9placement pour une r\u00e9union &hellip; <\/p>\n<p><a class=\"more-link btn\" href=\"https:\/\/www.kananas.com\/comitedejumelagedesaintpierredalbigny\/2011\/04\/09\/voyage-a-stetten-mai-2011\/\">Lire la suite<\/a><\/p>\n","protected":false},"author":1245,"featured_media":0,"comment_status":"open","ping_status":"open","sticky":false,"template":"","format":"standard","meta":{"_crdt_document":"","footnotes":""},"categories":[2,8],"tags":[11,21,29,35,37],"class_list":["post-452","post","type-post","status-publish","format-standard","hentry","category-accueil","category-manifestations-st-pierraines","tag-activites-communes","tag-fetes","tag-reunions","tag-stetten","tag-voyages","item-wrap"],"_links":{"self":[{"href":"https:\/\/www.kananas.com\/comitedejumelagedesaintpierredalbigny\/wp-json\/wp\/v2\/posts\/452","targetHints":{"allow":["GET"]}}],"collection":[{"href":"https:\/\/www.kananas.com\/comitedejumelagedesaintpierredalbigny\/wp-json\/wp\/v2\/posts"}],"about":[{"href":"https:\/\/www.kananas.com\/comitedejumelagedesaintpierredalbigny\/wp-json\/wp\/v2\/types\/post"}],"author":[{"embeddable":true,"href":"https:\/\/www.kananas.com\/comitedejumelagedesaintpierredalbigny\/wp-json\/wp\/v2\/users\/1245"}],"replies":[{"embeddable":true,"href":"https:\/\/www.kananas.com\/comitedejumelagedesaintpierredalbigny\/wp-json\/wp\/v2\/comments?post=452"}],"version-history":[{"count":0,"href":"https:\/\/www.kananas.com\/comitedejumelagedesaintpierredalbigny\/wp-json\/wp\/v2\/posts\/452\/revisions"}],"wp:attachment":[{"href":"https:\/\/www.kananas.com\/comitedejumelagedesaintpierredalbigny\/wp-json\/wp\/v2\/media?parent=452"}],"wp:term":[{"taxonomy":"category","embeddable":true,"href":"https:\/\/www.kananas.com\/comitedejumelagedesaintpierredalbigny\/wp-json\/wp\/v2\/categories?post=452"},{"taxonomy":"post_tag","embeddable":true,"href":"https:\/\/www.kananas.com\/comitedejumelagedesaintpierredalbigny\/wp-json\/wp\/v2\/tags?post=452"}],"curies":[{"name":"wp","href":"https:\/\/api.w.org\/{rel}","templated":true}]}}