{"id":628,"date":"2011-05-24T15:55:30","date_gmt":"2011-05-24T13:55:30","guid":{"rendered":"http:\/\/www.gestasso.com\/association\/comitedejumelagedesaintpierredalbigny\/?p=628"},"modified":"2011-05-24T15:55:30","modified_gmt":"2011-05-24T13:55:30","slug":"reunion-de-travail-et-125-ans-de-la-musique-a-stetten","status":"publish","type":"post","link":"https:\/\/www.kananas.com\/comitedejumelagedesaintpierredalbigny\/2011\/05\/24\/reunion-de-travail-et-125-ans-de-la-musique-a-stetten\/","title":{"rendered":"R\u00e9union de travail et 125 ans de la musique \u00e0 Stetten."},"content":{"rendered":"<p style=\"text-align: justify\"><a rel=\"attachment wp-att-634\" href=\"http:\/\/www.gestasso.com\/association\/comitedejumelagedesaintpierredalbigny\/2011\/05\/24\/reunion-de-travail-et-125-ans-de-la-musique-a-stetten\/le-char\/\"><img loading=\"lazy\" decoding=\"async\" class=\"alignleft size-medium wp-image-634\" src=\"http:\/\/www.kananas.com\/comitedejumelagedesaintpierredalbigny\/wp-content\/uploads\/sites\/1208\/2011\/05\/Le-char-300x182.jpg\" alt=\"\" width=\"300\" height=\"182\" srcset=\"https:\/\/www.kananas.com\/comitedejumelagedesaintpierredalbigny\/wp-content\/uploads\/sites\/1208\/2011\/05\/Le-char-300x182.jpg 300w, https:\/\/www.kananas.com\/comitedejumelagedesaintpierredalbigny\/wp-content\/uploads\/sites\/1208\/2011\/05\/Le-char-768x467.jpg 768w, https:\/\/www.kananas.com\/comitedejumelagedesaintpierredalbigny\/wp-content\/uploads\/sites\/1208\/2011\/05\/Le-char-1024x623.jpg 1024w\" sizes=\"auto, (max-width: 300px) 100vw, 300px\" \/><\/a>Les membres du Bureau du Comit\u00e9 de Jumelage et quelques adh\u00e9rents se sont rendus \u00e0 Stetten, \u00e0 l&rsquo;occasion des f\u00eates du 125\u00e8me anniversaire de la \u00ab\u00a0Musikverein\u00a0\u00bb.<br \/>\nUne r\u00e9union de travail entre les deux bureaux a permis d&rsquo;avancer sur les activit\u00e9s de la fin de l&rsquo;ann\u00e9e: en particulier la venue \u00e0 St Pierre, du 1er au 3 octobre de la chorale de l&rsquo;\u00e9glise protestante, invit\u00e9e par les M\u00e9nestrels de Miolans.<br \/>\nD&rsquo;ores et d\u00e9j\u00e0 les id\u00e9es ont fus\u00e9es sur la fa\u00e7on de c\u00e9l\u00e9brer le 40\u00e8me anniversaire du jumelage entre nos deux communes. Celui ci sera f\u00eat\u00e9 \u00e0 Stetten en 2012 et \u00e0 St Pierre en 2013. Si vous souhaitez participer \u00e0 cet important moment dans la vie de notre commune, vous pouvez d\u00e8s \u00e0 pr\u00e9sent vous faire conna\u00eetre.<br \/>\nApr\u00e8s le travail, la place fut laiss\u00e9e \u00e0 la f\u00eate, avec une soir\u00e9e musicale anim\u00e9e par les diff\u00e9rentes associations de Stetten, durant laquelle le Comit\u00e9 de Jumelage a offert une reproduction d&rsquo;une carte postale plus que centenaire de la fanfare de St Pierre. Le dimanche, la d\u00e9l\u00e9gation saint-pierrainne a particip\u00e9 au d\u00e9fil\u00e9 \u00e0 travers les rues avant de reprendre la route vers la Savoie.<\/p>\n<p style=\"text-align: justify\">Vous pouvez voir l&rsquo;article du Dauphin\u00e9 dans la rubrique \u00ab\u00a0a travers la presse\u00a0\u00bb.<\/p>\n\n\t\t<style type=\"text\/css\">\n\t\t\t#gallery-1 {\n\t\t\t\tmargin: auto;\n\t\t\t}\n\t\t\t#gallery-1 .gallery-item {\n\t\t\t\tfloat: left;\n\t\t\t\tmargin-top: 10px;\n\t\t\t\ttext-align: center;\n\t\t\t\twidth: 33%;\n\t\t\t}\n\t\t\t#gallery-1 img {\n\t\t\t\tborder: 2px solid #cfcfcf;\n\t\t\t}\n\t\t\t#gallery-1 .gallery-caption {\n\t\t\t\tmargin-left: 0;\n\t\t\t}\n\t\t\t\/* see gallery_shortcode() in wp-includes\/media.php *\/\n\t\t<\/style>\n\t\t<div id='gallery-1' class='gallery galleryid-628 gallery-columns-3 gallery-size-thumbnail'><dl class='gallery-item'>\n\t\t\t<dt class='gallery-icon landscape'>\n\t\t\t\t<a href='https:\/\/www.kananas.com\/comitedejumelagedesaintpierredalbigny\/wp-content\/uploads\/sites\/1208\/2011\/05\/Cadeau-\u00e0-la-musique.jpg'><img loading=\"lazy\" decoding=\"async\" width=\"150\" height=\"150\" src=\"https:\/\/www.kananas.com\/comitedejumelagedesaintpierredalbigny\/wp-content\/uploads\/sites\/1208\/2011\/05\/Cadeau-\u00e0-la-musique-150x150.jpg\" class=\"attachment-thumbnail size-thumbnail\" alt=\"\" \/><\/a>\n\t\t\t<\/dt><\/dl><dl class='gallery-item'>\n\t\t\t<dt class='gallery-icon landscape'>\n\t\t\t\t<a href='https:\/\/www.kananas.com\/comitedejumelagedesaintpierredalbigny\/wp-content\/uploads\/sites\/1208\/2011\/05\/Cadeau.jpg'><img loading=\"lazy\" decoding=\"async\" width=\"150\" height=\"150\" src=\"https:\/\/www.kananas.com\/comitedejumelagedesaintpierredalbigny\/wp-content\/uploads\/sites\/1208\/2011\/05\/Cadeau-150x150.jpg\" class=\"attachment-thumbnail size-thumbnail\" alt=\"\" \/><\/a>\n\t\t\t<\/dt><\/dl><dl class='gallery-item'>\n\t\t\t<dt class='gallery-icon landscape'>\n\t\t\t\t<a href='https:\/\/www.kananas.com\/comitedejumelagedesaintpierredalbigny\/wp-content\/uploads\/sites\/1208\/2011\/05\/DSCF1298.jpg'><img loading=\"lazy\" decoding=\"async\" width=\"150\" height=\"150\" src=\"https:\/\/www.kananas.com\/comitedejumelagedesaintpierredalbigny\/wp-content\/uploads\/sites\/1208\/2011\/05\/DSCF1298-150x150.jpg\" class=\"attachment-thumbnail size-thumbnail\" alt=\"\" \/><\/a>\n\t\t\t<\/dt><\/dl><br style=\"clear: both\" \/><dl class='gallery-item'>\n\t\t\t<dt class='gallery-icon landscape'>\n\t\t\t\t<a href='https:\/\/www.kananas.com\/comitedejumelagedesaintpierredalbigny\/wp-content\/uploads\/sites\/1208\/2011\/05\/Le-char.jpg'><img loading=\"lazy\" decoding=\"async\" width=\"150\" height=\"150\" src=\"https:\/\/www.kananas.com\/comitedejumelagedesaintpierredalbigny\/wp-content\/uploads\/sites\/1208\/2011\/05\/Le-char-150x150.jpg\" class=\"attachment-thumbnail size-thumbnail\" alt=\"\" \/><\/a>\n\t\t\t<\/dt><\/dl><dl class='gallery-item'>\n\t\t\t<dt class='gallery-icon landscape'>\n\t\t\t\t<a href='https:\/\/www.kananas.com\/comitedejumelagedesaintpierredalbigny\/wp-content\/uploads\/sites\/1208\/2011\/05\/R\u00e9union-de-travail.jpg'><img loading=\"lazy\" decoding=\"async\" width=\"150\" height=\"150\" src=\"https:\/\/www.kananas.com\/comitedejumelagedesaintpierredalbigny\/wp-content\/uploads\/sites\/1208\/2011\/05\/R\u00e9union-de-travail-150x150.jpg\" class=\"attachment-thumbnail size-thumbnail\" alt=\"\" \/><\/a>\n\t\t\t<\/dt><\/dl><dl class='gallery-item'>\n\t\t\t<dt class='gallery-icon landscape'>\n\t\t\t\t<a href='https:\/\/www.kananas.com\/comitedejumelagedesaintpierredalbigny\/wp-content\/uploads\/sites\/1208\/2011\/05\/DSCF1313.jpg'><img loading=\"lazy\" decoding=\"async\" width=\"150\" height=\"150\" src=\"https:\/\/www.kananas.com\/comitedejumelagedesaintpierredalbigny\/wp-content\/uploads\/sites\/1208\/2011\/05\/DSCF1313-150x150.jpg\" class=\"attachment-thumbnail size-thumbnail\" alt=\"\" \/><\/a>\n\t\t\t<\/dt><\/dl><br style=\"clear: both\" \/><dl class='gallery-item'>\n\t\t\t<dt class='gallery-icon landscape'>\n\t\t\t\t<a href='https:\/\/www.kananas.com\/comitedejumelagedesaintpierredalbigny\/wp-content\/uploads\/sites\/1208\/2011\/05\/DSCF1320.jpg'><img loading=\"lazy\" decoding=\"async\" width=\"150\" height=\"150\" src=\"https:\/\/www.kananas.com\/comitedejumelagedesaintpierredalbigny\/wp-content\/uploads\/sites\/1208\/2011\/05\/DSCF1320-150x150.jpg\" class=\"attachment-thumbnail size-thumbnail\" alt=\"\" \/><\/a>\n\t\t\t<\/dt><\/dl><dl class='gallery-item'>\n\t\t\t<dt class='gallery-icon landscape'>\n\t\t\t\t<a href='https:\/\/www.kananas.com\/comitedejumelagedesaintpierredalbigny\/wp-content\/uploads\/sites\/1208\/2011\/05\/DSCF13261.jpg'><img loading=\"lazy\" decoding=\"async\" width=\"150\" height=\"150\" src=\"https:\/\/www.kananas.com\/comitedejumelagedesaintpierredalbigny\/wp-content\/uploads\/sites\/1208\/2011\/05\/DSCF13261-150x150.jpg\" class=\"attachment-thumbnail size-thumbnail\" alt=\"\" \/><\/a>\n\t\t\t<\/dt><\/dl>\n\t\t\t<br style='clear: both' \/>\n\t\t<\/div>\n\n<p style=\"text-align: justify\">Cliquer sur la photo pour la voir en entier.<\/p>\n<p style=\"text-align: justify\"><a rel=\"attachment wp-att-631\" href=\"http:\/\/www.gestasso.com\/association\/comitedejumelagedesaintpierredalbigny\/2011\/05\/24\/reunion-de-travail-et-125-ans-de-la-musique-a-stetten\/dscf1298\/\"><\/a><\/p>\n","protected":false},"excerpt":{"rendered":"<p>Les membres du Bureau du Comit\u00e9 de Jumelage et quelques adh\u00e9rents se sont rendus \u00e0 Stetten, \u00e0 l&rsquo;occasion des f\u00eates du 125\u00e8me anniversaire de la \u00ab\u00a0Musikverein\u00a0\u00bb. Une r\u00e9union de travail entre les deux bureaux a permis d&rsquo;avancer sur les activit\u00e9s de la fin de l&rsquo;ann\u00e9e: en particulier la venue \u00e0 St Pierre, du 1er au &hellip; <\/p>\n<p><a class=\"more-link btn\" href=\"https:\/\/www.kananas.com\/comitedejumelagedesaintpierredalbigny\/2011\/05\/24\/reunion-de-travail-et-125-ans-de-la-musique-a-stetten\/\">Lire la suite<\/a><\/p>\n","protected":false},"author":1245,"featured_media":0,"comment_status":"open","ping_status":"open","sticky":false,"template":"","format":"standard","meta":{"_crdt_document":"","footnotes":""},"categories":[2,5,10],"tags":[11,29,35,37],"class_list":["post-628","post","type-post","status-publish","format-standard","hentry","category-accueil","category-en-direct-dallemagne","category-voyages","tag-activites-communes","tag-reunions","tag-stetten","tag-voyages","item-wrap"],"_links":{"self":[{"href":"https:\/\/www.kananas.com\/comitedejumelagedesaintpierredalbigny\/wp-json\/wp\/v2\/posts\/628","targetHints":{"allow":["GET"]}}],"collection":[{"href":"https:\/\/www.kananas.com\/comitedejumelagedesaintpierredalbigny\/wp-json\/wp\/v2\/posts"}],"about":[{"href":"https:\/\/www.kananas.com\/comitedejumelagedesaintpierredalbigny\/wp-json\/wp\/v2\/types\/post"}],"author":[{"embeddable":true,"href":"https:\/\/www.kananas.com\/comitedejumelagedesaintpierredalbigny\/wp-json\/wp\/v2\/users\/1245"}],"replies":[{"embeddable":true,"href":"https:\/\/www.kananas.com\/comitedejumelagedesaintpierredalbigny\/wp-json\/wp\/v2\/comments?post=628"}],"version-history":[{"count":0,"href":"https:\/\/www.kananas.com\/comitedejumelagedesaintpierredalbigny\/wp-json\/wp\/v2\/posts\/628\/revisions"}],"wp:attachment":[{"href":"https:\/\/www.kananas.com\/comitedejumelagedesaintpierredalbigny\/wp-json\/wp\/v2\/media?parent=628"}],"wp:term":[{"taxonomy":"category","embeddable":true,"href":"https:\/\/www.kananas.com\/comitedejumelagedesaintpierredalbigny\/wp-json\/wp\/v2\/categories?post=628"},{"taxonomy":"post_tag","embeddable":true,"href":"https:\/\/www.kananas.com\/comitedejumelagedesaintpierredalbigny\/wp-json\/wp\/v2\/tags?post=628"}],"curies":[{"name":"wp","href":"https:\/\/api.w.org\/{rel}","templated":true}]}}