{"id":1,"date":"2023-06-25T22:53:53","date_gmt":"2023-06-25T20:53:53","guid":{"rendered":"https:\/\/www.kananas.com\/meusevergerstraditions7563\/?p=1"},"modified":"2023-07-09T05:25:34","modified_gmt":"2023-07-09T03:25:34","slug":"sotres-potailloux","status":"publish","type":"post","link":"https:\/\/www.kananas.com\/meusevergerstraditions\/2023\/06\/25\/sotres-potailloux\/","title":{"rendered":"March\u00e9 Paysan SOTRES et Potailloux"},"content":{"rendered":"<p>Views: 6<\/p><p><span style=\"font-size: 12pt\"><strong>Un cadre bucolique :<\/strong><\/span><br \/>\nC\u2019est sur le lieu-dit : \u2018la Prairie du Moulin\u2019, de ce qui fut probablement aux temps jadis une combe, entre Chaillon et Heudicourt, que s&rsquo;est tenue ce samedi 24 juin l&rsquo;\u00e9dition 2023 du march\u00e9 paysan, organis\u00e9 par l\u2019association Sotr\u00e9s et Potailloux.<\/p>\n<p style=\"text-align: center\"><img loading=\"lazy\" decoding=\"async\" class=\" wp-image-173 aligncenter\" src=\"http:\/\/www.kananas.com\/meusevergerstraditions\/wp-content\/uploads\/sites\/2085\/2023\/07\/2023-06-24_Sotres-Potailloux_16-300x169.jpg\" alt=\"\" width=\"426\" height=\"240\" srcset=\"https:\/\/www.kananas.com\/meusevergerstraditions\/wp-content\/uploads\/sites\/2085\/2023\/07\/2023-06-24_Sotres-Potailloux_16-300x169.jpg 300w, https:\/\/www.kananas.com\/meusevergerstraditions\/wp-content\/uploads\/sites\/2085\/2023\/07\/2023-06-24_Sotres-Potailloux_16-1024x577.jpg 1024w, https:\/\/www.kananas.com\/meusevergerstraditions\/wp-content\/uploads\/sites\/2085\/2023\/07\/2023-06-24_Sotres-Potailloux_16-768x432.jpg 768w, https:\/\/www.kananas.com\/meusevergerstraditions\/wp-content\/uploads\/sites\/2085\/2023\/07\/2023-06-24_Sotres-Potailloux_16-1536x865.jpg 1536w, https:\/\/www.kananas.com\/meusevergerstraditions\/wp-content\/uploads\/sites\/2085\/2023\/07\/2023-06-24_Sotres-Potailloux_16-2048x1153.jpg 2048w, https:\/\/www.kananas.com\/meusevergerstraditions\/wp-content\/uploads\/sites\/2085\/2023\/07\/2023-06-24_Sotres-Potailloux_16-1200x676.jpg 1200w\" sizes=\"auto, (max-width: 426px) 100vw, 426px\" \/><span style=\"font-size: 10pt\">March\u00e9 paysan Sotr\u00e9s et Potailloux (vue du parking visiteur)<\/span><\/p>\n<p>\u00a0En cette journ\u00e9e de fin juin, ce rendez-vous annuel, devenu maintenant quasi incontournable pour les plus fervents porteurs des valeurs de la ruralit\u00e9, de ce coin des cotes de Meuse, fut le lieu de d\u00e9ambulation d\u2019environ 1400 visiteurs au travers des stands d\u2019environ de 50 exposants locaux. Lieu de rencontres, c\u2019est donc au beau milieu d\u2019une vingtaine de producteurs paysans et d\u2019autant d\u2019artisans d\u2019art, dans ce cadre bucolique, d\u2019une ambiance champ\u00eatre, qu\u2019une bonne dizaine d\u2019associations toutes regroup\u00e9es sous le m\u00eame chapiteau, avaient r\u00e9pondu \u00e0 l\u2019invitation des organisateurs. Parmi celles-ci\u00a0: l\u2019association Meuse Vergers Traditions.<\/p>\n<p><strong><span style=\"font-size: 12pt\">Un objectif : La promotion de notre association :<\/span><br \/>\n<\/strong>En plein c\u0153ur des C\u00f4tes de Meuse, le long de la route de la Mirabelle, l\u2019objectif principal pour notre toute jeune Association ayant 4 mois d\u2019existence, pouvait se r\u00e9sumer ainsi\u00a0: engager une seconde op\u00e9ration de promotion, se faire connaitre aupr\u00e8s du public local, informer, r\u00e9pondre aux questions.<\/p>\n<p>En effet, en Avril 2023, tout juste cr\u00e9\u00e9e, notre association avait \u00e9t\u00e9 invit\u00e9e par un de ses membres\u00a0: la Dunoise et Florian son co-g\u00e9rant, \u00e0 participer au march\u00e9 paysan organis\u00e9 par sa soci\u00e9t\u00e9, en son fief de Dun-sur-Meuse. Ce premier gallot d\u2019essai et d\u2019une premi\u00e8re op\u00e9ration de promotion avait permis de mettre en \u00e9vidence les attentes de nos prospects, les supports de communication \u00e0 mettre en place, les contrev\u00e9rit\u00e9s \u00e0 d\u00e9mentir, comme celle portant sur le Droit \u00e0 distiller, mais aussi et \u00e9galement de rappeler les avanc\u00e9es obtenues par la FNSRPE, f\u00e9d\u00e9ration nationale \u00e0 laquelle nous sommes rattach\u00e9s et portant notamment sur la r\u00e9duction de 50% des droits sur les alcools pour les 1000 premiers degr\u00e9s.<\/p>\n<p><img loading=\"lazy\" decoding=\"async\" class=\" wp-image-179 alignleft\" src=\"http:\/\/www.kananas.com\/meusevergerstraditions\/wp-content\/uploads\/sites\/2085\/2022\/06\/5_Flyers-Blanc-268x300.jpg\" alt=\"\" width=\"214\" height=\"239\" srcset=\"https:\/\/www.kananas.com\/meusevergerstraditions\/wp-content\/uploads\/sites\/2085\/2022\/06\/5_Flyers-Blanc-268x300.jpg 268w, https:\/\/www.kananas.com\/meusevergerstraditions\/wp-content\/uploads\/sites\/2085\/2022\/06\/5_Flyers-Blanc-914x1024.jpg 914w, https:\/\/www.kananas.com\/meusevergerstraditions\/wp-content\/uploads\/sites\/2085\/2022\/06\/5_Flyers-Blanc-768x860.jpg 768w, https:\/\/www.kananas.com\/meusevergerstraditions\/wp-content\/uploads\/sites\/2085\/2022\/06\/5_Flyers-Blanc-1371x1536.jpg 1371w, https:\/\/www.kananas.com\/meusevergerstraditions\/wp-content\/uploads\/sites\/2085\/2022\/06\/5_Flyers-Blanc-1200x1344.jpg 1200w, https:\/\/www.kananas.com\/meusevergerstraditions\/wp-content\/uploads\/sites\/2085\/2022\/06\/5_Flyers-Blanc.jpg 1806w\" sizes=\"auto, (max-width: 214px) 100vw, 214px\" \/>C\u2019est un peu sur les bases de ce constat, de ce manque de support de communication et de promotion, des entit\u00e9s rattach\u00e9es \u00e0 la f\u00e9d\u00e9ration nationale, sous l\u2019impulsion et participation de Jean Charles Ch\u00e9ritat, pr\u00e9sident de la FNSRPE que fut cr\u00e9\u00e9 un groupe de travail : le groupe Flyer. Objectif : Sous une m\u00eame charte graphique symbolisant un ralliement \u00e0 des valeurs communes et vision partag\u00e9e, d\u00e9cliner au profit des entit\u00e9s adh\u00e9rentes \u00e0 la f\u00e9d\u00e9ration nationale un support de communication. Parmi ces bases : v\u00e9hiculer un message f\u00e9d\u00e9rateur, d\u2019appartenance \u00e0 un m\u00eame r\u00e9f\u00e9rentiel de valeurs, rappeler certains fondamentaux dont la FNSRPE en est le porteur. Pr\u00e9sent\u00e9 au Congr\u00e8s national des Bouilleurs de cru de Vibraye (le Mans), ce projet se transforma rapidement en un pilote ou en une r\u00e9alit\u00e9 physique par la cr\u00e9ation d\u2019une dizaine de mod\u00e8les diff\u00e9rents de flyers pr\u00eats \u00e0 \u00eatre mis sous presse.<\/p>\n<p><span style=\"font-size: 12pt\"><strong>Un objectif : La promotion de notre association :<\/strong><\/span><br \/>\nEn ce qui nous concerne, c\u2019est ainsi que dans un temps assez record fut imprim\u00e9 : 5 \u2018versions de flyers\u2019 de promotion\u00a0de nos membres : 2 au profit de syndicaux de distillation locaux (Fr\u00e9mer\u00e9ville et Hattonch\u00e2tel), deux autres \u00e0 l\u2019attention de deux de nos membres professionnels (La Dunoise et la Maison Garnier), auquel s\u2019est ajout\u00e9 \u00e0 la liste celui de pr\u00e9sentation proprement dite de l\u2019association Meuse Vergers Traditions.<\/p>\n<p>Sur notre stand,\u00a0au total 350 flyers de pr\u00e9sentation de 5 entit\u00e9s de notre Structure d\u00e9partementale Meuse \u00e9tait donc \u00e0 disposition et distribu\u00e9s aux visiteurs selon leurs centres d\u2019int\u00e9r\u00eat, mais aussi de leur situation g\u00e9ographie. Parmi les commentaires\u00a0: Ah, on les connait (en parlant des syndicats mais aussi des professionnels de la distillation), mais on ne savait pas qu\u2019ils faisaient aussi cela (leur activit\u00e9 de distillation ou l\u2019histoire de leur soci\u00e9t\u00e9).<\/p>\n<p>En termes de communication\u00a0: A ces flyers virent se rajouter\u00a0: le bandeau de promotion de notre association (3 m x 1m &#8211; voir photo), deux calicots (b\u00e2ches de 1 m2 servant \u00e0 la communication).<\/p>\n<p><img loading=\"lazy\" decoding=\"async\" class=\" wp-image-176 alignright\" src=\"http:\/\/www.kananas.com\/meusevergerstraditions\/wp-content\/uploads\/sites\/2085\/2022\/06\/MVT_Calicot-2-288x300.jpg\" alt=\"\" width=\"217\" height=\"226\" srcset=\"https:\/\/www.kananas.com\/meusevergerstraditions\/wp-content\/uploads\/sites\/2085\/2022\/06\/MVT_Calicot-2-288x300.jpg 288w, https:\/\/www.kananas.com\/meusevergerstraditions\/wp-content\/uploads\/sites\/2085\/2022\/06\/MVT_Calicot-2-983x1024.jpg 983w, https:\/\/www.kananas.com\/meusevergerstraditions\/wp-content\/uploads\/sites\/2085\/2022\/06\/MVT_Calicot-2-768x800.jpg 768w, https:\/\/www.kananas.com\/meusevergerstraditions\/wp-content\/uploads\/sites\/2085\/2022\/06\/MVT_Calicot-2-1475x1536.jpg 1475w, https:\/\/www.kananas.com\/meusevergerstraditions\/wp-content\/uploads\/sites\/2085\/2022\/06\/MVT_Calicot-2-1966x2048.jpg 1966w, https:\/\/www.kananas.com\/meusevergerstraditions\/wp-content\/uploads\/sites\/2085\/2022\/06\/MVT_Calicot-2-1200x1250.jpg 1200w\" sizes=\"auto, (max-width: 217px) 100vw, 217px\" \/>Les deux calicots permirent de pr\u00e9senter l&rsquo;histoire toute r\u00e9cente de notre association, la diversit\u00e9 d&rsquo;origine de nos membres, de rappeler le &lsquo;Droit \u00e0 distiller&rsquo; de tout \u00e0 chacun \u00e0 partir des fruits r\u00e9colt\u00e9s sur un terrain que vous avez le droit de cultiver, ainsi que l&rsquo;importance des adh\u00e9sions en support aux actions de la f\u00e9d\u00e9ration nationale (FNSRPE) et des avanc\u00e9es majeures obtenues dont l\u2019allocation en franchise de 10 litres d\u2019alcool pur.<\/p>\n<p><img loading=\"lazy\" decoding=\"async\" class=\" wp-image-176 alignleft\" src=\"http:\/\/www.kananas.com\/meusevergerstraditions\/wp-content\/uploads\/sites\/2085\/2022\/06\/MVT_Calicot-2-288x300.jpg\" alt=\"\" width=\"216\" height=\"225\" srcset=\"https:\/\/www.kananas.com\/meusevergerstraditions\/wp-content\/uploads\/sites\/2085\/2022\/06\/MVT_Calicot-2-288x300.jpg 288w, https:\/\/www.kananas.com\/meusevergerstraditions\/wp-content\/uploads\/sites\/2085\/2022\/06\/MVT_Calicot-2-983x1024.jpg 983w, https:\/\/www.kananas.com\/meusevergerstraditions\/wp-content\/uploads\/sites\/2085\/2022\/06\/MVT_Calicot-2-768x800.jpg 768w, https:\/\/www.kananas.com\/meusevergerstraditions\/wp-content\/uploads\/sites\/2085\/2022\/06\/MVT_Calicot-2-1475x1536.jpg 1475w, https:\/\/www.kananas.com\/meusevergerstraditions\/wp-content\/uploads\/sites\/2085\/2022\/06\/MVT_Calicot-2-1966x2048.jpg 1966w, https:\/\/www.kananas.com\/meusevergerstraditions\/wp-content\/uploads\/sites\/2085\/2022\/06\/MVT_Calicot-2-1200x1250.jpg 1200w\" sizes=\"auto, (max-width: 216px) 100vw, 216px\" \/>Notre objectif pour cette deuxi\u00e8me participation \u00e0 un \u00e9v\u00e8nement regroupant du public \u00e9tait d\u2019am\u00e9liorer notre capacit\u00e9 \u00e0 communiquer notamment avec les supports les plus ad\u00e9quates. Nous pensons que cet objectif a \u00e9t\u00e9 atteint au regard des commentaires de certains de nos visiteurs\u00a0comme : <em>\u2018s\u2019il y avait un concours de la meilleure communication\u00a0: je voterai pour vous\u2019<\/em>, a-t-on entendu, ou\u00a0: <em>\u2018Quand on arrive sur le march\u00e9 paysan\u00a0: votre bandeau est le plus visible de tous\u2019 <\/em>ou encore\u00a0:<em> \u2018on comprend bien qui vous \u00eates, pourquoi vous le faites, et on vous encourage \u00e0 promouvoir et contribuer \u00e0 la valorisation des vergers et des traditions (m\u00eame si nous m\u00eame n\u2019en poss\u00e9dons pas)\u00a0!\u2018 <\/em><\/p>\n<p><img loading=\"lazy\" decoding=\"async\" class=\" wp-image-105 alignright\" src=\"http:\/\/www.kananas.com\/meusevergerstraditions\/wp-content\/uploads\/sites\/2085\/2022\/11\/2023-06-24_Sotres-Potailloux_2.1-300x169.jpg\" alt=\"\" width=\"263\" height=\"148\" srcset=\"https:\/\/www.kananas.com\/meusevergerstraditions\/wp-content\/uploads\/sites\/2085\/2022\/11\/2023-06-24_Sotres-Potailloux_2.1-300x169.jpg 300w, https:\/\/www.kananas.com\/meusevergerstraditions\/wp-content\/uploads\/sites\/2085\/2022\/11\/2023-06-24_Sotres-Potailloux_2.1-1024x576.jpg 1024w, https:\/\/www.kananas.com\/meusevergerstraditions\/wp-content\/uploads\/sites\/2085\/2022\/11\/2023-06-24_Sotres-Potailloux_2.1-768x432.jpg 768w, https:\/\/www.kananas.com\/meusevergerstraditions\/wp-content\/uploads\/sites\/2085\/2022\/11\/2023-06-24_Sotres-Potailloux_2.1-1536x864.jpg 1536w, https:\/\/www.kananas.com\/meusevergerstraditions\/wp-content\/uploads\/sites\/2085\/2022\/11\/2023-06-24_Sotres-Potailloux_2.1-2048x1152.jpg 2048w, https:\/\/www.kananas.com\/meusevergerstraditions\/wp-content\/uploads\/sites\/2085\/2022\/11\/2023-06-24_Sotres-Potailloux_2.1-1200x675.jpg 1200w\" sizes=\"auto, (max-width: 263px) 100vw, 263px\" \/><span style=\"font-size: 12pt\"><strong>Mise en place du stand:<\/strong><\/span><br \/>\nArriv\u00e9s sur place vers 8h30, en moins d&rsquo;une heure avec le concours de Laura (Secr\u00e9taire de l&rsquo;Association), le stand \u00e9tait pr\u00eat \u00e0 recevoir nos premiers visiteurs. Tel un \u00e9tendard signe de ralliement, notre bandeau (3 m\u00e8tres de long sur 1m\u00e8tre de large) fut rapidement mis en place. \u00a0Les deux autres supports de communication cr\u00e9\u00e9s pour l&rsquo;occasion (calicots et les flyers) furent ainsi pr\u00eats \u00e0 servir de support \u00e0 la pr\u00e9sentation et \u00e0 la promotion de l\u2019association.<\/p>\n<p>&nbsp;<\/p>\n<p style=\"text-align: left\"><span style=\"font-size: 8pt\"><span style=\"font-size: 10pt\"> <img loading=\"lazy\" decoding=\"async\" class=\" wp-image-180 alignleft\" src=\"http:\/\/www.kananas.com\/meusevergerstraditions\/wp-content\/uploads\/sites\/2085\/2023\/07\/2023-06-24_Sotres-Potailloux_4.1-300x217.jpg\" alt=\"\" width=\"234\" height=\"170\" srcset=\"https:\/\/www.kananas.com\/meusevergerstraditions\/wp-content\/uploads\/sites\/2085\/2023\/07\/2023-06-24_Sotres-Potailloux_4.1-300x217.jpg 300w, https:\/\/www.kananas.com\/meusevergerstraditions\/wp-content\/uploads\/sites\/2085\/2023\/07\/2023-06-24_Sotres-Potailloux_4.1-1024x740.jpg 1024w, https:\/\/www.kananas.com\/meusevergerstraditions\/wp-content\/uploads\/sites\/2085\/2023\/07\/2023-06-24_Sotres-Potailloux_4.1-768x555.jpg 768w, https:\/\/www.kananas.com\/meusevergerstraditions\/wp-content\/uploads\/sites\/2085\/2023\/07\/2023-06-24_Sotres-Potailloux_4.1-1536x1110.jpg 1536w, https:\/\/www.kananas.com\/meusevergerstraditions\/wp-content\/uploads\/sites\/2085\/2023\/07\/2023-06-24_Sotres-Potailloux_4.1-2048x1479.jpg 2048w, https:\/\/www.kananas.com\/meusevergerstraditions\/wp-content\/uploads\/sites\/2085\/2023\/07\/2023-06-24_Sotres-Potailloux_4.1-1200x867.jpg 1200w\" sizes=\"auto, (max-width: 234px) 100vw, 234px\" \/><span style=\"font-size: 12pt\"><strong>Prise de relai \u00e0 la tenue du stand :<\/strong><\/span><\/span><br \/>\n<\/span><span style=\"font-size: 8pt\"><span style=\"font-size: 10pt\">En fin de matin\u00e9e, les visiteurs se font plus nombreux, la rel\u00e8ve constitu\u00e9e de membres de l&rsquo;association arrive avec notamment : Philippe, Thierry et leurs \u00e9pouses ainsi que Gilbert, le doyen (90 ans) venus pr\u00eater main forte \u00e0 la tenue du stand. Marcel, ayant eu vent de la cr\u00e9ation de l\u2019Association vient se renseigner. L\u2019id\u00e9e de faire partie de Meuse Vergers Traditions le s\u00e9duit.<\/span><\/span><strong><span style=\"font-size: 8pt\"><br \/>\n<\/span><\/strong><\/p>\n<p style=\"text-align: left\">Durant cette journ\u00e9e, se sont succed\u00e9s plus d\u2019une quarantaine de visiteurs \u00e0 qui une pr\u00e9sentation de l\u2019association leur a \u00e9t\u00e9 faite. Parmi les centres d\u2019int\u00e9r\u00eat, celui de comprendre en quoi \u2018Meuse Vergers Traditions\u2019 pouvait r\u00e9pondre \u00e0 leur besoin, de bien comprendre la diff\u00e9rence entre le \u2018Droit \u00e0 distiller\u2019 et le paiement des Droits (les taxes sur l\u2019alcool ou accises), de prendre conscience, pour les bouilleurs de cru, qu\u2019une organisation la FNSRPE agissait pour la d\u00e9fense de leurs droits \u00e0 continuer \u00e0 distiller et sans qu\u2019ils en soient conscients, consid\u00e9rant la situation actuelle comme une \u00e9vidence ou un acquis grav\u00e9 dans le marbre !<\/p>\n<p style=\"text-align: left\"><img loading=\"lazy\" decoding=\"async\" class=\" wp-image-177 alignright\" src=\"http:\/\/www.kananas.com\/meusevergerstraditions\/wp-content\/uploads\/sites\/2085\/2022\/06\/2023-06-24_Sotres-Potailloux_11-300x169.jpg\" alt=\"\" width=\"275\" height=\"155\" srcset=\"https:\/\/www.kananas.com\/meusevergerstraditions\/wp-content\/uploads\/sites\/2085\/2022\/06\/2023-06-24_Sotres-Potailloux_11-300x169.jpg 300w, https:\/\/www.kananas.com\/meusevergerstraditions\/wp-content\/uploads\/sites\/2085\/2022\/06\/2023-06-24_Sotres-Potailloux_11-1024x576.jpg 1024w, https:\/\/www.kananas.com\/meusevergerstraditions\/wp-content\/uploads\/sites\/2085\/2022\/06\/2023-06-24_Sotres-Potailloux_11-768x432.jpg 768w, https:\/\/www.kananas.com\/meusevergerstraditions\/wp-content\/uploads\/sites\/2085\/2022\/06\/2023-06-24_Sotres-Potailloux_11-1536x864.jpg 1536w, https:\/\/www.kananas.com\/meusevergerstraditions\/wp-content\/uploads\/sites\/2085\/2022\/06\/2023-06-24_Sotres-Potailloux_11-2048x1152.jpg 2048w, https:\/\/www.kananas.com\/meusevergerstraditions\/wp-content\/uploads\/sites\/2085\/2022\/06\/2023-06-24_Sotres-Potailloux_11-1200x675.jpg 1200w\" sizes=\"auto, (max-width: 275px) 100vw, 275px\" \/><span style=\"font-size: 12pt\"><strong>De nouveaux adh\u00e9rents :<\/strong><\/span><br \/>\nGlobalement que ce soit en famille, ou en isol\u00e9 chaque rencontre a \u00e9t\u00e9 l\u2019occasion de partager sur des sujets li\u00e9s aux vergers, \u00e0 leur entretien, au changement climatique, aux bonnes pratique \u2026 voire d\u2019ouvrir des pistes de r\u00e9flexion sur une adh\u00e9sion \u00e0 venir. Certains se sont engag\u00e9s sur place, comme ce nouveau membre qui rejoint MVT et avec qui sont arriv\u00e9e au sein de notre association est f\u00eat\u00e9e (avec mod\u00e9ration) avec une bi\u00e8re locale.<\/p>\n<p><span style=\"font-size: 12pt\"><strong>Un objectif\u00a0: La promotion de notre association.<\/strong><\/span><br \/>\nTout changement est par nature perturbant, mais quand celui-ci va dans le sens d\u2019une simplification il est d\u2019autant mieux accept\u00e9. Mais que penser de la situation suivante\u00a0:<\/p>\n<ul>\n<li>Une pr\u00e9-information \u00e9manant des Douanes locales lors du Congr\u00e8s national des bouilleur de cru et bouilleurs professionnels (Vibraye) d\u2019un projet d\u2019\u00e9volution du recouvrement des droits d\u2019accises faisant maintenant peser une charge et responsabilit\u00e9 de collecteurs d\u2019imp\u00f4ts aupr\u00e8s des particuliers, changement clairement stipul\u00e9 ne s\u2019appliquant pas aux bouilleurs de cru (Note du 11 mai 2023 Dir. Douanes Montreuil)<\/li>\n<\/ul>\n<ul>\n<li>Un email re\u00e7u par les pr\u00e9sidents des syndicats et d\u2019associations de bouilleurs de cru de la Meuse, et de la Moselle, disant un peu le contraire, avec une forme d\u2019injonction \u00e9manant des douanes locales leur signifiant une obligation de se conformer \u00e0 la r\u00e9glementation applicable aux professionnels de la distillation et ce pour le 01\/01\/2024, faute de quoi, le retrait de l\u2019agr\u00e9ment sera la sanction avec comme cons\u00e9quence : ne plus permettre \u00e0 ceux-ci de fonctionner comme lors des pr\u00e9c\u00e9dentes campagnes de distillations.<\/li>\n<\/ul>\n<ul>\n<li>En r\u00e9ponse \u00e0 courrier envoy\u00e9 par le pr\u00e9sident de l\u2019Association MVT (Meuse Vergers Traditions), une r\u00e9ponse du Directeur des Douanes locales, qui se veut rassurante, rappelant qu\u2019il ne s\u2019agit que de courriers \u00e0 caract\u00e8re d\u2019information pr\u00e9alable, et mettant en avant l\u2019invitation faite dans ladite note du 11 mai, par la Direction des Douanes de Montreuil de convenir d\u2019un temps d\u2019\u00e9change sur le sujet dans les prochaines semaines \u00e0 des fins d\u2019explication et de clarification.<\/li>\n<\/ul>\n<ul>\n<li>Une non r\u00e9ponse de la part de la Direction des Douanes de Montreuil, aux multiples sollicitations du Pr\u00e9sident National de la FNSRPE, notamment, en vue de fixer une date de r\u00e9union.<\/li>\n<\/ul>\n<ul>\n<li>Une p\u00e9riode de cong\u00e9s Juillet-Aout qui s\u2019entame avec une France qui va passer en mode \u2018r\u00e9gime d\u2019activit\u00e9s au ralenti\u2019 et une date buttoir du 01\/01\/2024 qui in\u00e9luctablement se rapproche \u00e0 grands pas<\/li>\n<\/ul>\n<p>Tous les ingr\u00e9dients sont l\u00e0 pour mettre les bouilleurs en \u00e9bullition, et c\u2019est de tout cela dont il a \u00e9t\u00e9 questions lors des multiples \u00e9changes avec \u00e0 la fois Pr\u00e9sidents de syndicats et d\u2019associations inquiets, maires des communes concern\u00e9es et professionnels de la distillation, venus \u00e9changer sur le sujet.<\/p>\n<p><span style=\"font-size: 12pt\"><strong>Nos remerciements\u00a0:<\/strong><\/span><br \/>\nPour notre jeune association, la tenue pour la deuxi\u00e8me fois d\u2019un stand, lors d\u2019un tel \u00e9v\u00e9nement regroupant du public et avec les objectifs en termes de communication tels que d\u00e9finis n\u00e9cessitait tout \u00e0 la fois : un travail de pr\u00e9paration en amont mais une certaine forme d\u2019alchimie le jour J, ne r\u00e9pondant pas uniquement \u00e0 l\u2019effet du hasard. \u00a0Des remerciements sont donc \u00e0 adresser :<\/p>\n<ul>\n<li>Aux visiteurs qui ont pris le temps de s\u2019int\u00e9resser et d\u2019\u00e9changer sur les valeurs dont notre association est porteur aux cot\u00e9s de la FNSRPE\u00a0: <em>\u2018 pour la transmission du savoir-faire ancestral des bouilleurs de cru, la sauvegarde du patrimoine arboricole et la pr\u00e9servation de la biodiversit\u00e9\u2019<\/em>.<\/li>\n<li>Aux futurs adh\u00e9rents et \u00e0 ceux qui le sont devenus lors de cette journ\u00e9e ayant trouv\u00e9 au travers de notre association un cadre support \u00e0 leurs besoins personnels.<\/li>\n<li>Aux Pr\u00e9sidents de Syndicats et professionnels avec qui les \u00e9changes sur le sujet de l\u2019\u00e9volution du recouvrement des droits indirects ont \u00e9t\u00e9 nourris.<\/li>\n<li>A l\u2019\u00e9quipe de Meuse Vergers Traditions, et notamment \u00e0 notre secr\u00e9taire Laura, pour son implication dans ce projet, ainsi qu\u2019\u00e0 tous nos membres qui sont venus \u00e0 leur tour promouvoir notre jeune association.<\/li>\n<li>A l\u2019association Sotr\u00e9s et Potailloux de Chaillon, organisatrice de ce march\u00e9 paysan, pour l\u2019invitation qui nous a \u00e9t\u00e9 faite.<\/li>\n<li>A Monsieur Robert Andr\u00e9 LOUIS, pr\u00e9sident du Comit\u00e9 Lorrain d\u2019h\u00e9raldique pour l\u2019\u00e9laboration des armoiries de notre association, et pour le travail en cours sur <em>l\u2019armorial des \u00e9cussons des groupes locaux de l\u2019Association Meuse Vergers Traditions<\/em> et tout logo, blasons venant orner nos supports de communication.<\/li>\n<li>A la soci\u00e9t\u00e9 CCB Cr\u00e9ation pour leur diligence et qualit\u00e9 des supports de communication produits en un temps record (Flyers, banderole, calicots)<\/li>\n<li>A la F\u00e9d\u00e9ration Nationale (FNSRPE) et \u00e0 son pr\u00e9sident JC Ch\u00e9ritat pour le support de la f\u00e9d\u00e9ration.<\/li>\n<\/ul>\n<p><span style=\"font-size: 12pt\"><strong>Conclusion:<\/strong><\/span><br \/>\nUne journ\u00e9e bien remplie (de 8:30 \u00e0 20h00) avec de multiples rencontres et \u00e9changes tr\u00e8s int\u00e9ressants, et un objectif en terme de communication et capacit\u00e9 \u00e0 se faire connaitre semble t\u2019il atteint. En pr\u00e9paration : participation aux Journ\u00e9es du Patrimoine, encore tout un programme !<\/p>\n<p>Patrick Martinet, Pr\u00e9sident Association Meuse Vergers Traditions<\/p>\n","protected":false},"excerpt":{"rendered":"<p>Views: 6Un cadre bucolique : C\u2019est sur le lieu-dit : \u2018la Prairie du Moulin\u2019, de ce qui fut probablement aux temps jadis une combe, entre Chaillon et Heudicourt, que s&rsquo;est tenue ce samedi 24 juin l&rsquo;\u00e9dition 2023 du march\u00e9 paysan, organis\u00e9 par l\u2019association Sotr\u00e9s et Potailloux. March\u00e9 paysan Sotr\u00e9s et Potailloux (vue du parking visiteur) [&hellip;]<\/p>\n","protected":false},"author":2171,"featured_media":0,"comment_status":"open","ping_status":"open","sticky":false,"template":"","format":"standard","meta":{"_crdt_document":"","footnotes":""},"categories":[9],"tags":[],"class_list":["post-1","post","type-post","status-publish","format-standard","hentry","category-evenements"],"_links":{"self":[{"href":"https:\/\/www.kananas.com\/meusevergerstraditions\/wp-json\/wp\/v2\/posts\/1","targetHints":{"allow":["GET"]}}],"collection":[{"href":"https:\/\/www.kananas.com\/meusevergerstraditions\/wp-json\/wp\/v2\/posts"}],"about":[{"href":"https:\/\/www.kananas.com\/meusevergerstraditions\/wp-json\/wp\/v2\/types\/post"}],"author":[{"embeddable":true,"href":"https:\/\/www.kananas.com\/meusevergerstraditions\/wp-json\/wp\/v2\/users\/2171"}],"replies":[{"embeddable":true,"href":"https:\/\/www.kananas.com\/meusevergerstraditions\/wp-json\/wp\/v2\/comments?post=1"}],"version-history":[{"count":18,"href":"https:\/\/www.kananas.com\/meusevergerstraditions\/wp-json\/wp\/v2\/posts\/1\/revisions"}],"predecessor-version":[{"id":189,"href":"https:\/\/www.kananas.com\/meusevergerstraditions\/wp-json\/wp\/v2\/posts\/1\/revisions\/189"}],"wp:attachment":[{"href":"https:\/\/www.kananas.com\/meusevergerstraditions\/wp-json\/wp\/v2\/media?parent=1"}],"wp:term":[{"taxonomy":"category","embeddable":true,"href":"https:\/\/www.kananas.com\/meusevergerstraditions\/wp-json\/wp\/v2\/categories?post=1"},{"taxonomy":"post_tag","embeddable":true,"href":"https:\/\/www.kananas.com\/meusevergerstraditions\/wp-json\/wp\/v2\/tags?post=1"}],"curies":[{"name":"wp","href":"https:\/\/api.w.org\/{rel}","templated":true}]}}