{"id":1022,"date":"2024-07-08T09:43:58","date_gmt":"2024-07-08T07:43:58","guid":{"rendered":"https:\/\/www.kananas.com\/meusevergerstraditions\/?p=1022"},"modified":"2024-09-09T18:21:19","modified_gmt":"2024-09-09T16:21:19","slug":"les-rendez-vous-bout-de-parcelle-2024-avec-fredon-grand-est","status":"publish","type":"post","link":"https:\/\/www.kananas.com\/meusevergerstraditions\/2024\/07\/08\/les-rendez-vous-bout-de-parcelle-2024-avec-fredon-grand-est\/","title":{"rendered":"Les Rendez-vous Bout de Parcelle 2024 avec FREDON Grand Est"},"content":{"rendered":"<p>Views: 34<\/p><h4><strong><span style=\"color: #3366ff\">L&rsquo;\u00e9tat sanitaire de nos vergers !<\/span><\/strong><\/h4>\n<p style=\"text-align: justify\">Parmi les pr\u00e9occupations des membres de notre association et de bon nombre de propri\u00e9taires de vergers familiaux, il en est une qui revient syst\u00e9matiquement lors des \u00e9changes, il s&rsquo;agit de\u00a0 <strong>l&rsquo;\u00e9tat sanitaire de nos vergers. <\/strong>La question r\u00e9currente souvent pos\u00e9e est<strong> : comment aider les arbres de nos vergers \u00e0 faire face au changement climatique <\/strong>et \u00e0 toutes les cons\u00e9quences directes ou indirectes. Parmi celles-ci : les invasions, certaines ann\u00e9es mais de plus en plus fr\u00e9quentes, de pucerons d\u00e9vastateurs de nos r\u00e9coltes de fruits et pour ne citer que cet exemple<strong>. Quelles sont les m\u00e9thodes de lutte possibles \u00e0 la port\u00e9e des &lsquo;non-professionnels&rsquo; de l&rsquo;arboriculture que nous sommes <\/strong>et\u00a0 les plus en ad\u00e9quation avec le respect de la biodiversit\u00e9 ?<\/p>\n<h4><span style=\"color: #3366ff\"><strong>Les Rendez-vous Bout de Parcelle avec FREDON Grand Est<\/strong><\/span><\/h4>\n<p style=\"text-align: justify\">En collaboration et avec le support de <strong><a href=\"https:\/\/fredon.fr\/grand-est\/\" target=\"_blank\" rel=\"noopener\">FREDON Grand Est <\/a><sup>(1)<\/sup><\/strong>, l&rsquo;Association Meuse Vergers Traditions vous propose d&rsquo;assister <strong>aux Rendez-vous de Bout de Parcelle MVT 2024<\/strong>. Si d&rsquo;aucuns ont bien conscience qu&rsquo;aucune solution miracle n&rsquo;existe pour que, d&rsquo;un coup d&rsquo;un seul, le probl\u00e8me soit r\u00e9solu, se pencher sur le sujet, essayer de bien le comprendre et de bien poser le probl\u00e8me ainsi que d&rsquo;identifier les axes possibles d&rsquo;actions \u00e0 notre niveau serait d\u00e9j\u00e0 une premi\u00e8re \u00e9tape et ce en s&rsquo;appuyant sur l&rsquo;expertise et la comp\u00e9tence de professionnels du sujet.<\/p>\n<p style=\"text-align: justify\">C&rsquo;est ainsi qu&rsquo;une fois par mois, dans trois r\u00e9gions diff\u00e9rentes de Lorraine, FREDON Grand Est propose des rendez-vous techniques sur la th\u00e9matique de l\u2019arboriculture. Ces r\u00e9unions sont gratuites et ouvertes \u00e0 tous (professionnels, amateurs, techniciens, \u00e9tudiants, etc.). L\u2019objectif est de faire un point r\u00e9gulier sur l\u2019\u00e9tat sanitaire des vergers et des m\u00e9thodes de luttes possibles \u00e0 chaque moment cl\u00e9 de la saison. Ces rendez-vous sont aussi l\u2019occasion de pouvoir \u00e9changer avec et entre vous directement sur le terrain.<\/p>\n<p style=\"text-align: justify\">\u00c0 partir d\u2019observations de terrain (maladies, ravageurs et auxiliaires), de donn\u00e9es m\u00e9t\u00e9orologiques et de mod\u00e8les de pr\u00e9visions statistiques, le diagnostic permet d\u2019adapter vos m\u00e9thodes de d\u00e9fense, prioritairement la prophylaxie et la lutte int\u00e9gr\u00e9e.<\/p>\n<h4><strong><span style=\"color: #3366ff\">D\u00e9velopper des synergies au travers de notre r\u00e9seau associatif :<\/span><\/strong><\/h4>\n<p style=\"text-align: justify\"><strong>Ne pas \u00eatre isol\u00e9 face \u00e0 une probl\u00e9matique et ensemble comprendre et essayer de trouver des solutions, tout ceci fait partie des fondements de notre jeune association Meuse Vergers Traditions\u00a0 et de sa raison d\u2019\u00eatre.<\/strong><\/p>\n<p style=\"text-align: justify\">Alors si vous vous sentez concern\u00e9s par le sujet : rejoignez nous ! et venez assister aux rendez-vous Bout de Parcelle que FREDON Grand Est nous propose d&rsquo;animer sur le d\u00e9partement de la Meuse. Pour 2024, les deux rendez-vous\u00a0 (Juillet et Aout) se d\u00e9rouleront &lsquo;sous-les C\u00f4tes de Meuse&rsquo;. En concertation avec FREDON Grand Est et pour 2025 seront \u00e9tudi\u00e9es les possibilit\u00e9s sur d&rsquo;autres vergers en Meuse.<\/p>\n<p style=\"text-align: justify\">Parmi les actions de FREDON Grand Est figurent ces Rendez-vous Bout de Parcelle d&rsquo;une dur\u00e9e de 1h \u00e0 1h30 (gratuites et ouvertes \u00e0 tout public), mais \u00e9galement des animations sur 2h, \u00bd journ\u00e9e ou 1 journ\u00e9e, ainsi que des formations (dur\u00e9e 7 heures) avec possibilit\u00e9s de prise en charge partielle des co\u00fbts par la R\u00e9gion Grand Est. Au del\u00e0 de ces Rendez-vous Bout de Parcelle, c&rsquo;est donc tout un programme de collaboration qui se met progressivement en place avec FREDON Grand Est sur la &lsquo;sant\u00e9 du v\u00e9g\u00e9tal&rsquo; et donc au profit de nos vergers familiaux.<\/p>\n<h4><strong><span style=\"color: #3366ff\">Les Rendez-vous Bout de Parcelle MVT 2024 :<\/span><\/strong><\/h4>\n<h6><span style=\"color: #000000\"><span style=\"text-decoration: underline\"><strong>Les dates 2024<\/strong><\/span> (en Meuse):<\/span><\/h6>\n<ul>\n<li><span style=\"color: #ff6600\"><strong>Vendredi 26 juillet<\/strong> <\/span>2024 <span style=\"color: #ff6600\"><span style=\"color: #000000\">\u00e0<\/span><\/span><strong><span style=\"color: #ff6600\"> 09h30<\/span><\/strong><\/li>\n<li><strong><span style=\"color: #ff6600\">Mercredi 28 Aout<\/span><\/strong> 2024 \u00e0<strong><span style=\"color: #ff6600\"> 09h30<\/span><\/strong><\/li>\n<li><span style=\"color: #ff6600\"><strong>Vendredi 27 Septembre <\/strong><\/span>2024 \u00e0<span style=\"color: #ff6600\"><strong> 09h30\u00a0<span style=\"color: #008000\"> (Nouvelle date !)<\/span><br \/>\n<\/strong><\/span><\/li>\n<\/ul>\n<h6><span style=\"color: #000000\"><b><span style=\"text-decoration: underline\">Lieu de Rendez-Vous<\/span> : <\/b><\/span><\/h6>\n<ul>\n<li>Saint-Maurice-sous-les-c\u00f4tes (55210)<\/li>\n<li>Les Vergers de la Hochotte &#8211; Chemin de Thillot (entre St Maurice et Thillot)<\/li>\n<li>Coordonn\u00e9es GPS : Latitude : 49\u00b0 1\u2019 14.46\u2018\u2019N\u00a0\u00a0\u00a0 &amp;\u00a0 Longitude: 5\u00b0 40\u2019 28.49\u2019\u2019E<\/li>\n<li>Parking possible sur le chemin de Thillot<\/li>\n<\/ul>\n<h6><span style=\"color: #3366ff\"><b><span style=\"color: #000000\"><span style=\"text-decoration: underline\">Inscription<\/span> :<\/span> <\/b><\/span><\/h6>\n<p>Pour des raisons d&rsquo;organisation l&rsquo;Inscription est recommand\u00e9e :<\/p>\n<ul>\n<li><b>Via\u00a0 le formulaire :\u00a0 <\/b><b>\u2018<\/b><a href=\"https:\/\/forms.office.com\/Pages\/ResponsePage.aspx?id=DQSIkWdsW0yxEjajBLZtrQAAAAAAAAAAAAMAAP-FKFFUM0dJMzBSR09GWkUxNU9YNTUzSzdZNUdRSi4u&amp;rd3219a6a4c8c440782e3834944422250=%22Oui%C2%A0%20(%20je%20participerai)%22\" target=\"_blank\" rel=\"noopener\"><b>cliquez<\/b> <b>ici<\/b><b>\u2019<\/b><\/a><b>\u00a0 pour y acc\u00e9der.<\/b><\/li>\n<li><b>En vous enregistrant directement sur le Planning d\u2019activit\u00e9s de l\u2019association,\u00a0\u00a0\u00a0 <\/b>(accessible uniquement aux\u00a0 membres de l\u2019association au travers de l\u2019espace personnel)<\/li>\n<li><b>\u00a0A d\u00e9faut par e-mail<\/b><b><span style=\"color: #0000ff\"> : <span style=\"color: #3366ff\">patrick.martinet@meusevergerstraditions.org<\/span><\/span><\/b><\/li>\n<li>sur le site FREDON Grand Est : <a href=\"https:\/\/fredon.fr\/grand-est\/actualites\/nouvelles-dates-pour-de-reunions-bout-de-parcelles-en-lorraine\" target=\"_blank\" rel=\"noopener\"><strong>&lsquo;Cliquez-ici&rsquo;<\/strong><\/a><\/li>\n<\/ul>\n<h6><b><span style=\"text-decoration: underline\">Casse-croute tir\u00e9 du sac<\/span> :<\/b><\/h6>\n<p><b> <\/b>A l\u2019issue de l\u2019animation possibilit\u00e9 de casse-croute tir\u00e9 du sac et \u00e0 l\u2019initiative de chaque participant.<\/p>\n<h6><span style=\"text-decoration: underline\"><strong>Rappel des liens :<\/strong><\/span><\/h6>\n<ul>\n<li>Pour t\u00e9l\u00e9charger le Flyer d&rsquo;information : <a href=\"http:\/\/www.kananas.com\/meusevergerstraditions\/wp-content\/uploads\/sites\/2085\/2024\/07\/2024-07-26_RDV_Bout_de_parcelle.pdf\" target=\"_blank\" rel=\"noopener\"><strong>&lsquo;cliquez ici&rsquo;<\/strong><\/a><\/li>\n<li>Pour vous inscrire : <a href=\"https:\/\/forms.office.com\/Pages\/ResponsePage.aspx?id=DQSIkWdsW0yxEjajBLZtrQAAAAAAAAAAAAMAAP-FKFFUM0dJMzBSR09GWkUxNU9YNTUzSzdZNUdRSi4u&amp;rd3219a6a4c8c440782e3834944422250=%22Oui%C2%A0%20(%20je%20participerai)%22\" target=\"_blank\" rel=\"noopener\"><strong>&lsquo;cliquez ici&rsquo;<\/strong><\/a><\/li>\n<\/ul>\n<p>Esp\u00e9rant vous compter parmi nous<\/p>\n<p><strong><em>Patrick MARTINET Pr\u00e9sident Association Meuse Vergers Traditions.<\/em><\/strong><\/p>\n<p><span style=\"font-size: 10pt\"><sup>(1)<\/sup> Pour plus d&rsquo;information sur FREDON Grand Est :\u00a0 <\/span><a href=\"https:\/\/fredon.fr\/grand-est\/\" target=\"_blank\" rel=\"noopener\"><span style=\"font-size: 10pt\"><strong>&lsquo;Cliquez ici&rsquo;<\/strong><\/span><\/a><\/p>\n<p>Plan d&rsquo;acc\u00e8s aux Vergers de la Hochotte :<\/p>\n<p><img loading=\"lazy\" decoding=\"async\" class=\"alignnone size-medium wp-image-1063\" src=\"http:\/\/www.kananas.com\/meusevergerstraditions\/wp-content\/uploads\/sites\/2085\/2024\/07\/La_Hochotte-300x224.jpg\" alt=\"\" width=\"300\" height=\"224\" srcset=\"https:\/\/www.kananas.com\/meusevergerstraditions\/wp-content\/uploads\/sites\/2085\/2024\/07\/La_Hochotte-300x224.jpg 300w, https:\/\/www.kananas.com\/meusevergerstraditions\/wp-content\/uploads\/sites\/2085\/2024\/07\/La_Hochotte-1024x766.jpg 1024w, https:\/\/www.kananas.com\/meusevergerstraditions\/wp-content\/uploads\/sites\/2085\/2024\/07\/La_Hochotte-768x574.jpg 768w, https:\/\/www.kananas.com\/meusevergerstraditions\/wp-content\/uploads\/sites\/2085\/2024\/07\/La_Hochotte-1536x1149.jpg 1536w, https:\/\/www.kananas.com\/meusevergerstraditions\/wp-content\/uploads\/sites\/2085\/2024\/07\/La_Hochotte-2048x1532.jpg 2048w, https:\/\/www.kananas.com\/meusevergerstraditions\/wp-content\/uploads\/sites\/2085\/2024\/07\/La_Hochotte-1200x897.jpg 1200w\" sizes=\"auto, (max-width: 300px) 100vw, 300px\" \/><\/p>\n","protected":false},"excerpt":{"rendered":"<p>Views: 34L&rsquo;\u00e9tat sanitaire de nos vergers ! Parmi les pr\u00e9occupations des membres de notre association et de bon nombre de propri\u00e9taires de vergers familiaux, il en est une qui revient syst\u00e9matiquement lors des \u00e9changes, il s&rsquo;agit de\u00a0 l&rsquo;\u00e9tat sanitaire de nos vergers. La question r\u00e9currente souvent pos\u00e9e est : comment aider les arbres de nos [&hellip;]<\/p>\n","protected":false},"author":2171,"featured_media":0,"comment_status":"open","ping_status":"open","sticky":false,"template":"","format":"standard","meta":{"_crdt_document":"","footnotes":""},"categories":[9,11],"tags":[],"class_list":["post-1022","post","type-post","status-publish","format-standard","hentry","category-evenements","category-formation"],"_links":{"self":[{"href":"https:\/\/www.kananas.com\/meusevergerstraditions\/wp-json\/wp\/v2\/posts\/1022","targetHints":{"allow":["GET"]}}],"collection":[{"href":"https:\/\/www.kananas.com\/meusevergerstraditions\/wp-json\/wp\/v2\/posts"}],"about":[{"href":"https:\/\/www.kananas.com\/meusevergerstraditions\/wp-json\/wp\/v2\/types\/post"}],"author":[{"embeddable":true,"href":"https:\/\/www.kananas.com\/meusevergerstraditions\/wp-json\/wp\/v2\/users\/2171"}],"replies":[{"embeddable":true,"href":"https:\/\/www.kananas.com\/meusevergerstraditions\/wp-json\/wp\/v2\/comments?post=1022"}],"version-history":[{"count":41,"href":"https:\/\/www.kananas.com\/meusevergerstraditions\/wp-json\/wp\/v2\/posts\/1022\/revisions"}],"predecessor-version":[{"id":1154,"href":"https:\/\/www.kananas.com\/meusevergerstraditions\/wp-json\/wp\/v2\/posts\/1022\/revisions\/1154"}],"wp:attachment":[{"href":"https:\/\/www.kananas.com\/meusevergerstraditions\/wp-json\/wp\/v2\/media?parent=1022"}],"wp:term":[{"taxonomy":"category","embeddable":true,"href":"https:\/\/www.kananas.com\/meusevergerstraditions\/wp-json\/wp\/v2\/categories?post=1022"},{"taxonomy":"post_tag","embeddable":true,"href":"https:\/\/www.kananas.com\/meusevergerstraditions\/wp-json\/wp\/v2\/tags?post=1022"}],"curies":[{"name":"wp","href":"https:\/\/api.w.org\/{rel}","templated":true}]}}